{"id":1256889,"date":"2023-09-08T20:36:46","date_gmt":"2023-09-09T02:36:46","guid":{"rendered":"https:\/\/www.acapulcopress.com\/?p=1256889"},"modified":"2023-09-08T20:36:46","modified_gmt":"2023-09-09T02:36:46","slug":"firmo-congreso-convenio-de-adhesion-a-coalicion-global-contra-el-racismo-sistemico","status":"publish","type":"post","link":"https:\/\/www.acapulcopress.com\/index.php\/2023\/09\/08\/firmo-congreso-convenio-de-adhesion-a-coalicion-global-contra-el-racismo-sistemico\/","title":{"rendered":"Firm\u00f3 Congreso convenio de adhesi\u00f3n a Coalici\u00f3n Global contra el racismo sist\u00e9mico"},"content":{"rendered":"<p style=\"text-align: justify\">CHILPANCINGO * Septiembre 8, 2023.<br \/>\n<em>) Congreso de Guerrero<\/em><\/p>\n<p style=\"text-align: justify\">El Congreso del Estado llev\u00f3 a cabo este viernes en esta ciudad capital el evento de Adhesi\u00f3n a la Coalici\u00f3n Global Contra el Racismo Sist\u00e9mico y por las Reparaciones.<\/p>\n<p style=\"text-align: justify\">En dicho acto se present\u00f3 tambi\u00e9n la cartilla \u201cPoblaci\u00f3n Afromexicana del Estado de Guerrero\u201d, que contiene estad\u00edsticas demogr\u00e1ficas de este sector, en busca de lograr la <img loading=\"lazy\" decoding=\"async\" class=\"alignleft size-medium wp-image-1256892\" src=\"https:\/\/www.acapulcopress.com\/wp-content\/uploads\/2023\/09\/MARBEN-DE-LA-CRUZ-375x250.jpg\" alt=\"\" width=\"375\" height=\"250\" \/>creaci\u00f3n de mejores pol\u00edticas p\u00fablicas para su beneficio.<\/p>\n<p style=\"text-align: justify\">Al dar la bienvenida al evento, la diputada <a href=\"https:\/\/www.facebook.com\/Marben.DeLaCruz.S\" target=\"_blank\" rel=\"noopener\">Marben de la Cruz Santiago,<\/a> presidenta de la Comisi\u00f3n de los Pueblos y Comunidades Ind\u00edgenas y Afromexicanos, se\u00f1al\u00f3 que es de suma relevancia entender, hoy en d\u00eda, la imperante necesidad de coadyuvar con el desarrollo de esta poblaci\u00f3n hist\u00f3ricamente marginada y vulnerada de Guerrero, que adem\u00e1s ocupa el primer lugar en poblaci\u00f3n a nivel nacional.<\/p>\n<p style=\"text-align: justify\">Refiri\u00f3 la legisladora que el dec\u00e1logo de compromisos establecidos en el convenio contempla manifestarse p\u00fablicamente contra el racismo sist\u00e9mico y buscar la reparaci\u00f3n de da\u00f1os a las v\u00edctimas; promover un lenguaje antirracista que contribuya al cambio cultural; la visibilidad estad\u00edstica de las personas afrodescendientes en los censos, encuestas y registros p\u00fablicos, con miras a su utilizaci\u00f3n en el proceso de elaboraci\u00f3n de pol\u00edticas p\u00fablicas, planes y programas en su beneficio; espacios libres de discriminaci\u00f3n y racismo en el trabajo, y acciones afirmativas a favor de las personas afrodescendientes.<\/p>\n<p style=\"text-align: justify\">Asimismo, dijo, es un imperativo la promoci\u00f3n de actividades de sensibilizaci\u00f3n sobre la lucha antirracista y el reconocimiento de las personas afrodescendientes, y promocionar la coalici\u00f3n con otros aliados y actores para que la comunidad antirracista global crezca.<\/p>\n<p style=\"text-align: justify\">Al dar a conocer la cartilla \u201cPoblaci\u00f3n Afromexicana del Estado de Guerrero\u201d, la presidenta de la Comisi\u00f3n Estatal de Derechos Humanos, Cecilia Narciso Gayt\u00e1n, resalt\u00f3 la importancia de visibilizar a la poblaci\u00f3n afromexicana de esta entidad, pero sobre todo reconocer su aportaci\u00f3n al desarrollo de la humanidad y legado cultural.<\/p>\n<p style=\"text-align: justify\">Inform\u00f3 que esta Cartilla contiene datos estad\u00edsticos de la poblaci\u00f3n afromexicana de Guerrero, los instrumentos internacionales que protegen sus derechos y los municipios con mayor porcentaje de poblaci\u00f3n afromexicana, a fin de sensibilizar y crear conciencia sobre la importancia de proteger a este sector que ha hecho grandes y significativos aportes cient\u00edficos y culturales a la humanidad, adem\u00e1s de su contribuci\u00f3n con la paz mundial.<\/p>\n<p style=\"text-align: justify\">Firmaron el convenio, a nombre del Congreso del Estado, la diputada Nora Yanek Vel\u00e1zquez Mart\u00ednez y los diputados Osbaldo R\u00edos Manrique, Fortunato Hern\u00e1ndez Carbajal y Bernardo Ortega Jim\u00e9nez, junto al titular de la Secretar\u00eda para el Desarrollo de los Pueblos Ind\u00edgenas y Afromexicanos, P\u00e1nfilo S\u00e1nchez Almaz\u00e1n; el delegado de Programas Federales, Iv\u00e1n Hern\u00e1ndez D\u00edaz; el delegado del Instituto Nacional de los Pueblos Ind\u00edgenas y Afromexicanos, Manuel V\u00e1zquez Quintero, y los presidentes municipales de Chilpancingo y de San Marcos, Norma Otilia Hern\u00e1ndez Mart\u00ednez y Tom\u00e1s Hern\u00e1ndez Palma.<\/p>\n<p style=\"text-align: justify\">Esta iniciativa de corte internacional fundada en noviembre de 2022 por Epsy Campbell Barr, actual presidenta del Foro Permanente de Afrodescendientes de la ONU, tiene como objetivo visibilizar y contribuir al efectivo reconocimiento de los derechos humanos colectivos del pueblo afromexicano, en apego a los instrumentos internacionales y la Constituci\u00f3n Pol\u00edtica de los Estados Unidos Mexicanos<\/p>\n<p style=\"text-align: justify\"><em>] S\u00edguenos en Facebook.com\/<a href=\"https:\/\/www.facebook.com\/acapulcopress\" target=\"_blank\" rel=\"noopener\">acapulcopress<\/a><\/em><br \/>\n<em>] S\u00edguenos en Facebook.com\/<a href=\"https:\/\/www.facebook.com\/angelblanco.press\" target=\"_blank\" rel=\"noopener\">angelblanco.press<\/a><\/em><\/p>\n","protected":false},"excerpt":{"rendered":"<p>CHILPANCINGO * Septiembre 8, 2023. ) Congreso de Guerrero El Congreso del Estado llev\u00f3 a cabo este viernes en esta ciudad capital el evento de Adhesi\u00f3n a la Coalici\u00f3n Global Contra el Racismo Sist\u00e9mico y por las Reparaciones. En dicho acto se present\u00f3 tambi\u00e9n la cartilla \u201cPoblaci\u00f3n Afromexicana del Estado de Guerrero\u201d, que contiene estad\u00edsticas&#8230;<\/p>\n","protected":false},"author":2,"featured_media":1256893,"comment_status":"closed","ping_status":"closed","sticky":false,"template":"","format":"standard","meta":{"footnotes":""},"categories":[61,18561],"tags":[6370,12432,15196],"class_list":["post-1256889","post","type-post","status-publish","format-standard","has-post-thumbnail","hentry","category-legislacion","category-society-politics","tag-congreso-de-guerrero","tag-marben-de-la-cruz-santiago","tag-racismo-sistemico"],"_links":{"self":[{"href":"https:\/\/www.acapulcopress.com\/index.php\/wp-json\/wp\/v2\/posts\/1256889","targetHints":{"allow":["GET"]}}],"collection":[{"href":"https:\/\/www.acapulcopress.com\/index.php\/wp-json\/wp\/v2\/posts"}],"about":[{"href":"https:\/\/www.acapulcopress.com\/index.php\/wp-json\/wp\/v2\/types\/post"}],"author":[{"embeddable":true,"href":"https:\/\/www.acapulcopress.com\/index.php\/wp-json\/wp\/v2\/users\/2"}],"replies":[{"embeddable":true,"href":"https:\/\/www.acapulcopress.com\/index.php\/wp-json\/wp\/v2\/comments?post=1256889"}],"version-history":[{"count":0,"href":"https:\/\/www.acapulcopress.com\/index.php\/wp-json\/wp\/v2\/posts\/1256889\/revisions"}],"wp:featuredmedia":[{"embeddable":true,"href":"https:\/\/www.acapulcopress.com\/index.php\/wp-json\/"}],"wp:attachment":[{"href":"https:\/\/www.acapulcopress.com\/index.php\/wp-json\/wp\/v2\/media?parent=1256889"}],"wp:term":[{"taxonomy":"category","embeddable":true,"href":"https:\/\/www.acapulcopress.com\/index.php\/wp-json\/wp\/v2\/categories?post=1256889"},{"taxonomy":"post_tag","embeddable":true,"href":"https:\/\/www.acapulcopress.com\/index.php\/wp-json\/wp\/v2\/tags?post=1256889"}],"curies":[{"name":"wp","href":"https:\/\/api.w.org\/{rel}","templated":true}]}}