{"id":1256897,"date":"2023-09-08T20:51:23","date_gmt":"2023-09-09T02:51:23","guid":{"rendered":"https:\/\/www.acapulcopress.com\/?p=1256897"},"modified":"2023-09-08T20:51:23","modified_gmt":"2023-09-09T02:51:23","slug":"realizo-congreso-consulta-a-discapacitados-de-ayutla-pungarabato-y-taxco","status":"publish","type":"post","link":"https:\/\/www.acapulcopress.com\/index.php\/2023\/09\/08\/realizo-congreso-consulta-a-discapacitados-de-ayutla-pungarabato-y-taxco\/","title":{"rendered":"Realiz\u00f3 Congreso consulta a discapacitados de Ayutla, Pungarabato y Taxco"},"content":{"rendered":"<p style=\"text-align: justify\">CHILPANCINGO * Septiembre 8, 2023.<br \/>\n<em>) Congreso de Guerrero<\/em><br \/>\nEl Congreso de Guerrero contin\u00faa desarrollando exitosamente, a lo largo y ancho del estado, el proceso de Consulta a Personas con Discapacidad en Materia de Educaci\u00f3n Inclusiva.<\/p>\n<p style=\"text-align: justify\">Durante la primera semana de septiembre, el Poder Legislativo, en coordinaci\u00f3n con los ayuntamientos de Ayutla de los Libres, Pungarabato y Taxco de Alarc\u00f3n, llev\u00f3 a cabo las respectivas Mesas de Trabajo Presenciales de la Consulta, quedando en puerta la de Chilapa de \u00c1lvarez para este s\u00e1bado 09 de septiembre, a partir de las 10 de la ma\u00f1ana.<\/p>\n<p style=\"text-align: justify\">En los eventos desarrollados, las personas con discapacidad, sus familiares, personal docente y organizaciones que las representan, han podido externar sus propuestas, inquietudes y vivencias que ser\u00e1n retomadas en el trabajo de creaci\u00f3n de un nuevo cap\u00edtulo en materia de Educaci\u00f3n Inclusiva en la Ley de Educaci\u00f3n del Estado.<\/p>\n<p style=\"text-align: justify\">En los distintos eventos, la presidenta de la Comisi\u00f3n de Atenci\u00f3n a las Personas con Discapacidad, diputada Gloria Citlalli Calixto Jim\u00e9nez, reconoci\u00f3 la disposici\u00f3n y compromiso de los cabildos de participar en los trabajos de consulta, \u201cmuestra de que, desde los municipios, hay inter\u00e9s de dignificar las condiciones de vida de los grupos vulnerables\u201d.<\/p>\n<p style=\"text-align: justify\">Detall\u00f3 que parte de las realidades que se han detectado en las Mesas de Trabajo tienen que ver con situaciones de exclusi\u00f3n en el entorno educativo, experiencias de personas con<\/p>\n<p style=\"text-align: justify\">discapacidad que tuvieron que truncar sus estudios por carecer de condiciones materiales, as\u00ed como testimonios de profesores que no han podido incluir a todo su alumnado por falta de una adecuada capacitaci\u00f3n y materiales educativos.<\/p>\n<p style=\"text-align: justify\">Refiri\u00f3 que las Mesas de Trabajo son una de las cinco modalidades de participaci\u00f3n en la consulta, sumadas a las Mesas Virtuales, los Buzones F\u00edsicos y Digitales, y las Mesas a Petici\u00f3n de Parte, espacios especialmente creados para que las personas con discapacidad comuniquen sus demandas, experiencias y propuestas relacionadas con la educaci\u00f3n.<\/p>\n<p style=\"text-align: justify\">En las Mesas Presenciales de Trabajo desarrolladas en los municipios citados, han participado las diputadas Mar\u00eda Flores Maldonado y Elzy Camacho Pineda, vocales de la Comisi\u00f3n de Atenci\u00f3n a Personas con Discapacidad, adem\u00e1s de las diputadas Ang\u00e9lica Espinoza Garc\u00eda y Flor A\u00f1orve Ocampo, y el diputado Adolfo Torales Catal\u00e1n.<\/p>\n<p style=\"text-align: justify\"><em>] S\u00edguenos en Facebook.com\/<a href=\"https:\/\/www.facebook.com\/acapulcopress\" target=\"_blank\" rel=\"noopener\">acapulcopress<\/a><\/em><br \/>\n<em>] S\u00edguenos en Facebook.com\/<a href=\"https:\/\/www.facebook.com\/angelblanco.press\" target=\"_blank\" rel=\"noopener\">angelblanco.press<\/a><\/em><\/p>\n","protected":false},"excerpt":{"rendered":"<p>CHILPANCINGO * Septiembre 8, 2023. ) Congreso de Guerrero El Congreso de Guerrero contin\u00faa desarrollando exitosamente, a lo largo y ancho del estado, el proceso de Consulta a Personas con Discapacidad en Materia de Educaci\u00f3n Inclusiva. Durante la primera semana de septiembre, el Poder Legislativo, en coordinaci\u00f3n con los ayuntamientos de Ayutla de los Libres,&#8230;<\/p>\n","protected":false},"author":2,"featured_media":1256890,"comment_status":"closed","ping_status":"closed","sticky":false,"template":"","format":"standard","meta":{"footnotes":""},"categories":[61,18561],"tags":[7378],"class_list":["post-1256897","post","type-post","status-publish","format-standard","has-post-thumbnail","hentry","category-legislacion","category-society-politics","tag-discapacidad"],"_links":{"self":[{"href":"https:\/\/www.acapulcopress.com\/index.php\/wp-json\/wp\/v2\/posts\/1256897","targetHints":{"allow":["GET"]}}],"collection":[{"href":"https:\/\/www.acapulcopress.com\/index.php\/wp-json\/wp\/v2\/posts"}],"about":[{"href":"https:\/\/www.acapulcopress.com\/index.php\/wp-json\/wp\/v2\/types\/post"}],"author":[{"embeddable":true,"href":"https:\/\/www.acapulcopress.com\/index.php\/wp-json\/wp\/v2\/users\/2"}],"replies":[{"embeddable":true,"href":"https:\/\/www.acapulcopress.com\/index.php\/wp-json\/wp\/v2\/comments?post=1256897"}],"version-history":[{"count":0,"href":"https:\/\/www.acapulcopress.com\/index.php\/wp-json\/wp\/v2\/posts\/1256897\/revisions"}],"wp:featuredmedia":[{"embeddable":true,"href":"https:\/\/www.acapulcopress.com\/index.php\/wp-json\/"}],"wp:attachment":[{"href":"https:\/\/www.acapulcopress.com\/index.php\/wp-json\/wp\/v2\/media?parent=1256897"}],"wp:term":[{"taxonomy":"category","embeddable":true,"href":"https:\/\/www.acapulcopress.com\/index.php\/wp-json\/wp\/v2\/categories?post=1256897"},{"taxonomy":"post_tag","embeddable":true,"href":"https:\/\/www.acapulcopress.com\/index.php\/wp-json\/wp\/v2\/tags?post=1256897"}],"curies":[{"name":"wp","href":"https:\/\/api.w.org\/{rel}","templated":true}]}}