{"id":1256899,"date":"2023-09-08T21:10:48","date_gmt":"2023-09-09T03:10:48","guid":{"rendered":"https:\/\/www.acapulcopress.com\/?p=1256899"},"modified":"2023-09-08T21:10:48","modified_gmt":"2023-09-09T03:10:48","slug":"refrenda-evelyn-salgado-alianza-con-uagro-para-consolidar-transformacion-de-guerrero","status":"publish","type":"post","link":"https:\/\/www.acapulcopress.com\/index.php\/2023\/09\/08\/refrenda-evelyn-salgado-alianza-con-uagro-para-consolidar-transformacion-de-guerrero\/","title":{"rendered":"Refrenda Evelyn Salgado alianza con UAGro para consolidar transformaci\u00f3n de Guerrero"},"content":{"rendered":"<p style=\"text-align: justify\">CHILPANCINGO * Septiembre 8, 2023.<br \/>\n) Gobierno de Guerrero<br \/>\n\u00abLa Educaci\u00f3n es la herramienta m\u00e1s poderosa para pacificar el estado y lograr la transformaci\u00f3n verdadera\u00bb, afirm\u00f3 la <img loading=\"lazy\" decoding=\"async\" class=\"alignleft size-medium wp-image-1256907\" src=\"https:\/\/www.acapulcopress.com\/wp-content\/uploads\/2023\/09\/evelyn.uagro8_-375x562.jpg\" alt=\"\" width=\"375\" height=\"562\" \/>gobernadora <a href=\"https:\/\/www.facebook.com\/EvelynSalgadoP\" target=\"_blank\" rel=\"noopener\">Evelyn Salgado Pineda<\/a> al asistir al Segundo Informe de Labores del rector Jos\u00e9 Alfredo Romero Olea al frente de la <a href=\"https:\/\/www.facebook.com\/UAGro.MX.Oficial\" target=\"_blank\" rel=\"noopener\">UAGro<\/a>, donde reiter\u00f3 su compromiso de seguir trabajando para fortalecer la infraestructura y desarrollo de las capacidades de la M\u00e1xima Casa de Estudios con el equipamiento necesario en beneficio de la comunidad universitaria.<\/p>\n<p style=\"text-align: justify\">En este acto de transparencia y rendici\u00f3n de cuentas, la mandataria estatal reconoci\u00f3 el avance que se ha logrado en el fortalecimiento acad\u00e9mico de la Universidad Aut\u00f3noma de Guerrero para combatir los efectos negativos de la pandemia por Covid-19, incrementando su oferta acad\u00e9mica e inclusi\u00f3n social que consolida a la M\u00e1xima Casa de Estudios de Guerrero.<\/p>\n<p style=\"text-align: justify\">\u00abLa universidad est\u00e1 en el centro de la transformaci\u00f3n, porque es uno de los or\u00edgenes de las ideas y de las soluciones, as\u00ed como de los retos que enfrentamos como sociedad y por eso hemos apoyado con lo poco o lo mucho, con lo que se tiene a nuestra querida universidad con recursos extraordinarios y entregas de impacto como las que realizamos para fortalecer la infraestructura universitaria\u00bb, puntualiz\u00f3 la gobernadora.<\/p>\n<p style=\"text-align: justify\"><img loading=\"lazy\" decoding=\"async\" class=\"alignleft size-medium wp-image-1256906\" src=\"https:\/\/www.acapulcopress.com\/wp-content\/uploads\/2023\/09\/evelyn.uagro7_-375x562.jpg\" alt=\"\" width=\"375\" height=\"562\" \/>En su mensaje durante este evento celebrado en el Auditorio Estatal \u00abSentimientos de la Naci\u00f3n\u00bb, Evelyn Salgado se\u00f1al\u00f3 que los j\u00f3venes universitarios son los que impulsan la transformaci\u00f3n, la educaci\u00f3n, la ciencia, la innovaci\u00f3n y la tecnol\u00f3gica, por lo que seguir\u00e1 apoyando e impulsando a los j\u00f3venes para que no haya fuga de talentos en Guerrero.<\/p>\n<p style=\"text-align: justify\">\u00abTenemos j\u00f3venes brillantes, a esos j\u00f3venes les decimos que tambi\u00e9n van a contar con el apoyo de la gobernadora, todo lo que sea necesario para que ellos vayan a representarnos a nivel nacional e internacional y pongan el nombre de Guerrero muy en alto\u00bb, sostuvo Evelyn Salgado.<\/p>\n<p style=\"text-align: justify\">La mandataria estatal manifest\u00f3 su respeto a la autonom\u00eda universitaria y respaldo a la comunidad estudiantil de la M\u00e1xima Casa de Estudios, para seguir caminando de la mano con el rector electo de la UAGro, Javier Salda\u00f1a Almaz\u00e1n, con la responsabilidad, el inter\u00e9s y el amor por Guerrero.<\/p>\n<p style=\"text-align: justify\">Por su parte, el Rector Jos\u00e9 Alfredo Romero Olea al rendir su Segundo Informe de Labores al frente de la UAGro ante el Consejo Universitario reconoci\u00f3 a la gobernadora Evelyn <img loading=\"lazy\" decoding=\"async\" class=\"alignleft size-medium wp-image-1256902\" src=\"https:\/\/www.acapulcopress.com\/wp-content\/uploads\/2023\/09\/evelyn.uagro3_-375x250.jpg\" alt=\"\" width=\"375\" height=\"250\" \/>Salgado Pineda por impulsar la inclusi\u00f3n social, garantizar los derechos, el respeto a la igualdad y dignidad humana, mejorando las condiciones de vida de las y los guerrerenses.<\/p>\n<p style=\"text-align: justify\">Romero Olea, destac\u00f3 que la Universidad Aut\u00f3noma de Guerrero es una instituci\u00f3n en permanente transformaci\u00f3n que une voluntades con el proyecto del actual gobierno estatal que encabeza la gobernadora Evelyn Salgado Pineda para alcanzar las metas orientadas en el gobierno del estado y en la UAGro.<\/p>\n<p style=\"text-align: justify\">En su informe destac\u00f3 las diversas obras de infraestructura universitaria realizadas con recursos del ejercicio fiscal 2022 que ha representado una inversi\u00f3n sin precedentes superior a los 99 millones de pesos en la atenci\u00f3n a 18 edificios construidos y 16 en <img loading=\"lazy\" decoding=\"async\" class=\"alignleft size-medium wp-image-1256901\" src=\"https:\/\/www.acapulcopress.com\/wp-content\/uploads\/2023\/09\/evelyn.uagro2_-375x264.jpg\" alt=\"\" width=\"375\" height=\"264\" \/>proceso de construcci\u00f3n, con lo cual se mejora las condiciones educativas de la UAGro.<\/p>\n<p style=\"text-align: justify\">Asistieron la presidenta de la Mesa Directiva del Congreso del Estado, Leticia Mosso Hern\u00e1ndez; el presidente del Tribunal Superior de Justicia, Raymundo Casarrubias V\u00e1zquez y la directora de Educaci\u00f3n Superior Universitaria de la SEP, Carmen Enedina Rodr\u00edguez Armenta; entre otras\u00a0personalidades.<\/p>\n<p style=\"text-align: justify\"><em>] S\u00edguenos en Facebook.com\/<a href=\"https:\/\/www.facebook.com\/acapulcopress\" target=\"_blank\" rel=\"noopener\">acapulcopress<\/a><\/em><br \/>\n<em>] S\u00edguenos en Facebook.com\/<a href=\"https:\/\/www.facebook.com\/angelblanco.press\" target=\"_blank\" rel=\"noopener\">angelblanco.press<\/a><\/em><\/p>\n","protected":false},"excerpt":{"rendered":"<p>CHILPANCINGO * Septiembre 8, 2023. ) Gobierno de Guerrero \u00abLa Educaci\u00f3n es la herramienta m\u00e1s poderosa para pacificar el estado y lograr la transformaci\u00f3n verdadera\u00bb, afirm\u00f3 la gobernadora Evelyn Salgado Pineda al asistir al Segundo Informe de Labores del rector Jos\u00e9 Alfredo Romero Olea al frente de la UAGro, donde reiter\u00f3 su compromiso de seguir&#8230;<\/p>\n","protected":false},"author":2,"featured_media":1256909,"comment_status":"closed","ping_status":"closed","sticky":false,"template":"","format":"standard","meta":{"footnotes":""},"categories":[1972,1983,18561],"tags":[8251,17463],"class_list":["post-1256899","post","type-post","status-publish","format-standard","has-post-thumbnail","hentry","category-special","category-guerrerogob","category-society-politics","tag-evelyn-salgado-pineda","tag-uagro"],"_links":{"self":[{"href":"https:\/\/www.acapulcopress.com\/index.php\/wp-json\/wp\/v2\/posts\/1256899","targetHints":{"allow":["GET"]}}],"collection":[{"href":"https:\/\/www.acapulcopress.com\/index.php\/wp-json\/wp\/v2\/posts"}],"about":[{"href":"https:\/\/www.acapulcopress.com\/index.php\/wp-json\/wp\/v2\/types\/post"}],"author":[{"embeddable":true,"href":"https:\/\/www.acapulcopress.com\/index.php\/wp-json\/wp\/v2\/users\/2"}],"replies":[{"embeddable":true,"href":"https:\/\/www.acapulcopress.com\/index.php\/wp-json\/wp\/v2\/comments?post=1256899"}],"version-history":[{"count":0,"href":"https:\/\/www.acapulcopress.com\/index.php\/wp-json\/wp\/v2\/posts\/1256899\/revisions"}],"wp:featuredmedia":[{"embeddable":true,"href":"https:\/\/www.acapulcopress.com\/index.php\/wp-json\/"}],"wp:attachment":[{"href":"https:\/\/www.acapulcopress.com\/index.php\/wp-json\/wp\/v2\/media?parent=1256899"}],"wp:term":[{"taxonomy":"category","embeddable":true,"href":"https:\/\/www.acapulcopress.com\/index.php\/wp-json\/wp\/v2\/categories?post=1256899"},{"taxonomy":"post_tag","embeddable":true,"href":"https:\/\/www.acapulcopress.com\/index.php\/wp-json\/wp\/v2\/tags?post=1256899"}],"curies":[{"name":"wp","href":"https:\/\/api.w.org\/{rel}","templated":true}]}}