{"id":1256913,"date":"2023-09-08T21:37:23","date_gmt":"2023-09-09T03:37:23","guid":{"rendered":"https:\/\/www.acapulcopress.com\/?p=1256913"},"modified":"2023-09-08T21:37:23","modified_gmt":"2023-09-09T03:37:23","slug":"no-habra-pension-de-regreso-dice-xochitl-a-fox","status":"publish","type":"post","link":"https:\/\/www.acapulcopress.com\/index.php\/2023\/09\/08\/no-habra-pension-de-regreso-dice-xochitl-a-fox\/","title":{"rendered":"No habr\u00e1 pensi\u00f3n de regreso, dice X\u00f3chitl a Fox"},"content":{"rendered":"<p style=\"text-align: justify\">CIUDAD DE M\u00c9XICO * Septiembre 8, 2023.<br \/>\n<em>) <a href=\"https:\/\/latinus.us\/2023\/09\/08\/no-pension-regreso-una-vez-lo-digo-xochitl-galvez-fox\/\" target=\"_blank\" rel=\"noopener\">LatinUs<\/a><\/em><\/p>\n<p style=\"text-align: justify\">La senadora <a href=\"https:\/\/www.facebook.com\/Xochitl.Galvez.R\" target=\"_blank\" rel=\"noopener\">X\u00f3chitl G\u00e1lvez<\/a> advirti\u00f3 al expresidente de M\u00e9xico, <a href=\"https:\/\/www.facebook.com\/PresidenteVFox\" target=\"_blank\" rel=\"noopener\">Vicente Fox Quesada<\/a>, que no regresar\u00e1 las pensiones para los exmandatarios en caso de que llegue a ser electa como presidenta en 2024.<img loading=\"lazy\" decoding=\"async\" class=\"alignleft size-full wp-image-1256916\" src=\"https:\/\/www.acapulcopress.com\/wp-content\/uploads\/2023\/09\/xochitl.jpeg\" alt=\"\" width=\"300\" height=\"168\" \/><\/p>\n<p style=\"text-align: justify\">En entrevista en Imagen Televisi\u00f3n, G\u00e1lvez tambi\u00e9n sugiri\u00f3 que se le quitara el acceso a redes al exmandatario, quien suele defender a la senadora en X (antes Twitter) por las cr\u00edticas del presidente <a href=\"https:\/\/www.facebook.com\/lopezobrador.org.mx\" target=\"_blank\" rel=\"noopener\">Andr\u00e9s Manuel L\u00f3pez Obrador<\/a>.<\/p>\n<p style=\"text-align: justify\">Fox, en entrevista con Fernando del Collado para Latinus, le pidi\u00f3 a X\u00f3chitl G\u00e1lvez que regrese las pensiones y quite los programas sociales. La eliminaci\u00f3n de dicha prestaci\u00f3n de los exmandatarios fue eliminada durante el primer a\u00f1o de gobierno del presidente L\u00f3pez Obrador.<\/p>\n<p style=\"text-align: justify\">\u201cHay que quitarle Twitter. Aunque ya aprendi\u00f3, se qued\u00f3 calladito varios d\u00edas y ya entendi\u00f3. Yo lo quiero mucho, pero que no me ayude de esa manera. No va a haber pensi\u00f3n de regreso, de una vez se lo digo\u201d, apunt\u00f3.<\/p>\n<p style=\"text-align: justify\">El 22 de julio, la senadora panista conden\u00f3 una publicaci\u00f3n que hizo Fox donde se burla del origen de la familia de Claudia Sheinbaum Pardo, quien se apunta a obtener la candidatura presidencial de Morena.<\/p>\n<p style=\"text-align: justify\">\u201cLamento y condeno el tuit del expresidente Fox que hace mofa del origen familiar de Claudia Sheinbaum\u201d, dijo la senadora sobre el mensaje que el expresidente panista public\u00f3 para mofarse de las \u201ccorcholatas\u201d.<\/p>\n<p style=\"text-align: justify\">Por este tuit, el expresidente de M\u00e9xico recibi cr\u00edticas en redes sociales y finalmente decidi\u00f3 eliminar el post y pedir una disculpa p\u00fablica.<\/p>\n<p style=\"text-align: justify\">Un d\u00eda despu\u00e9s, G\u00e1lvez dijo ning\u00fan hombre habla por ella, en respuesta a los comentarios de Sheinbaum sobre que el expresidente Vicente Fox representa lo que piensan en el Frente Amplio por M\u00e9xico.<\/p>\n<p style=\"text-align: justify\">\u201cNing\u00fan hombre habla por m\u00ed, ni Fox, ni nadie. La que dice lo que opina soy yo, as\u00ed que dejen de endosarme declaraciones\u201d, respondi\u00f3.<\/p>\n<p style=\"text-align: justify\"><em>] S\u00edguenos en Facebook.com\/<a href=\"https:\/\/www.facebook.com\/acapulcopress\" target=\"_blank\" rel=\"noopener\">acapulcopress<\/a><\/em><br \/>\n<em>] S\u00edguenos en Facebook.com\/<a href=\"https:\/\/www.facebook.com\/angelblanco.press\" target=\"_blank\" rel=\"noopener\">angelblanco.press<\/a><\/em><\/p>\n","protected":false},"excerpt":{"rendered":"<p>CIUDAD DE M\u00c9XICO * Septiembre 8, 2023. ) LatinUs La senadora X\u00f3chitl G\u00e1lvez advirti\u00f3 al expresidente de M\u00e9xico, Vicente Fox Quesada, que no regresar\u00e1 las pensiones para los exmandatarios en caso de que llegue a ser electa como presidenta en 2024. En entrevista en Imagen Televisi\u00f3n, G\u00e1lvez tambi\u00e9n sugiri\u00f3 que se le quitara el acceso&#8230;<\/p>\n","protected":false},"author":2,"featured_media":1256914,"comment_status":"closed","ping_status":"closed","sticky":false,"template":"","format":"standard","meta":{"footnotes":""},"categories":[1997],"tags":[3896,4718,17824],"class_list":["post-1256913","post","type-post","status-publish","format-standard","has-post-thumbnail","hentry","category-noticias-destacadas","tag-andres-manuel-lopez-obrador","tag-bertha-xochitl-galvez-ruiz","tag-vicente-fox-quesada"],"_links":{"self":[{"href":"https:\/\/www.acapulcopress.com\/index.php\/wp-json\/wp\/v2\/posts\/1256913","targetHints":{"allow":["GET"]}}],"collection":[{"href":"https:\/\/www.acapulcopress.com\/index.php\/wp-json\/wp\/v2\/posts"}],"about":[{"href":"https:\/\/www.acapulcopress.com\/index.php\/wp-json\/wp\/v2\/types\/post"}],"author":[{"embeddable":true,"href":"https:\/\/www.acapulcopress.com\/index.php\/wp-json\/wp\/v2\/users\/2"}],"replies":[{"embeddable":true,"href":"https:\/\/www.acapulcopress.com\/index.php\/wp-json\/wp\/v2\/comments?post=1256913"}],"version-history":[{"count":0,"href":"https:\/\/www.acapulcopress.com\/index.php\/wp-json\/wp\/v2\/posts\/1256913\/revisions"}],"wp:featuredmedia":[{"embeddable":true,"href":"https:\/\/www.acapulcopress.com\/index.php\/wp-json\/"}],"wp:attachment":[{"href":"https:\/\/www.acapulcopress.com\/index.php\/wp-json\/wp\/v2\/media?parent=1256913"}],"wp:term":[{"taxonomy":"category","embeddable":true,"href":"https:\/\/www.acapulcopress.com\/index.php\/wp-json\/wp\/v2\/categories?post=1256913"},{"taxonomy":"post_tag","embeddable":true,"href":"https:\/\/www.acapulcopress.com\/index.php\/wp-json\/wp\/v2\/tags?post=1256913"}],"curies":[{"name":"wp","href":"https:\/\/api.w.org\/{rel}","templated":true}]}}