{"id":1256921,"date":"2023-09-11T18:11:27","date_gmt":"2023-09-12T00:11:27","guid":{"rendered":"https:\/\/www.acapulcopress.com\/?p=1256921"},"modified":"2023-09-11T18:11:27","modified_gmt":"2023-09-12T00:11:27","slug":"prepara-ebrard-movimiento-politico-para-el-18-de-septiembre-proximo","status":"publish","type":"post","link":"https:\/\/www.acapulcopress.com\/index.php\/2023\/09\/11\/prepara-ebrard-movimiento-politico-para-el-18-de-septiembre-proximo\/","title":{"rendered":"Prepara Ebrard movimiento pol\u00edtico para el 18 de septiembre pr\u00f3ximo"},"content":{"rendered":"<p style=\"text-align: justify\"><strong><em>* O se repara la consulta o se va de Morena, insiste<\/em><\/strong><\/p>\n<p>CIUDAD DE M\u00c9XICO * Septiembre 11, 2023.<br \/>\n<em>) <a href=\"https:\/\/www.proceso.com.mx\/nacional\/politica\/2023\/9\/11\/ebrard-lanza-ultimatum-se-repone-la-consulta-se-va-de-morena-314637.html\" target=\"_blank\" rel=\"noopener\">Apro<\/a><\/em><\/p>\n<p style=\"text-align: justify\">Despu\u00e9s de cuatro d\u00edas de indefinici\u00f3n, <a href=\"https:\/\/www.facebook.com\/MarceloEbrardC\" target=\"_blank\" rel=\"noopener\">Marcelo Ebrard<\/a> dio hoy un ultim\u00e1tum a Morena: en caso de que el partido no acceda a su petici\u00f3n de reponer el proceso de selecci\u00f3n de la candidatura a las elecciones presidenciales de 2024, el excanciller se ir\u00e1 del partido; en esta \u00f3ptica, el pol\u00edtico anunci\u00f3 que lanzar\u00e1 un nuevo movimiento pol\u00edtico el pr\u00f3ximo 18 de septiembre, y a partir del d\u00eda siguiente emprender\u00e1 una gira por el pa\u00eds.<\/p>\n<p style=\"text-align: justify\">\u00abNo es mi objetivo llegar a una senadur\u00eda o alg\u00fan cargo (de elecci\u00f3n popular), mi objetivo es que esto se resuelva\u00bb, sentenci\u00f3 Ebrard, cerrando as\u00ed la puerta a una negociaci\u00f3n con la dirigencia nacional del partido, que hab\u00eda prometido la presidencia de la bancada a quien llegara en el segundo lugar de la encuesta.<\/p>\n<p style=\"text-align: justify\">Ebrard indic\u00f3 que los legisladores que integrar\u00e1n su movimiento seguir\u00e1n formando parte de Morena, el Partido del Trabajo (PT) y Partido Verde Ecologista de M\u00e9xico (PVEM), por lo menos hasta que la dirigencia nacional de Morena se pronuncie sobre la denuncia que present\u00f3 ayer ante la Comisi\u00f3n Nacional de Honor y Justicia (CNHJ), en la cual se\u00f1al\u00f3 irregularidades por parte de la Comisi\u00f3n Nacional de Encuestas, as\u00ed como el uso indebido de la Secretar\u00eda de Bienestar y de varios gobernadores para influir en el voto a favor de Claudia Sheinbaum Pardo.<\/p>\n<p style=\"text-align: justify\">Su exigencia de reponer todo el ejercicio suena inveros\u00edmil, dado que el presidente <a href=\"https:\/\/www.facebook.com\/lopezobrador.org.mx\" target=\"_blank\" rel=\"noopener\">Andr\u00e9s Manuel L\u00f3pez Obrador<\/a> ya consagr\u00f3 a Claudia Sheinbaum Pardo como su sucesora \u2013mediante la entrega del bast\u00f3n de mando\u2013 y que la dirigencia de Morena dej\u00f3 claro que los resultados de la encuesta ser\u00edan inapelables.<\/p>\n<p style=\"text-align: justify\">Ante esta situaci\u00f3n, el futuro de Ebrard se vislumbra cada vez m\u00e1s fuera de Morena, y los caminos siguen indefinidos, pues el excanciller plante\u00f3 que su \u00abrecorrido nacional\u00bb terminar\u00e1 en octubre, y record\u00f3 que \u00ablas precampa\u00f1as inician el 4 de noviembre\u00bb.<\/p>\n<p style=\"text-align: justify\">El equipo de Ebrard hab\u00eda convocado hoy a una conferencia de prensa, para informar sobre el acuerdo que el excanciller encontr\u00f3 con sus simpatizantes. Finalmente, el evento fue un \u00abpronunciamiento\u00bb: frente a los reporteros, que no tuvieron oportunidad de hacer preguntas, Ebrard asever\u00f3, con un tono serio, que las irregularidades que se\u00f1al\u00f3 en todo el proceso de selecci\u00f3n son \u00abun virus\u00bb que \u00abdevastar\u00eda\u00bb a Morena en caso de que la dirigencia nacional las ignorara.<\/p>\n<p style=\"text-align: justify\">\u00abNo debemos permitir que estas pr\u00e1cticas, que son un virus, est\u00e9n en la corriente sangu\u00ednea de Morena porque ser\u00eda devastador\u00bb, dijo, y agreg\u00f3 que Morena no puede dar \u00abcartas de naturalizaci\u00f3n\u00bb al condicionamiento de programas sociales, la intervenci\u00f3n de gobernadores o a pr\u00e1cticas como la cooptaci\u00f3n de sindicatos. \u00abNo es un asunto menor, es un asunto mayor (&#8230;) esto podr\u00eda definitorio para el futuro de Morena, m\u00e1s que para el futuro de Marcelo Ebrard\u00bb, insisti\u00f3.<\/p>\n<p style=\"text-align: justify\">En su denuncia, el equipo de Ebrard se\u00f1al\u00f3 que la Secretar\u00eda de Bienestar orquest\u00f3 una operaci\u00f3n de captaci\u00f3n de votos a favor de Sheinbaum, lo que refuerza las acusaciones de la oposici\u00f3n, seg\u00fan la cual esta instituci\u00f3n \u2013pilar de la administraci\u00f3n de L\u00f3pez Obrador\u2013 forma parte de una maquinaria electoral. Consciente que su estrategia lo lleva al borde del divorcio con el presidente, recalc\u00f3 que ha sido el \u00abm\u00e1s fiel colaborador\u00bb del tabasque\u00f1o y que \u00abjam\u00e1s le har\u00eda da\u00f1o pol\u00edtico\u00bb.<\/p>\n<p style=\"text-align: justify\">\u00abEsperamos la respuesta de Morena, de su dirigencia\u00bb, dijo, y agreg\u00f3 que en caso de que le reviren que \u00abno pas\u00f3 nada, entonces s\u00ed ya la decisi\u00f3n de su servidor ser\u00eda no seguir, porque no coincido con estas pr\u00e1cticas (&#8230;) ya no tendr\u00eda inter\u00e9s de seguir en Morena\u00bb.<\/p>\n<p style=\"text-align: justify\">Desde que sali\u00f3 ruidosamente del proceso interno de Morena para definir la candidatura a las elecciones presidenciales de 2024, el pasado mi\u00e9rcoles 6, Ebrard hab\u00eda enviado mensajes ambiguos sobre su futuro: evoc\u00f3 y luego abandon\u00f3 la idea de lanzarse como candidato independiente, sugiri\u00f3 que podr\u00eda romper con Morena e irse con Movimiento Ciudadano (MC) y neg\u00f3 que aceptar\u00eda un \u00abpremio de consolaci\u00f3n\u00bb de Morena.<\/p>\n<p style=\"text-align: justify\">Tras el anuncio de hoy, parece que el pol\u00edtico se inclin\u00f3 hacia la ruptura con el partido para que su nombre saliera en las boletas del pr\u00f3ximo a\u00f1o.<\/p>\n<p style=\"text-align: justify\">Con el af\u00e1n de marcar su decisi\u00f3n con un sello hist\u00f3rico, Ebrard equipar\u00f3 su encrucijada con la del general Francisco M\u00fagica, quien lament\u00f3 en 1939 que Manuel \u00c1vila Camacho, su rival en la sucesi\u00f3n de L\u00e1zaro C\u00e1rdenas, hab\u00eda recibido el apoyo de gobernadores, lo cual pon\u00eda en riesgo \u00abla causa\u00bb de la revoluci\u00f3n. Despu\u00e9s de tomar el poder, el mismo \u00c1vila Camacho design\u00f3 a M\u00fagica gobernador de Baja California Sur.<\/p>\n<p style=\"text-align: justify\"><em>] S\u00edguenos en Facebook.com\/<a href=\"https:\/\/www.facebook.com\/acapulcopress\" target=\"_blank\" rel=\"noopener\">acapulcopress<\/a><\/em><br \/>\n<em>] S\u00edguenos en Facebook.com\/<a href=\"https:\/\/www.facebook.com\/angelblanco.press\" target=\"_blank\" rel=\"noopener\">angelblanco.press<\/a><\/em><br \/>\n<em>] S\u00edguenos en ) acapulcopress.com<\/em><\/p>\n","protected":false},"excerpt":{"rendered":"<p>* O se repara la consulta o se va de Morena, insiste CIUDAD DE M\u00c9XICO * Septiembre 11, 2023. ) Apro Despu\u00e9s de cuatro d\u00edas de indefinici\u00f3n, Marcelo Ebrard dio hoy un ultim\u00e1tum a Morena: en caso de que el partido no acceda a su petici\u00f3n de reponer el proceso de selecci\u00f3n de la candidatura&#8230;<\/p>\n","protected":false},"author":2,"featured_media":1256923,"comment_status":"closed","ping_status":"closed","sticky":false,"template":"","format":"standard","meta":{"footnotes":""},"categories":[2052,1972,18561],"tags":[],"class_list":["post-1256921","post","type-post","status-publish","format-standard","has-post-thumbnail","hentry","category-elecciones","category-special","category-society-politics"],"_links":{"self":[{"href":"https:\/\/www.acapulcopress.com\/index.php\/wp-json\/wp\/v2\/posts\/1256921","targetHints":{"allow":["GET"]}}],"collection":[{"href":"https:\/\/www.acapulcopress.com\/index.php\/wp-json\/wp\/v2\/posts"}],"about":[{"href":"https:\/\/www.acapulcopress.com\/index.php\/wp-json\/wp\/v2\/types\/post"}],"author":[{"embeddable":true,"href":"https:\/\/www.acapulcopress.com\/index.php\/wp-json\/wp\/v2\/users\/2"}],"replies":[{"embeddable":true,"href":"https:\/\/www.acapulcopress.com\/index.php\/wp-json\/wp\/v2\/comments?post=1256921"}],"version-history":[{"count":0,"href":"https:\/\/www.acapulcopress.com\/index.php\/wp-json\/wp\/v2\/posts\/1256921\/revisions"}],"wp:featuredmedia":[{"embeddable":true,"href":"https:\/\/www.acapulcopress.com\/index.php\/wp-json\/"}],"wp:attachment":[{"href":"https:\/\/www.acapulcopress.com\/index.php\/wp-json\/wp\/v2\/media?parent=1256921"}],"wp:term":[{"taxonomy":"category","embeddable":true,"href":"https:\/\/www.acapulcopress.com\/index.php\/wp-json\/wp\/v2\/categories?post=1256921"},{"taxonomy":"post_tag","embeddable":true,"href":"https:\/\/www.acapulcopress.com\/index.php\/wp-json\/wp\/v2\/tags?post=1256921"}],"curies":[{"name":"wp","href":"https:\/\/api.w.org\/{rel}","templated":true}]}}