{"id":1256925,"date":"2023-09-11T18:36:14","date_gmt":"2023-09-12T00:36:14","guid":{"rendered":"https:\/\/www.acapulcopress.com\/?p=1256925"},"modified":"2023-09-11T18:36:14","modified_gmt":"2023-09-12T00:36:14","slug":"fallecio-benito-castro-papiringo-de-la-guereja-y-patino-de-paco-stanley","status":"publish","type":"post","link":"https:\/\/www.acapulcopress.com\/index.php\/2023\/09\/11\/fallecio-benito-castro-papiringo-de-la-guereja-y-patino-de-paco-stanley\/","title":{"rendered":"Falleci\u00f3 Benito Castro, &#8216;Papiringo&#8217; de \u00abLa G\u00fcereja\u00bb y &#8216;pati\u00f1o&#8217; de Paco Stanley"},"content":{"rendered":"<p style=\"text-align: justify\">CIUDAD DE M\u00c9XICO * Septiembre 11, 2023.<br \/>\n<em>) <a href=\"https:\/\/www.proceso.com.mx\/cultura\/2023\/9\/11\/revelan-la-causa-de-muerte-de-benito-castro-el-papiringo-de-la-gereja-patino-de-stanley-314645.html\" target=\"_blank\" rel=\"noopener\">Apro<\/a><\/em><\/p>\n<p style=\"text-align: justify\">El actor, comediante e int\u00e9rprete Benito Castro falleci\u00f3 a los 77 a\u00f1os, luego de estar brevemente hospitalizado debido a una ca\u00edda en su casa.<\/p>\n<p style=\"text-align: justify\">Seg\u00fan su sobrina Denise Castro, en entrevista con un programa de Tv Azteca, el c\u00f3mico se cay\u00f3 de las escaleras esta ma\u00f1ana, se lastim\u00f3 el t\u00f3rax y se golpe\u00f3 la cabeza.<\/p>\n<p style=\"text-align: justify\">\u201cHab\u00eda perdido sangre cuando se lo llevaron en la ambulancia. Lo operaron, y en menos de media hora, falleci\u00f3; no aguant\u00f3 la operaci\u00f3n\u201d, relat\u00f3.<\/p>\n<p style=\"text-align: justify\">Tras conocerse el deceso, la Asociaci\u00f3n Nacional de Int\u00e9rpretes (ANDI), la Asociaci\u00f3n Nacional de Actores (ANDA), el Teatro de la Ciudad de M\u00e9xico, y la Filmoteca de la UNAM, lamentaron el deceso.<\/p>\n<p style=\"text-align: justify\">\u201cHab\u00eda perdido sangre cuando se lo llevaron en la ambulancia. Lo operaron, y en menos de media hora, falleci\u00f3; no aguant\u00f3 la operaci\u00f3n\u201d, relat\u00f3.<\/p>\n<p style=\"text-align: justify\">Tras conocerse el deceso, la Asociaci\u00f3n Nacional de Int\u00e9rpretes (ANDI), la Asociaci\u00f3n Nacional de Actores (ANDA), el Teatro de la Ciudad de M\u00e9xico, y la Filmoteca de la UNAM, lamentaron el deceso.<\/p>\n<p style=\"text-align: justify\">El actor se encontraba de gira con la puesta teatral \u201c\u00bfPor qu\u00e9 las queremos tanto?\u201d, en donde comparte cr\u00e9ditos con C\u00e9sar Bono, Luis de Alba, Carlos Bonavides y Alejandro Su\u00e1rez. La obra ha recorrido distintos recintos del pa\u00eds.<\/p>\n<p style=\"text-align: justify\"><strong>De Los Hermanos Castro a \u00abPapiringo\u00bb de La G\u00fcereja<\/strong><\/p>\n<p>Castro fue hijo del comediante Arturo \u00abEl Bigot\u00f3n\u00bb Castro, actor de la \u00e9poca del cine de oro, y form\u00f3 parte de la agrupaci\u00f3n Los Hermanos Castro, dinast\u00eda art\u00edstica junto a sus primos Gualberto y Arturo, en donde Benito toc\u00f3 la guitarra y realizaba armon\u00edas.<\/p>\n<p style=\"text-align: justify\">Tambi\u00e9n realiz\u00f3 colaboraciones con el programa <em>La Carabina de Ambrosio<\/em> en los a\u00f1os ochentas.<\/p>\n<p style=\"text-align: justify\">Tuvo una cercana amistad con el fallecido comediante Paco Stanley, de quien fue su \u201cpati\u00f1o\u201d en una primera etapa, antes de Mario Bezares, y en el m\u00e1s reciente documental sobre Paco, Castro confes\u00f3 que \u00e9l y Stanley llegaron a consumir drogas juntos, adem\u00e1s de haber conocido a algunos l\u00edderes de c\u00e1rteles.<\/p>\n<p style=\"text-align: justify\">Fue reconocido de manera m\u00e1s reciente por su papel de \u201cpapiringo\u201d en la serie de comedia dosmilera \u201cLa G\u00fcereja y algo m\u00e1s\u2026\u201d, de Televisa, en donde hac\u00eda de pap\u00e1 de una ni\u00f1a (Mar\u00eda Elena Salda\u00f1a); la relaci\u00f3n padre-hija y sus vicisitudes en medio de momentos de comedia hicieron que el d\u00fao realizara una gira teatral por todo el pa\u00eds.<\/p>\n<p style=\"text-align: justify\">En el cine dej\u00f3 huella en los filmes \u201cEl misterio de los hongos alucinantes\u201d (1968) y \u201cLa sangre de los inocentes\u201d (1995).<\/p>\n<p style=\"text-align: justify\">Arturo Benito Castro Hern\u00e1ndez naci\u00f3 en la Ciudad de M\u00e9xico el 5 de junio de 1946 y tuvo una trayectoria art\u00edstica de unas cinco d\u00e9cadas.<\/p>\n<p style=\"text-align: justify\"><em>] S\u00edguenos en Facebook.com\/<a href=\"https:\/\/www.facebook.com\/acapulcopress\" target=\"_blank\" rel=\"noopener\">acapulcopress<\/a><\/em><br \/>\n<em>] S\u00edguenos en Facebook.com\/<a href=\"https:\/\/www.facebook.com\/angelblanco.press\" target=\"_blank\" rel=\"noopener\">angelblanco.press<\/a><\/em><\/p>\n","protected":false},"excerpt":{"rendered":"<p>CIUDAD DE M\u00c9XICO * Septiembre 11, 2023. ) Apro El actor, comediante e int\u00e9rprete Benito Castro falleci\u00f3 a los 77 a\u00f1os, luego de estar brevemente hospitalizado debido a una ca\u00edda en su casa. Seg\u00fan su sobrina Denise Castro, en entrevista con un programa de Tv Azteca, el c\u00f3mico se cay\u00f3 de las escaleras esta ma\u00f1ana,&#8230;<\/p>\n","protected":false},"author":2,"featured_media":1256926,"comment_status":"closed","ping_status":"closed","sticky":false,"template":"","format":"standard","meta":{"footnotes":""},"categories":[1972,1988,1994],"tags":[2267,3566,4183,4312,4313,4685,5177,7069,8634,11528,11560,12086,12168,13475,17012],"class_list":["post-1256925","post","type-post","status-publish","format-standard","has-post-thumbnail","hentry","category-special","category-lifestyles","category-personalidades","tag-papiringo","tag-alejandro-suarez","tag-arturo-benito-castro-hernandez","tag-asociacion-nacional-de-actores-anda","tag-asociacion-nacional-de-interpretes-andi","tag-benito-castro","tag-carlos-bonavides","tag-denise-castro","tag-filmoteca-de-la-unam","tag-la-carabina-de-ambrosio","tag-la-guereja","tag-los-hermanos-castro","tag-luis-de-alba","tag-n-cesar-bono","tag-teatro-de-la-ciudad-de-mexico"],"_links":{"self":[{"href":"https:\/\/www.acapulcopress.com\/index.php\/wp-json\/wp\/v2\/posts\/1256925","targetHints":{"allow":["GET"]}}],"collection":[{"href":"https:\/\/www.acapulcopress.com\/index.php\/wp-json\/wp\/v2\/posts"}],"about":[{"href":"https:\/\/www.acapulcopress.com\/index.php\/wp-json\/wp\/v2\/types\/post"}],"author":[{"embeddable":true,"href":"https:\/\/www.acapulcopress.com\/index.php\/wp-json\/wp\/v2\/users\/2"}],"replies":[{"embeddable":true,"href":"https:\/\/www.acapulcopress.com\/index.php\/wp-json\/wp\/v2\/comments?post=1256925"}],"version-history":[{"count":0,"href":"https:\/\/www.acapulcopress.com\/index.php\/wp-json\/wp\/v2\/posts\/1256925\/revisions"}],"wp:featuredmedia":[{"embeddable":true,"href":"https:\/\/www.acapulcopress.com\/index.php\/wp-json\/"}],"wp:attachment":[{"href":"https:\/\/www.acapulcopress.com\/index.php\/wp-json\/wp\/v2\/media?parent=1256925"}],"wp:term":[{"taxonomy":"category","embeddable":true,"href":"https:\/\/www.acapulcopress.com\/index.php\/wp-json\/wp\/v2\/categories?post=1256925"},{"taxonomy":"post_tag","embeddable":true,"href":"https:\/\/www.acapulcopress.com\/index.php\/wp-json\/wp\/v2\/tags?post=1256925"}],"curies":[{"name":"wp","href":"https:\/\/api.w.org\/{rel}","templated":true}]}}