{"id":1256928,"date":"2023-09-11T19:24:08","date_gmt":"2023-09-12T01:24:08","guid":{"rendered":"https:\/\/www.acapulcopress.com\/?p=1256928"},"modified":"2023-09-11T19:24:08","modified_gmt":"2023-09-12T01:24:08","slug":"mc-padre-del-cinismo","status":"publish","type":"post","link":"https:\/\/www.acapulcopress.com\/index.php\/2023\/09\/11\/mc-padre-del-cinismo\/","title":{"rendered":"MC | \u00bfPadre del cinismo?"},"content":{"rendered":"<div class=\"xdj266r x11i5rnm xat24cr x1mh8g0r x1vvkbs x126k92a\">\n<div dir=\"auto\" style=\"text-align: justify\"><strong>E d i t o r i a l\u00a0<\/strong><\/p>\n<\/div>\n<\/div>\n<div class=\"x11i5rnm xat24cr x1mh8g0r x1vvkbs xtlvy1s x126k92a\" style=\"text-align: justify\">\n<div dir=\"auto\">Con un violador de los derechos humanos (camisa azul) como Coordinador Municipal en Acapulco (<strong>Recomendaci\u00f3n 07\/52<\/strong> | <strong>Expediente CEDHG-DRA\/011\/2022-IV<\/strong>), el <img loading=\"lazy\" decoding=\"async\" class=\"alignleft size-medium wp-image-1256930\" src=\"https:\/\/www.acapulcopress.com\/wp-content\/uploads\/2023\/09\/GENARO-VAZQUEZ-375x233.jpg\" alt=\"\" width=\"375\" height=\"233\" \/>coordinador estatal de <a class=\"x1i10hfl xjbqb8w x6umtig x1b1mbwd xaqea5y xav7gou x9f619 x1ypdohk xt0psk2 xe8uvvx xdj266r x11i5rnm xat24cr x1mh8g0r xexx8yu x4uap5 x18d9i69 xkhd6sd x16tdsg8 x1hl2dhg xggy1nq x1a2a7pz xt0b8zv x1qq9wsj xo1l8bm\" role=\"link\" href=\"https:\/\/www.facebook.com\/MovCiudadanoGro?__cft__[0]=AZUdIPE_TrlRw_iuxq3ur8D3wOWVw176bECcWnoRqt9sMl7aTjd3gefeZxXhWWFxOtiK1jo8-tVfsNjrDALWWPo-B5dCPNpjyYPPTXxNu_tFU4DP6X9XqPCcPfxn3TcSY0msNrEAwbdLq3n8DjdavdUgXIxk0lOlmgV-0FLw_9BoANevfkPCaFHQFy0siEohLK0&amp;__tn__=-]K-R\" target=\"_blank\" rel=\"noopener\"><span class=\"xt0psk2\">Movimiento Ciudadano Guerrero<\/span><\/a>, <a class=\"x1i10hfl xjbqb8w x6umtig x1b1mbwd xaqea5y xav7gou x9f619 x1ypdohk xt0psk2 xe8uvvx xdj266r x11i5rnm xat24cr x1mh8g0r xexx8yu x4uap5 x18d9i69 xkhd6sd x16tdsg8 x1hl2dhg xggy1nq x1a2a7pz xt0b8zv x1qq9wsj xo1l8bm\" role=\"link\" href=\"https:\/\/www.facebook.com\/JulianLopezGaleanaMX?__cft__[0]=AZUdIPE_TrlRw_iuxq3ur8D3wOWVw176bECcWnoRqt9sMl7aTjd3gefeZxXhWWFxOtiK1jo8-tVfsNjrDALWWPo-B5dCPNpjyYPPTXxNu_tFU4DP6X9XqPCcPfxn3TcSY0msNrEAwbdLq3n8DjdavdUgXIxk0lOlmgV-0FLw_9BoANevfkPCaFHQFy0siEohLK0&amp;__tn__=-]K-R\" target=\"_blank\" rel=\"noopener\"><span class=\"xt0psk2\">Juli\u00e1n L\u00f3pez Galeana<\/span><\/a>, demanda \u00abse reconozca que existe una crisis de derechos humanos en Guerrero\u00bb y exige \u00abque autoridades estatales establezcan urgentemente una mesa de trabajo para atender este importante tema\u00bb.<\/p>\n<\/div>\n<\/div>\n<div class=\"x11i5rnm xat24cr x1mh8g0r x1vvkbs xtlvy1s x126k92a\" style=\"text-align: justify\">\n<div dir=\"auto\">\u00bfSe vale que los transgresores de los derechos humanos y la libertad de expresi\u00f3n pululen impunes y ostenten cargos p\u00fablicos en MC, que se jacta, como Morena, de ser una alternativa pol\u00edtica diferente a los de la vieja mafia del poder?<\/p>\n<p>Si es as\u00ed, \u00a1qu\u00e9 partido tan jodido y decadente con un dirigente con antecedentes penales por fraude y falsificaci\u00f3n de documentos partidistas y un violador de los derechos humanos como dirigentes!<\/p>\n<\/div>\n<\/div>\n<div class=\"x11i5rnm xat24cr x1mh8g0r x1vvkbs xtlvy1s x126k92a\" style=\"text-align: justify\">\n<div dir=\"auto\">\u00bfEn serio el futuro de M\u00e9xico es naranja?<\/p>\n<\/div>\n<\/div>\n<div class=\"x11i5rnm xat24cr x1mh8g0r x1vvkbs xtlvy1s x126k92a\" style=\"text-align: justify\">\n<div dir=\"auto\">\u00bfQu\u00e9 opini\u00f3n tendr\u00e1 de este asunto la Comisi\u00f3n de los <a class=\"x1i10hfl xjbqb8w x6umtig x1b1mbwd xaqea5y xav7gou x9f619 x1ypdohk xt0psk2 xe8uvvx xdj266r x11i5rnm xat24cr x1mh8g0r xexx8yu x4uap5 x18d9i69 xkhd6sd x16tdsg8 x1hl2dhg xggy1nq x1a2a7pz xt0b8zv x1qq9wsj xo1l8bm\" role=\"link\" href=\"https:\/\/www.facebook.com\/cdheggro?__cft__[0]=AZUdIPE_TrlRw_iuxq3ur8D3wOWVw176bECcWnoRqt9sMl7aTjd3gefeZxXhWWFxOtiK1jo8-tVfsNjrDALWWPo-B5dCPNpjyYPPTXxNu_tFU4DP6X9XqPCcPfxn3TcSY0msNrEAwbdLq3n8DjdavdUgXIxk0lOlmgV-0FLw_9BoANevfkPCaFHQFy0siEohLK0&amp;__tn__=-]K-R\" target=\"_blank\" rel=\"noopener\"><span class=\"xt0psk2\">Derechos Humanos Guerrero<\/span><\/a> y la Comisi\u00f3n de Derechos Humanos de la LXIII Legislatura del <a class=\"x1i10hfl xjbqb8w x6umtig x1b1mbwd xaqea5y xav7gou x9f619 x1ypdohk xt0psk2 xe8uvvx xdj266r x11i5rnm xat24cr x1mh8g0r xexx8yu x4uap5 x18d9i69 xkhd6sd x16tdsg8 x1hl2dhg xggy1nq x1a2a7pz xt0b8zv x1qq9wsj xo1l8bm\" role=\"link\" href=\"https:\/\/www.facebook.com\/congresogro?__cft__[0]=AZUdIPE_TrlRw_iuxq3ur8D3wOWVw176bECcWnoRqt9sMl7aTjd3gefeZxXhWWFxOtiK1jo8-tVfsNjrDALWWPo-B5dCPNpjyYPPTXxNu_tFU4DP6X9XqPCcPfxn3TcSY0msNrEAwbdLq3n8DjdavdUgXIxk0lOlmgV-0FLw_9BoANevfkPCaFHQFy0siEohLK0&amp;__tn__=-]K-R\" target=\"_blank\" rel=\"noopener\"><span class=\"xt0psk2\">Congreso del Estado de Guerrero<\/span><\/a>&#8230; o <a class=\"x1i10hfl xjbqb8w x6umtig x1b1mbwd xaqea5y xav7gou x9f619 x1ypdohk xt0psk2 xe8uvvx xdj266r x11i5rnm xat24cr x1mh8g0r xexx8yu x4uap5 x18d9i69 xkhd6sd x16tdsg8 x1hl2dhg xggy1nq x1a2a7pz xt0b8zv x1qq9wsj xo1l8bm\" role=\"link\" href=\"https:\/\/www.facebook.com\/DanteDelgadoR?__cft__[0]=AZUdIPE_TrlRw_iuxq3ur8D3wOWVw176bECcWnoRqt9sMl7aTjd3gefeZxXhWWFxOtiK1jo8-tVfsNjrDALWWPo-B5dCPNpjyYPPTXxNu_tFU4DP6X9XqPCcPfxn3TcSY0msNrEAwbdLq3n8DjdavdUgXIxk0lOlmgV-0FLw_9BoANevfkPCaFHQFy0siEohLK0&amp;__tn__=-]K-R\"><span class=\"xt0psk2\">Dante Delgado<\/span><\/a>, el palad\u00edn de los derechos humanos en M\u00e9xico?<\/div>\n<\/div>\n<div class=\"x11i5rnm xat24cr x1mh8g0r x1vvkbs xtlvy1s x126k92a\">\n<div dir=\"auto\" style=\"text-align: justify\">) <a class=\"x1i10hfl xjbqb8w x6umtig x1b1mbwd xaqea5y xav7gou x9f619 x1ypdohk xt0psk2 xe8uvvx xdj266r x11i5rnm xat24cr x1mh8g0r xexx8yu x4uap5 x18d9i69 xkhd6sd x16tdsg8 x1hl2dhg xggy1nq x1a2a7pz xt0b8zv x1qq9wsj xo1l8bm\" role=\"link\" href=\"https:\/\/www.facebook.com\/acapulcopress.news?__cft__[0]=AZUdIPE_TrlRw_iuxq3ur8D3wOWVw176bECcWnoRqt9sMl7aTjd3gefeZxXhWWFxOtiK1jo8-tVfsNjrDALWWPo-B5dCPNpjyYPPTXxNu_tFU4DP6X9XqPCcPfxn3TcSY0msNrEAwbdLq3n8DjdavdUgXIxk0lOlmgV-0FLw_9BoANevfkPCaFHQFy0siEohLK0&amp;__tn__=-]K-R\" target=\"_blank\" rel=\"noopener\"><span class=\"xt0psk2\">AcapulcoPress<\/span><\/a><\/div>\n<\/div>\n","protected":false},"excerpt":{"rendered":"<p>E d i t o r i a l\u00a0 Con un violador de los derechos humanos (camisa azul) como Coordinador Municipal en Acapulco (Recomendaci\u00f3n 07\/52 | Expediente CEDHG-DRA\/011\/2022-IV), el coordinador estatal de Movimiento Ciudadano Guerrero, Juli\u00e1n L\u00f3pez Galeana, demanda \u00abse reconozca que existe una crisis de derechos humanos en Guerrero\u00bb y exige \u00abque autoridades estatales&#8230;<\/p>\n","protected":false},"author":2,"featured_media":1256929,"comment_status":"closed","ping_status":"closed","sticky":false,"template":"","format":"standard","meta":{"footnotes":""},"categories":[2048,1972,2008],"tags":[6091,6119,6384,6944,9132,11308,13339,15349],"class_list":["post-1256928","post","type-post","status-publish","format-standard","has-post-thumbnail","hentry","category-editorial-editorial","category-special","category-editorial","tag-comision-de-derechos-humanos-de-la-lxiii-legislatura","tag-comision-de-los-derechos-humanos-guerrero","tag-congreso-del-estado-de-guerrero","tag-dante-delgado-rannauro","tag-genaro-vazquez-flores","tag-julian-lopez-galeana","tag-movimiento-ciudadano-guerrero","tag-recomendacion-07-52-expediente-cedhg-dra-011-2022-iv"],"_links":{"self":[{"href":"https:\/\/www.acapulcopress.com\/index.php\/wp-json\/wp\/v2\/posts\/1256928","targetHints":{"allow":["GET"]}}],"collection":[{"href":"https:\/\/www.acapulcopress.com\/index.php\/wp-json\/wp\/v2\/posts"}],"about":[{"href":"https:\/\/www.acapulcopress.com\/index.php\/wp-json\/wp\/v2\/types\/post"}],"author":[{"embeddable":true,"href":"https:\/\/www.acapulcopress.com\/index.php\/wp-json\/wp\/v2\/users\/2"}],"replies":[{"embeddable":true,"href":"https:\/\/www.acapulcopress.com\/index.php\/wp-json\/wp\/v2\/comments?post=1256928"}],"version-history":[{"count":0,"href":"https:\/\/www.acapulcopress.com\/index.php\/wp-json\/wp\/v2\/posts\/1256928\/revisions"}],"wp:featuredmedia":[{"embeddable":true,"href":"https:\/\/www.acapulcopress.com\/index.php\/wp-json\/"}],"wp:attachment":[{"href":"https:\/\/www.acapulcopress.com\/index.php\/wp-json\/wp\/v2\/media?parent=1256928"}],"wp:term":[{"taxonomy":"category","embeddable":true,"href":"https:\/\/www.acapulcopress.com\/index.php\/wp-json\/wp\/v2\/categories?post=1256928"},{"taxonomy":"post_tag","embeddable":true,"href":"https:\/\/www.acapulcopress.com\/index.php\/wp-json\/wp\/v2\/tags?post=1256928"}],"curies":[{"name":"wp","href":"https:\/\/api.w.org\/{rel}","templated":true}]}}