{"id":1256936,"date":"2023-09-11T20:25:18","date_gmt":"2023-09-12T02:25:18","guid":{"rendered":"https:\/\/www.acapulcopress.com\/?p=1256936"},"modified":"2023-09-11T20:25:18","modified_gmt":"2023-09-12T02:25:18","slug":"declaran-a-libia-zona-de-catastrofe","status":"publish","type":"post","link":"https:\/\/www.acapulcopress.com\/index.php\/2023\/09\/11\/declaran-a-libia-zona-de-catastrofe\/","title":{"rendered":"Declaran a Libia \u00abzona de cat\u00e1strofe\u00bb"},"content":{"rendered":"<p style=\"text-align: justify\"><strong>* Se temen 2.000 muertos en Libia tras paso de tormenta Daniel<\/strong><\/p>\n<p>MARJ, Libia * Septiembre 11, 2023.<br \/>\n<em>) Agencias<\/em><\/p>\n<p style=\"text-align: justify\">Al menos 27 personas murieron este 11 de septiembre en las inundaciones en el este de <img loading=\"lazy\" decoding=\"async\" class=\"alignleft size-medium wp-image-1256938\" src=\"https:\/\/www.acapulcopress.com\/wp-content\/uploads\/2023\/09\/libia-inundacion-375x211.jpg\" alt=\"\" width=\"375\" height=\"211\" \/>Libia, pero se temen 2.000 muertos o m\u00e1s tras el paso de la tormenta mediterr\u00e1nea \u00abDaniel\u201d que caus\u00f3 devastadoras inundaciones durante el fin de semana en la naci\u00f3n norteafricana.<\/p>\n<p style=\"text-align: justify\">En una entrevista telef\u00f3nica con el canal de televisi\u00f3n al-Masar el lunes, el primer ministro Ossama Hamad, del gobierno paralelo del este de Libia, dijo que se tem\u00eda que 2.000 muertos en la ciudad oriental de Derna y miles de desaparecidos.<\/p>\n<p style=\"text-align: justify\"><strong>El este de Libia declarada \u00abzona de cat\u00e1strofe\u00bb<\/strong><\/p>\n<p>Seg\u00fan Ossama Hamad, las inundaciones han arrasado barrios enteros de Derna, declarada zona catastr\u00f3fica. Por su parte, Othman Abduljaleel, ministro de Sanidad del gobierno del este de Libia, anunci\u00f3 a primera hora del lunes un balance de 27 muertos en una entrevista <img loading=\"lazy\" decoding=\"async\" class=\"alignleft size-medium wp-image-1256939\" src=\"https:\/\/www.acapulcopress.com\/wp-content\/uploads\/2023\/09\/LIBIA-375x164.webp\" alt=\"\" width=\"375\" height=\"164\" \/>telef\u00f3nica en el canal de noticias por sat\u00e9lite de propiedad saud\u00ed Al-Arabiya.<\/p>\n<p style=\"text-align: justify\">Seg\u00fan Abduljaleel, entre los muertos hab\u00eda 12 personas en la ciudad oriental de Bayda, bas\u00e1ndose en cifras dadas por el principal centro m\u00e9dico de la ciudad. Otras siete fueron registradas en la ciudad costera de Susa, en el noreste de Libia.<\/p>\n<p style=\"text-align: justify\"><strong>La Uni\u00f3n Africana expresa solidaridad con Libia<br \/>\n<\/strong><br \/>\nEl presidente de la Comisi\u00f3n (secretariado) de la Uni\u00f3n Africana (UA), Moussa Faki Mahamat, mostr\u00f3 hoy su solidaridad con Libia, despu\u00e9s de que m\u00e1s de 2.000 personas hayan perdido la vida como consecuencia del cicl\u00f3n Daniel, que azota desde este domingo la zona nororiental del pa\u00eds.<\/p>\n<p style=\"text-align: justify\">\u00abTras el hurac\u00e1n que golpe\u00f3 el este de Libia, expreso mi plena solidaridad y compasi\u00f3n con las familias de las v\u00edctimas y de los desparecidos\u00bb, dijo Mahamat este lunes a trav\u00e9s de la red social X (antes Twitter). \u00abTambi\u00e9n felicito a las autoridades libias mientas se enfrentan a este desastre natural y pido apoyo internacional para los esfuerzos de respuesta\u00bb, a\u00f1adi\u00f3 el presidente de la Comisi\u00f3n de la UA, con sede en Ad\u00eds Abeba.<\/p>\n<p style=\"text-align: justify\"><em>] S\u00edguenos en Facebook.com\/<a href=\"https:\/\/www.facebook.com\/acapulcopress\" target=\"_blank\" rel=\"noopener\">acapulcopress<\/a><\/em><br \/>\n<em>] S\u00edguenos en Facebook.com\/<a href=\"https:\/\/www.facebook.com\/angelblanco.press\" target=\"_blank\" rel=\"noopener\">angelblanco.press<\/a><\/em><\/p>\n","protected":false},"excerpt":{"rendered":"<p>* Se temen 2.000 muertos en Libia tras paso de tormenta Daniel MARJ, Libia * Septiembre 11, 2023. ) Agencias Al menos 27 personas murieron este 11 de septiembre en las inundaciones en el este de Libia, pero se temen 2.000 muertos o m\u00e1s tras el paso de la tormenta mediterr\u00e1nea \u00abDaniel\u201d que caus\u00f3 devastadoras&#8230;<\/p>\n","protected":false},"author":2,"featured_media":1256937,"comment_status":"closed","ping_status":"closed","sticky":false,"template":"","format":"standard","meta":{"footnotes":""},"categories":[2036,1969,1997],"tags":[17285],"class_list":["post-1256936","post","type-post","status-publish","format-standard","has-post-thumbnail","hentry","category-el-clima","category-trending","category-noticias-destacadas","tag-tormenta-daniel"],"_links":{"self":[{"href":"https:\/\/www.acapulcopress.com\/index.php\/wp-json\/wp\/v2\/posts\/1256936","targetHints":{"allow":["GET"]}}],"collection":[{"href":"https:\/\/www.acapulcopress.com\/index.php\/wp-json\/wp\/v2\/posts"}],"about":[{"href":"https:\/\/www.acapulcopress.com\/index.php\/wp-json\/wp\/v2\/types\/post"}],"author":[{"embeddable":true,"href":"https:\/\/www.acapulcopress.com\/index.php\/wp-json\/wp\/v2\/users\/2"}],"replies":[{"embeddable":true,"href":"https:\/\/www.acapulcopress.com\/index.php\/wp-json\/wp\/v2\/comments?post=1256936"}],"version-history":[{"count":0,"href":"https:\/\/www.acapulcopress.com\/index.php\/wp-json\/wp\/v2\/posts\/1256936\/revisions"}],"wp:featuredmedia":[{"embeddable":true,"href":"https:\/\/www.acapulcopress.com\/index.php\/wp-json\/"}],"wp:attachment":[{"href":"https:\/\/www.acapulcopress.com\/index.php\/wp-json\/wp\/v2\/media?parent=1256936"}],"wp:term":[{"taxonomy":"category","embeddable":true,"href":"https:\/\/www.acapulcopress.com\/index.php\/wp-json\/wp\/v2\/categories?post=1256936"},{"taxonomy":"post_tag","embeddable":true,"href":"https:\/\/www.acapulcopress.com\/index.php\/wp-json\/wp\/v2\/tags?post=1256936"}],"curies":[{"name":"wp","href":"https:\/\/api.w.org\/{rel}","templated":true}]}}