{"id":1256941,"date":"2023-09-11T20:46:32","date_gmt":"2023-09-12T02:46:32","guid":{"rendered":"https:\/\/www.acapulcopress.com\/?p=1256941"},"modified":"2023-09-11T20:46:32","modified_gmt":"2023-09-12T02:46:32","slug":"gobernadora-entrego-nombramientos-de-regularizacion-a-200-docentes-indigenas","status":"publish","type":"post","link":"https:\/\/www.acapulcopress.com\/index.php\/2023\/09\/11\/gobernadora-entrego-nombramientos-de-regularizacion-a-200-docentes-indigenas\/","title":{"rendered":"Gobernadora entreg\u00f3 nombramientos de regularizaci\u00f3n a 200 docentes ind\u00edgenas"},"content":{"rendered":"<p style=\"text-align: justify\">CHILPANCINGO * Septiembre 11, 2023.<br \/>\n<em>) Gobierno de Guerrero<\/em><br \/>\nComo parte de la transformaci\u00f3n educativa en Guerrero, la gobernadora <a href=\"https:\/\/www.facebook.com\/EvelynSalgadoP\" target=\"_blank\" rel=\"noopener\">Evelyn Salgado Pineda<\/a> entreg\u00f3 nombramientos de regularizaci\u00f3n a 200 docentes de educaci\u00f3n ind\u00edgena con <img loading=\"lazy\" decoding=\"async\" class=\"alignleft size-medium wp-image-1256946\" src=\"https:\/\/www.acapulcopress.com\/wp-content\/uploads\/2023\/09\/EVELYN-EDUCACION5-375x250.jpg\" alt=\"\" width=\"375\" height=\"250\" \/>claves bajas, sumando un total de mil 218 maestros beneficiados en lo que va del a\u00f1o, lo que representa una inversi\u00f3n anual de mil 600 millones de pesos.<\/p>\n<p style=\"text-align: justify\">En este acto de justicia laboral con las maestras y maestros de Guerrero, la gobernadora dijo que estas acciones son parte del compromiso de su gobierno con el desarrollo de los pueblos ind\u00edgenas, con la convicci\u00f3n de que s\u00f3lo, a trav\u00e9s de la educaci\u00f3n es como se conquistar\u00e1n los objetivos de bienestar y desarrollo para Guerrero.<\/p>\n<p style=\"text-align: justify\">Dijo que esta es una entrega hist\u00f3rica de regularizaci\u00f3n de claves bajas de educaci\u00f3n ind\u00edgena, pues hay trabajadores de las cuatro \u00e1reas ling\u00fc\u00edsticas: Nahua, Nomndaa, Me&#8217;phaa y \u00d1uu Savi, que ten\u00edan m\u00e1s de 20 a\u00f1os buscando la recategorizaci\u00f3n de su <img loading=\"lazy\" decoding=\"async\" class=\"alignleft size-medium wp-image-1256945\" src=\"https:\/\/www.acapulcopress.com\/wp-content\/uploads\/2023\/09\/EVELYN-EDUCACION4-375x224.jpg\" alt=\"\" width=\"375\" height=\"224\" \/>empleo, lo que implica un incremento a su salario, cumpliendo as\u00ed con esta demanda de respeto a sus derechos laborales.<\/p>\n<p style=\"text-align: justify\">Maestras y maestros de las zonas ind\u00edgenas alejadas de las regiones Monta\u00f1a y Costa Chica recibieron de la gobernadora Evelyn Salgado y del secretario de Educaci\u00f3n Marcial Rodr\u00edguez Salda\u00f1a, sus nuevos nombramientos con la recategorizaci\u00f3n en sus claves laborales de educaci\u00f3n preescolar y primaria que implica una inversi\u00f3n anual de mil 600 millones de pesos en beneficio de mil 218 docentes de educaci\u00f3n ind\u00edgena.<\/p>\n<p style=\"text-align: justify\">\u00abEste gobierno tiene toda la voluntad de hacer justicia a los maestros de ni\u00f1as, ni\u00f1os y j\u00f3venes en los lugares m\u00e1s alejados, comunidades. No est\u00e1n solas, ni solos, tienen todo el <img loading=\"lazy\" decoding=\"async\" class=\"alignleft size-medium wp-image-1256943\" src=\"https:\/\/www.acapulcopress.com\/wp-content\/uploads\/2023\/09\/EVELYN-EDUCACION2-375x250.jpg\" alt=\"\" width=\"375\" height=\"250\" \/>apoyo de la Secretar\u00eda de Educaci\u00f3n y de esta administraci\u00f3n que les reconoce como un gran pilar de la gran revoluci\u00f3n educativa\u00bb, expres\u00f3 la mandataria estatal.<\/p>\n<p style=\"text-align: justify\">En su mensaje el secretario de Educaci\u00f3n Guerrero, Marcial Rodr\u00edguez Salda\u00f1a inform\u00f3 que, como parte del trabajo intenso de justicia laboral para el sector educativo en Guerrero se han entregado mil 586 plazas nuevas, de las cuales, mil 200 ya son maestros basificados, adem\u00e1s se han entregado tambi\u00e9n 295 promociones de docentes a funciones directivas, mil 428 horas adicionales a 200 docentes.<\/p>\n<p style=\"text-align: justify\">As\u00ed como dos mil 706 promociones horizontales, 825 est\u00edmulos a la educaci\u00f3n, 360 medallas de reconocimientos a docentes y han ingresado a la n\u00f3mina FONE un total de 525 <img loading=\"lazy\" decoding=\"async\" class=\"alignleft size-medium wp-image-1256944\" src=\"https:\/\/www.acapulcopress.com\/wp-content\/uploads\/2023\/09\/EVELYN-EDUCACION3-375x250.jpg\" alt=\"\" width=\"375\" height=\"250\" \/>trabajadores y hoy se cierra la tercera etapa de recategorizaci\u00f3n a claves bajas de Educaci\u00f3n Ind\u00edgena a mil 218 trabajadores que ten\u00edan algunos m\u00e1s de 20 a\u00f1os buscando esta regularizaci\u00f3n.<\/p>\n<p style=\"text-align: justify\">\u00abEsto es gracias al apoyo que da el presidente Andr\u00e9s Manuel L\u00f3pez Obrador a los maestros de Guerrero y a la gesti\u00f3n que hace la gobernadora Evelyn Salgado, con lo cual se demuestra que est\u00e1 muy comprometida con la educaci\u00f3n en Guerrero y con las y los maestros\u00bb, expres\u00f3 Rodr\u00edguez Salda\u00f1a.<\/p>\n<p style=\"text-align: justify\">Asistieron el subsecretario de Administraci\u00f3n y Finanzas de la SEG, Alejandro Moreno Lira; la representante de los beneficiarios, la profesora Fabiola Mart\u00ednez Carbajal, entre otros funcionarios y personal de la Secretar\u00eda de Educaci\u00f3n\u00a0Guerrero.<\/p>\n<p style=\"text-align: justify\"><em>] S\u00edguenos en Facebook.com\/<a href=\"https:\/\/www.facebook.com\/acapulcopress\" target=\"_blank\" rel=\"noopener\">acapulcopress<\/a><\/em><br \/>\n<em>] S\u00edguenos en Facebook.com\/<a href=\"https:\/\/www.facebook.com\/angelblanco.press\" target=\"_blank\" rel=\"noopener\">angelblanco.press<\/a><\/em><\/p>\n","protected":false},"excerpt":{"rendered":"<p>CHILPANCINGO * Septiembre 11, 2023. ) Gobierno de Guerrero Como parte de la transformaci\u00f3n educativa en Guerrero, la gobernadora Evelyn Salgado Pineda entreg\u00f3 nombramientos de regularizaci\u00f3n a 200 docentes de educaci\u00f3n ind\u00edgena con claves bajas, sumando un total de mil 218 maestros beneficiados en lo que va del a\u00f1o, lo que representa una inversi\u00f3n anual&#8230;<\/p>\n","protected":false},"author":2,"featured_media":1256942,"comment_status":"closed","ping_status":"closed","sticky":false,"template":"","format":"standard","meta":{"footnotes":""},"categories":[1983,18561],"tags":[8251,12862,13500,13725,13822],"class_list":["post-1256941","post","type-post","status-publish","format-standard","has-post-thumbnail","hentry","category-guerrerogob","category-society-politics","tag-evelyn-salgado-pineda","tag-mephaa","tag-nahua","tag-nomndaa","tag-nuu-savi"],"_links":{"self":[{"href":"https:\/\/www.acapulcopress.com\/index.php\/wp-json\/wp\/v2\/posts\/1256941","targetHints":{"allow":["GET"]}}],"collection":[{"href":"https:\/\/www.acapulcopress.com\/index.php\/wp-json\/wp\/v2\/posts"}],"about":[{"href":"https:\/\/www.acapulcopress.com\/index.php\/wp-json\/wp\/v2\/types\/post"}],"author":[{"embeddable":true,"href":"https:\/\/www.acapulcopress.com\/index.php\/wp-json\/wp\/v2\/users\/2"}],"replies":[{"embeddable":true,"href":"https:\/\/www.acapulcopress.com\/index.php\/wp-json\/wp\/v2\/comments?post=1256941"}],"version-history":[{"count":0,"href":"https:\/\/www.acapulcopress.com\/index.php\/wp-json\/wp\/v2\/posts\/1256941\/revisions"}],"wp:featuredmedia":[{"embeddable":true,"href":"https:\/\/www.acapulcopress.com\/index.php\/wp-json\/"}],"wp:attachment":[{"href":"https:\/\/www.acapulcopress.com\/index.php\/wp-json\/wp\/v2\/media?parent=1256941"}],"wp:term":[{"taxonomy":"category","embeddable":true,"href":"https:\/\/www.acapulcopress.com\/index.php\/wp-json\/wp\/v2\/categories?post=1256941"},{"taxonomy":"post_tag","embeddable":true,"href":"https:\/\/www.acapulcopress.com\/index.php\/wp-json\/wp\/v2\/tags?post=1256941"}],"curies":[{"name":"wp","href":"https:\/\/api.w.org\/{rel}","templated":true}]}}