{"id":1256951,"date":"2023-09-12T17:51:25","date_gmt":"2023-09-12T23:51:25","guid":{"rendered":"https:\/\/www.acapulcopress.com\/?p=1256951"},"modified":"2023-09-12T17:51:25","modified_gmt":"2023-09-12T23:51:25","slug":"la-uagro-ariete-politico-de-javier-saldana","status":"publish","type":"post","link":"https:\/\/www.acapulcopress.com\/index.php\/2023\/09\/12\/la-uagro-ariete-politico-de-javier-saldana\/","title":{"rendered":"La UAGro, ariete pol\u00edtico de Javier Salda\u00f1a"},"content":{"rendered":"<p style=\"text-align: justify\">Marem\u00e1gnum<br \/>\n\u00bb RICARDO | CASTILLO BARRIENTOS<br \/>\n<em>] Facebook ) <a href=\"https:\/\/www.facebook.com\/ricardocastill01\" target=\"_blank\" rel=\"noopener\">Ricardo Castillo Barrientos<\/a><\/em><\/p>\n<p style=\"text-align: justify\">La ambici\u00f3n pol\u00edtica desmedida de Javier Salda\u00f1a Almaz\u00e1n, no tiene parang\u00f3n ni l\u00edmites que le acoten el poder caciquil que ostenta en la Universidad Aut\u00f3noma de Guerrero (UAGro), con la creaci\u00f3n del Frente Estatal Transformando la UAGro (FetuAGro).<\/p>\n<p style=\"text-align: justify\">El inminente tri-rector no se anduvo con rodeos y dio el tiro de gracia a los restos simb\u00f3licos del hist\u00f3rico Frente por la Reforma Democr\u00e1tica de la Universidad Aut\u00f3noma de Guerrero (FREDEUAG), creado en 1992 por el legendario luchador universitario y social, doctor Rosal\u00edo Wences Reza, que ocup\u00f3 tres veces la rector\u00eda de la entonces UAG y que con su organizaci\u00f3n universitaria recuper\u00f3 el mando de la instituci\u00f3n que detentaba el grupo pol\u00edtico de Armando Chavarr\u00eda, con el finado ex rector Nelson Valle L\u00f3pez. Ese grupo universitario impuls\u00f3 la candidatura del C.P. Germ\u00e1n Cer\u00f3n Silverio, que fue derrotado apabullantemente por el candidato del FREDEUAG, doctor Arturo Contreras G\u00f3mez.<\/p>\n<p style=\"text-align: justify\">A partir de ese momento, la organizaci\u00f3n pol\u00edtica universitaria afianz\u00f3 el control universitario y reafirm\u00f3 la permanencia en la Administraci\u00f3n Central, a trav\u00e9s del siempre recordado y ameritado maestro, doctor Ascencio Villegas Arriz\u00f3n.<\/p>\n<p style=\"text-align: justify\">En este contexto, el ex director de Planeaci\u00f3n Javier Salda\u00f1a, recibi\u00f3 el apoyo un\u00e1nime de los miembros del Consejo Pol\u00edtico del FFRDEUAG, para asumir la candidatura a la rector\u00eda por esa corriente universitaria con un triunfo contundente como candidato \u00fanico, en un primer periodo que volvi\u00f3 a refrendar en el segundo y tercer periodos.<\/p>\n<p style=\"text-align: justify\">El rector electo ha consolidado su cacicazgo y se ha ofrecido, no al mejor postor, sino al poder pol\u00edtico estatal y nacional, con la gobernadora Evelyn Salgado y Claudia Sheinbaum, mostr\u00e1ndose de manera servil con los insultantes acarreos masivos de cientos de estudiantes y dirigentes que reciben prebendas del presupuesto universitario para eventos pol\u00edticos.<\/p>\n<p style=\"text-align: justify\">Salda\u00f1a Almaz\u00e1n ha resultado todo un personaje que desde el \u00e1mbito universitario est\u00e1 al acecho para incursionar al \u00e1mbito pol\u00edtico con pretensiones de obtener una senadur\u00eda por Morena y luego la gubernatura, donde tendr\u00eda que confrontarse con F\u00e9lix Salgado Macedonio, en caso que tambi\u00e9n pretenda el mismo objetivo pol\u00edtico.<\/p>\n<p style=\"text-align: justify\">Con el ariete de la FETUAGro, el habilidoso dirigente universitario tiene considerado meterse a fondo en la pol\u00edtica estatal, supeditando a la m\u00e1xima casa de estudios y a sus miembros, a decisiones pol\u00edticas extra universitarias y con ello, violar\u00eda sistem\u00e1ticamente la autonom\u00eda universitaria, que en ocasiones hacen alarde de su defensa.<\/p>\n<p style=\"text-align: justify\">Claudia Sheinbaum Pardo, despu\u00e9s de haber sido elegida como Coordinadora Nacional de los Comit\u00e9s de la Cuarta Transformaci\u00f3n, fue felicitada efusivamente por el virtual rector, por medio de una felicitaci\u00f3n en desplegados period\u00edsticos, a trav\u00e9s de la oficina de Comunicaci\u00f3n Social de la Rector\u00eda.<\/p>\n<p style=\"text-align: justify\">Se hace notar la terminolog\u00eda de la denominaci\u00f3n del Frente Estatal Transformando a la UAGro, en alusi\u00f3n directa a la \u201cCuarta Transformaci\u00f3n\u201d, pretendiendo empatar ambos significados en uno solo.<\/p>\n<p style=\"text-align: justify\">Desafortunadamente tanto Claudia Sheinbaum como la gobernadora Evelyn Salgado, no tienen la menor idea de las ambiciones desmedidas del rector de marras, capaz de seguir mutando y transform\u00e1ndose del PRI al PRD y a Morena.<\/p>\n<p style=\"text-align: justify\">Marea Baja.- El brillante profesionista guerrerense Hiram Ortiz Olea, culmin\u00f3 el doctorado en Derecho, al tiempo de ser condecorado por la Barra Nacional de Abogados, como hijo distinguido de su facultad acad\u00e9mica.<\/p>\n<p style=\"text-align: justify\">El doctor Ortiz Olea tiene un futuro promisorio en la abogac\u00eda nacional y en la pol\u00edtica del estado de Guerrero, porque tiene entre sus proyectos servir a sus paisanos desde puestos de elecci\u00f3n popular o de la administraci\u00f3n P\u00fablica.<\/p>\n<p style=\"text-align: justify\">Ha fungido como Asesor Jur\u00eddico del senador F\u00e9lix Salgado Macedonio, en la LXIV Legislatura del Senado de la Rep\u00fablica; Secretario Particular de la Directora General del Instituto Mexiquense de Discapacidad, Estado de M\u00e9xico. Tambi\u00e9n ha colaborado con prestigiados despachos de abogados de la Ciudad de M\u00e9xico y Tamaulipas.<\/p>\n<p style=\"text-align: justify\">Marea Alta.- Mal, muy mal se sigue viendo la secretaria de Cultura del Gobierno del Estado, A\u00edda Mart\u00ednez Rebolledo, al dar largas a la expedici\u00f3n de la convocatoria para designar al nuevo director de la Orquesta Filarm\u00f3nica de Acapulco, que dej\u00f3 vacante el virtuoso maestro Eduardo \u00c1lvarez, desde el mes de abril, siendo pr\u00e1cticamente echado del puesto.<\/p>\n<p style=\"text-align: justify\">La Titular de la Cultura estatal expresa pretexto tras pretexto para continuar en la incertidumbre del nombramiento de director de la OFA, incumpliendo con la m\u00e1xima del presidente L\u00f3pez Obrador: \u201dNo mentir, no robar, no traicionar\u201d. Y las mentiras de la bur\u00f3crata Mart\u00ednez Rebolledo est\u00e1n al orden del d\u00eda debido que el propio INBAL, desminti\u00f3 cualquier injerencia en el nombramiento que corresponde exclusivamente a la Junta Directiva de Gobierno de la OFA, que no incluye a ese organismo federal. Tampoco participan en la elaboraci\u00f3n de la convocatoria como se trata de enga\u00f1ar a los m\u00fasicos y a la sociedad al postergar la convocatoria respectiva.<\/p>\n<p style=\"text-align: justify\">Maremoto.- Triste y memorable significa el 11 de septiembre por dos acontecimientos que conmocionaron al mundo como fue el ataque a las torres gemelas en el a\u00f1o 2001, por el grupo terrorista Al Qaeda.<\/p>\n<p style=\"text-align: justify\">En el a\u00f1o 1973, se dio un golpe de estado contra el gobierno de Unidad Popular del Presidente Salvador Allende, en la Rep\u00fablica de Chile, ejecutado por las fuerzas armadas bajo el mando del General Augusto Pinochet, perdiendo la vida el Mandatario de esa Naci\u00f3n.<\/p>\n<p style=\"text-align: justify\">Salvador Allende lleg\u00f3 al poder al ganar las elecciones por la v\u00eda democr\u00e1tica, siendo constantemente asediado por los grupos empresariales y de la derecha que derrumbaron al incipiente gobierno socialista de Salvador Allende.<\/p>\n<p style=\"text-align: justify\">] S\u00edguenos en Facebook.com\/<a href=\"https:\/\/www.facebook.com\/acapulcopress\" target=\"_blank\" rel=\"noopener\">acapulcopress<\/a><br \/>\n] S\u00edguenos en Facebook.com\/<a href=\"https:\/\/www.facebook.com\/angelblanco.press\" target=\"_blank\" rel=\"noopener\">angelblanco.press<\/a><br \/>\n] S\u00edguenos en ) acapulcopress.com<\/p>\n","protected":false},"excerpt":{"rendered":"<p>Marem\u00e1gnum \u00bb RICARDO | CASTILLO BARRIENTOS ] Facebook ) Ricardo Castillo Barrientos La ambici\u00f3n pol\u00edtica desmedida de Javier Salda\u00f1a Almaz\u00e1n, no tiene parang\u00f3n ni l\u00edmites que le acoten el poder caciquil que ostenta en la Universidad Aut\u00f3noma de Guerrero (UAGro), con la creaci\u00f3n del Frente Estatal Transformando la UAGro (FetuAGro). El inminente tri-rector no se&#8230;<\/p>\n","protected":false},"author":2,"featured_media":1256952,"comment_status":"closed","ping_status":"closed","sticky":false,"template":"","format":"standard","meta":{"footnotes":""},"categories":[1972,2071,1991],"tags":[4241,7467,8954,12503,15488,15575,15819],"class_list":["post-1256951","post","type-post","status-publish","format-standard","has-post-thumbnail","hentry","category-special","category-opinion-analisis-columnas","category-libertad-de-expresion","tag-ascencio-villegas-arrizon","tag-dr-javier-saldana-almazan","tag-frente-por-la-reforma-democratica-de-la-universidad-autonoma-de-guerrero-fredeuag","tag-maremagnum","tag-rente-estatal-transformando-la-uagro-fetuagro","tag-ricardo-castillo-barrientos","tag-rosalio-wences-reza"],"_links":{"self":[{"href":"https:\/\/www.acapulcopress.com\/index.php\/wp-json\/wp\/v2\/posts\/1256951","targetHints":{"allow":["GET"]}}],"collection":[{"href":"https:\/\/www.acapulcopress.com\/index.php\/wp-json\/wp\/v2\/posts"}],"about":[{"href":"https:\/\/www.acapulcopress.com\/index.php\/wp-json\/wp\/v2\/types\/post"}],"author":[{"embeddable":true,"href":"https:\/\/www.acapulcopress.com\/index.php\/wp-json\/wp\/v2\/users\/2"}],"replies":[{"embeddable":true,"href":"https:\/\/www.acapulcopress.com\/index.php\/wp-json\/wp\/v2\/comments?post=1256951"}],"version-history":[{"count":0,"href":"https:\/\/www.acapulcopress.com\/index.php\/wp-json\/wp\/v2\/posts\/1256951\/revisions"}],"wp:featuredmedia":[{"embeddable":true,"href":"https:\/\/www.acapulcopress.com\/index.php\/wp-json\/"}],"wp:attachment":[{"href":"https:\/\/www.acapulcopress.com\/index.php\/wp-json\/wp\/v2\/media?parent=1256951"}],"wp:term":[{"taxonomy":"category","embeddable":true,"href":"https:\/\/www.acapulcopress.com\/index.php\/wp-json\/wp\/v2\/categories?post=1256951"},{"taxonomy":"post_tag","embeddable":true,"href":"https:\/\/www.acapulcopress.com\/index.php\/wp-json\/wp\/v2\/tags?post=1256951"}],"curies":[{"name":"wp","href":"https:\/\/api.w.org\/{rel}","templated":true}]}}