{"id":1256965,"date":"2023-09-13T19:55:24","date_gmt":"2023-09-14T01:55:24","guid":{"rendered":"https:\/\/www.acapulcopress.com\/?p=1256965"},"modified":"2023-09-13T19:55:24","modified_gmt":"2023-09-14T01:55:24","slug":"candidatura-de-morena-acapulco-2024-podria-disputarse-entre-yoshio-avila-y-beatriz-mojica","status":"publish","type":"post","link":"https:\/\/www.acapulcopress.com\/index.php\/2023\/09\/13\/candidatura-de-morena-acapulco-2024-podria-disputarse-entre-yoshio-avila-y-beatriz-mojica\/","title":{"rendered":"Candidatura de Morena Acapulco 2024 podr\u00eda disputarse entre Yoshio \u00c1vila y Beatriz Mojica"},"content":{"rendered":"<div class=\"xdj266r x11i5rnm xat24cr x1mh8g0r x1vvkbs x126k92a\">\n<div dir=\"auto\" style=\"text-align: justify\">\u00bb <strong>\u00c1ngel<\/strong> | <strong>Blanco<\/strong><\/div>\n<\/div>\n<div class=\"x11i5rnm xat24cr x1mh8g0r x1vvkbs xtlvy1s x126k92a\" style=\"text-align: justify\">\n<div dir=\"auto\">ACAPULCO, Gro. * Septiembre 13, 2023<\/div>\n<div dir=\"auto\"><em>) Aps<\/em><\/div>\n<div dir=\"auto\">De seguir a <a class=\"x1i10hfl xjbqb8w x6umtig x1b1mbwd xaqea5y xav7gou x9f619 x1ypdohk xt0psk2 xe8uvvx xdj266r x11i5rnm xat24cr x1mh8g0r xexx8yu x4uap5 x18d9i69 xkhd6sd x16tdsg8 x1hl2dhg xggy1nq x1a2a7pz xt0b8zv x1qq9wsj xo1l8bm\" role=\"link\" href=\"https:\/\/www.facebook.com\/MarceloEbrardC?__cft__[0]=AZVn7g8itbVVXIU-b_7a3RHJJgpzbbt5c5wgnglTvOsokxKh4GbCIJL38axrN_lKLx8klyzeoB2_ry7SfOqwvYT5Sc97yZrX-2-bDZs3tV2NWh8kiHW32R16p6a1zIrkUsJlsNEr8Ib-K5OMiw-K4DzT&amp;__tn__=-]K-R\" target=\"_blank\" rel=\"noopener\"><span class=\"xt0psk2\">Marcelo Ebrard<\/span><\/a> \u00abhasta donde tope\u00bb, como ya lo ha anunciado, y de recaer en g\u00e9nero femenino la candidatura, <a class=\"x1i10hfl xjbqb8w x6umtig x1b1mbwd xaqea5y xav7gou x9f619 x1ypdohk xt0psk2 xe8uvvx xdj266r x11i5rnm xat24cr x1mh8g0r xexx8yu x4uap5 x18d9i69 xkhd6sd x16tdsg8 x1hl2dhg xggy1nq x1a2a7pz xt0b8zv x1qq9wsj xo1l8bm\" role=\"link\" href=\"https:\/\/www.facebook.com\/AbelinaLopezR?__cft__[0]=AZVn7g8itbVVXIU-b_7a3RHJJgpzbbt5c5wgnglTvOsokxKh4GbCIJL38axrN_lKLx8klyzeoB2_ry7SfOqwvYT5Sc97yZrX-2-bDZs3tV2NWh8kiHW32R16p6a1zIrkUsJlsNEr8Ib-K5OMiw-K4DzT&amp;__tn__=-]K-R\" target=\"_blank\" rel=\"noopener\"><span class=\"xt0psk2\">Abelina L\u00f3pez Rodr\u00edguez<\/span><\/a> perder\u00eda toda posibilidad de ser la candidata de Morena y, de paso, su anhelada reelecci\u00f3n.<\/p>\n<\/div>\n<\/div>\n<div class=\"x11i5rnm xat24cr x1mh8g0r x1vvkbs xtlvy1s x126k92a\" style=\"text-align: justify\">\n<div dir=\"auto\">A\u00fan con el liderazgo temporal que mantiene en la \u00abintenci\u00f3n al voto\u00bb &#8211;no en \u00abdesempe\u00f1o\u00bb, acl\u00e1rese, rubro donde Abelina ocupa el pen\u00faltimo lugar en el &#8216;ranking&#8217; de \u00ab<a href=\"https:\/\/rankingdealcaldes.com\/31-ranking-de-alcaldes-desempeno-51-60\/\" target=\"_blank\" rel=\"noopener\">los peores alcaldes de M\u00e9xico<\/a>\u00bb (CE &amp; Research)&#8211;, si llegase a contender por otro partido seguramente no le alcanzar\u00eda para reelegirse, pues los 26.7 puntos porcentuales que, a\u00fan cuando va a la baja mantiene, son con Morena, exclusivamente, cuya marca pol\u00edtica una vez m\u00e1s se pronostica como la ganadora de la presidencia de Acapulco en 2024.<\/p>\n<\/div>\n<\/div>\n<div class=\"x11i5rnm xat24cr x1mh8g0r x1vvkbs xtlvy1s x126k92a\" style=\"text-align: justify\">\n<div dir=\"auto\">Seg\u00fan la encuesta de <a class=\"x1i10hfl xjbqb8w x6umtig x1b1mbwd xaqea5y xav7gou x9f619 x1ypdohk xt0psk2 xe8uvvx xdj266r x11i5rnm xat24cr x1mh8g0r xexx8yu x4uap5 x18d9i69 xkhd6sd x16tdsg8 x1hl2dhg xggy1nq x1a2a7pz xt0b8zv x1qq9wsj xo1l8bm\" role=\"link\" href=\"https:\/\/www.facebook.com\/MassiveCaller?__cft__[0]=AZVn7g8itbVVXIU-b_7a3RHJJgpzbbt5c5wgnglTvOsokxKh4GbCIJL38axrN_lKLx8klyzeoB2_ry7SfOqwvYT5Sc97yZrX-2-bDZs3tV2NWh8kiHW32R16p6a1zIrkUsJlsNEr8Ib-K5OMiw-K4DzT&amp;__tn__=-]K-R\" target=\"_blank\" rel=\"noopener\"><span class=\"xt0psk2\">Massive Caller<\/span><\/a>, con fecha 12 de septiembre 2023, el g\u00e9nero masculino por la candidatura de Morena sigue siendo dominado por <a class=\"x1i10hfl xjbqb8w x6umtig x1b1mbwd xaqea5y xav7gou x9f619 x1ypdohk xt0psk2 xe8uvvx xdj266r x11i5rnm xat24cr x1mh8g0r xexx8yu x4uap5 x18d9i69 xkhd6sd x16tdsg8 x1hl2dhg xggy1nq x1a2a7pz xt0b8zv x1qq9wsj xo1l8bm\" role=\"link\" href=\"https:\/\/www.facebook.com\/YoshioAvilaG?__cft__[0]=AZVn7g8itbVVXIU-b_7a3RHJJgpzbbt5c5wgnglTvOsokxKh4GbCIJL38axrN_lKLx8klyzeoB2_ry7SfOqwvYT5Sc97yZrX-2-bDZs3tV2NWh8kiHW32R16p6a1zIrkUsJlsNEr8Ib-K5OMiw-K4DzT&amp;__tn__=-]K-R\" target=\"_blank\" rel=\"noopener\"><span class=\"xt0psk2\">Yoshio Avila<\/span><\/a> Gonz\u00e1lez, con 13.4 puntos en la intenci\u00f3n al voto de esta firma encuestadora con respecto a alcald\u00edas en Acapulco.<\/p>\n<\/div>\n<\/div>\n<div class=\"x11i5rnm xat24cr x1mh8g0r x1vvkbs xtlvy1s x126k92a\" style=\"text-align: justify\">\n<div dir=\"auto\">En el g\u00e9nero femenino, si Abelina L\u00f3pez abandona Morena el pr\u00f3ximo 18 de septiembre, fecha en que su pr\u00f3cer Marcelo Ebrard anunci\u00f3 la presentaci\u00f3n de un nuevo proyecto pol\u00edtico para buscara la presidencia de M\u00e9xico, la candidatura del autodenominado &#8216;partido de la esperanza&#8217; recaer\u00eda en la diputada local <a class=\"x1i10hfl xjbqb8w x6umtig x1b1mbwd xaqea5y xav7gou x9f619 x1ypdohk xt0psk2 xe8uvvx xdj266r x11i5rnm xat24cr x1mh8g0r xexx8yu x4uap5 x18d9i69 xkhd6sd x16tdsg8 x1hl2dhg xggy1nq x1a2a7pz xt0b8zv x1qq9wsj xo1l8bm\" role=\"link\" href=\"https:\/\/www.facebook.com\/BeatrizMojicaM?__cft__[0]=AZVn7g8itbVVXIU-b_7a3RHJJgpzbbt5c5wgnglTvOsokxKh4GbCIJL38axrN_lKLx8klyzeoB2_ry7SfOqwvYT5Sc97yZrX-2-bDZs3tV2NWh8kiHW32R16p6a1zIrkUsJlsNEr8Ib-K5OMiw-K4DzT&amp;__tn__=-]K-R\" target=\"_blank\" rel=\"noopener\"><span class=\"xt0psk2\">Beatriz Mojica<\/span><\/a> Morga.<\/p>\n<\/div>\n<\/div>\n<div class=\"x11i5rnm xat24cr x1mh8g0r x1vvkbs xtlvy1s x126k92a\" style=\"text-align: justify\">\n<div dir=\"auto\">Seg\u00fan Massive Caller, firma que se ubica entre las ocho encuestadoras m\u00e1s certeras de M\u00e9xico, junto con <a class=\"x1i10hfl xjbqb8w x6umtig x1b1mbwd xaqea5y xav7gou x9f619 x1ypdohk xt0psk2 xe8uvvx xdj266r x11i5rnm xat24cr x1mh8g0r xexx8yu x4uap5 x18d9i69 xkhd6sd x16tdsg8 x1hl2dhg xggy1nq x1a2a7pz xt0b8zv x1qq9wsj xo1l8bm\" role=\"link\" href=\"https:\/\/www.facebook.com\/reforma?__cft__[0]=AZVn7g8itbVVXIU-b_7a3RHJJgpzbbt5c5wgnglTvOsokxKh4GbCIJL38axrN_lKLx8klyzeoB2_ry7SfOqwvYT5Sc97yZrX-2-bDZs3tV2NWh8kiHW32R16p6a1zIrkUsJlsNEr8Ib-K5OMiw-K4DzT&amp;__tn__=-]K-R\" target=\"_blank\" rel=\"noopener\"><span class=\"xt0psk2\">reforma.com<\/span><\/a>, <a class=\"x1i10hfl xjbqb8w x6umtig x1b1mbwd xaqea5y xav7gou x9f619 x1ypdohk xt0psk2 xe8uvvx xdj266r x11i5rnm xat24cr x1mh8g0r xexx8yu x4uap5 x18d9i69 xkhd6sd x16tdsg8 x1hl2dhg xggy1nq x1a2a7pz xt0b8zv x1qq9wsj xo1l8bm\" role=\"link\" href=\"https:\/\/www.facebook.com\/MexicoElige?__cft__[0]=AZVn7g8itbVVXIU-b_7a3RHJJgpzbbt5c5wgnglTvOsokxKh4GbCIJL38axrN_lKLx8klyzeoB2_ry7SfOqwvYT5Sc97yZrX-2-bDZs3tV2NWh8kiHW32R16p6a1zIrkUsJlsNEr8Ib-K5OMiw-K4DzT&amp;__tn__=-]K-R\" target=\"_blank\" rel=\"noopener\"><span class=\"xt0psk2\">M\u00e9xico elige<\/span><\/a>, <a class=\"x1i10hfl xjbqb8w x6umtig x1b1mbwd xaqea5y xav7gou x9f619 x1ypdohk xt0psk2 xe8uvvx xdj266r x11i5rnm xat24cr x1mh8g0r xexx8yu x4uap5 x18d9i69 xkhd6sd x16tdsg8 x1hl2dhg xggy1nq x1a2a7pz xt0b8zv x1qq9wsj xo1l8bm\" role=\"link\" href=\"https:\/\/www.facebook.com\/campaignsandelections.mexico?__cft__[0]=AZVn7g8itbVVXIU-b_7a3RHJJgpzbbt5c5wgnglTvOsokxKh4GbCIJL38axrN_lKLx8klyzeoB2_ry7SfOqwvYT5Sc97yZrX-2-bDZs3tV2NWh8kiHW32R16p6a1zIrkUsJlsNEr8Ib-K5OMiw-K4DzT&amp;__tn__=-]K-R\" target=\"_blank\" rel=\"noopener\"><span class=\"xt0psk2\">Campaigns and Elections Mexico<\/span><\/a> (CE Research), <a class=\"x1i10hfl xjbqb8w x6umtig x1b1mbwd xaqea5y xav7gou x9f619 x1ypdohk xt0psk2 xe8uvvx xdj266r x11i5rnm xat24cr x1mh8g0r xexx8yu x4uap5 x18d9i69 xkhd6sd x16tdsg8 x1hl2dhg xggy1nq x1a2a7pz xt0b8zv x1qq9wsj xo1l8bm\" role=\"link\" href=\"https:\/\/www.facebook.com\/poligramamx?__cft__[0]=AZVn7g8itbVVXIU-b_7a3RHJJgpzbbt5c5wgnglTvOsokxKh4GbCIJL38axrN_lKLx8klyzeoB2_ry7SfOqwvYT5Sc97yZrX-2-bDZs3tV2NWh8kiHW32R16p6a1zIrkUsJlsNEr8Ib-K5OMiw-K4DzT&amp;__tn__=-]K-R\" target=\"_blank\" rel=\"noopener\"><span class=\"xt0psk2\">Poligrama<\/span><\/a>, <a class=\"x1i10hfl xjbqb8w x6umtig x1b1mbwd xaqea5y xav7gou x9f619 x1ypdohk xt0psk2 xe8uvvx xdj266r x11i5rnm xat24cr x1mh8g0r xexx8yu x4uap5 x18d9i69 xkhd6sd x16tdsg8 x1hl2dhg xggy1nq x1a2a7pz xt0b8zv x1qq9wsj xo1l8bm\" role=\"link\" href=\"https:\/\/www.facebook.com\/rubrum.info?__cft__[0]=AZVn7g8itbVVXIU-b_7a3RHJJgpzbbt5c5wgnglTvOsokxKh4GbCIJL38axrN_lKLx8klyzeoB2_ry7SfOqwvYT5Sc97yZrX-2-bDZs3tV2NWh8kiHW32R16p6a1zIrkUsJlsNEr8Ib-K5OMiw-K4DzT&amp;__tn__=-]K-R\" target=\"_blank\" rel=\"noopener\"><span class=\"xt0psk2\">RUBRUM<\/span><\/a> y <a class=\"x1i10hfl xjbqb8w x6umtig x1b1mbwd xaqea5y xav7gou x9f619 x1ypdohk xt0psk2 xe8uvvx xdj266r x11i5rnm xat24cr x1mh8g0r xexx8yu x4uap5 x18d9i69 xkhd6sd x16tdsg8 x1hl2dhg xggy1nq x1a2a7pz xt0b8zv x1qq9wsj xo1l8bm\" role=\"link\" href=\"https:\/\/www.facebook.com\/MetricsMX?__cft__[0]=AZVn7g8itbVVXIU-b_7a3RHJJgpzbbt5c5wgnglTvOsokxKh4GbCIJL38axrN_lKLx8klyzeoB2_ry7SfOqwvYT5Sc97yZrX-2-bDZs3tV2NWh8kiHW32R16p6a1zIrkUsJlsNEr8Ib-K5OMiw-K4DzT&amp;__tn__=-]K-R\" target=\"_blank\" rel=\"noopener\"><span class=\"xt0psk2\">MetricsMX<\/span><\/a>, seg\u00fan recopilaci\u00f3n de CE Research (6 de junio 2023.), la disputa de g\u00e9neros en Morena, con la eliminaci\u00f3n casi segura de la alcaldesa actual de Acapulco, se centrar\u00eda entre Yoshio \u00c1vila y Beatriz Mojica.<\/p>\n<\/div>\n<\/div>\n<div class=\"x11i5rnm xat24cr x1mh8g0r x1vvkbs xtlvy1s x126k92a\">\n<div dir=\"auto\" style=\"text-align: justify\">Las probabilidades de quien quede como candidato de Morena de Morena gane la presidencia municipal 2024 son amplias, pues Morena lidera con amplio margen casi todas las encuestas, donde ni el PRI ni el PAN ser\u00edan rivales con <a class=\"x1i10hfl xjbqb8w x6umtig x1b1mbwd xaqea5y xav7gou x9f619 x1ypdohk xt0psk2 xe8uvvx xdj266r x11i5rnm xat24cr x1mh8g0r xexx8yu x4uap5 x18d9i69 xkhd6sd x16tdsg8 x1hl2dhg xggy1nq x1a2a7pz xt0b8zv x1qq9wsj xo1l8bm\" role=\"link\" href=\"https:\/\/www.facebook.com\/SoyJulietaFernandez?__cft__[0]=AZVn7g8itbVVXIU-b_7a3RHJJgpzbbt5c5wgnglTvOsokxKh4GbCIJL38axrN_lKLx8klyzeoB2_ry7SfOqwvYT5Sc97yZrX-2-bDZs3tV2NWh8kiHW32R16p6a1zIrkUsJlsNEr8Ib-K5OMiw-K4DzT&amp;__tn__=-]K-R\" target=\"_blank\" rel=\"noopener\"><span class=\"xt0psk2\">Julieta Fern\u00e1ndez M\u00e1rquez<\/span><\/a> y <a class=\"x1i10hfl xjbqb8w x6umtig x1b1mbwd xaqea5y xav7gou x9f619 x1ypdohk xt0psk2 xe8uvvx xdj266r x11i5rnm xat24cr x1mh8g0r xexx8yu x4uap5 x18d9i69 xkhd6sd x16tdsg8 x1hl2dhg xggy1nq x1a2a7pz xt0b8zv x1qq9wsj xo1l8bm\" role=\"link\" href=\"https:\/\/www.facebook.com\/profile.php?id=100004973235243&amp;__cft__[0]=AZVn7g8itbVVXIU-b_7a3RHJJgpzbbt5c5wgnglTvOsokxKh4GbCIJL38axrN_lKLx8klyzeoB2_ry7SfOqwvYT5Sc97yZrX-2-bDZs3tV2NWh8kiHW32R16p6a1zIrkUsJlsNEr8Ib-K5OMiw-K4DzT&amp;__tn__=-]K-R\" target=\"_blank\" rel=\"noopener\"><span class=\"xt0psk2\">Luisa Fernanda Fontova<\/span><\/a> como candidatos respectivos de estos partidos de oposici\u00f3n.<\/p>\n<p><img loading=\"lazy\" decoding=\"async\" class=\"alignnone wp-image-1256966 size-large\" src=\"https:\/\/www.acapulcopress.com\/wp-content\/uploads\/2023\/09\/ACAPULCO-2024-840x505.png\" alt=\"\" width=\"696\" height=\"418\" \/><\/p>\n<p><img loading=\"lazy\" decoding=\"async\" class=\"alignnone wp-image-1256968 size-large\" src=\"https:\/\/www.acapulcopress.com\/wp-content\/uploads\/2023\/09\/ACAPULCO-2024-3-840x473.png\" alt=\"\" width=\"696\" height=\"392\" \/><br \/>\n<img loading=\"lazy\" decoding=\"async\" class=\"alignnone wp-image-1256967 size-large\" src=\"https:\/\/www.acapulcopress.com\/wp-content\/uploads\/2023\/09\/ACAPULCO-2024-2-840x473.png\" alt=\"\" width=\"696\" height=\"392\" \/><\/div>\n<div dir=\"auto\" style=\"text-align: justify\">) <a class=\"x1i10hfl xjbqb8w x6umtig x1b1mbwd xaqea5y xav7gou x9f619 x1ypdohk xt0psk2 xe8uvvx xdj266r x11i5rnm xat24cr x1mh8g0r xexx8yu x4uap5 x18d9i69 xkhd6sd x16tdsg8 x1hl2dhg xggy1nq x1a2a7pz xt0b8zv x1qq9wsj xo1l8bm\" role=\"link\" href=\"https:\/\/www.facebook.com\/acapulcopress?__cft__[0]=AZVn7g8itbVVXIU-b_7a3RHJJgpzbbt5c5wgnglTvOsokxKh4GbCIJL38axrN_lKLx8klyzeoB2_ry7SfOqwvYT5Sc97yZrX-2-bDZs3tV2NWh8kiHW32R16p6a1zIrkUsJlsNEr8Ib-K5OMiw-K4DzT&amp;__tn__=-]K-R\" target=\"_blank\" rel=\"noopener\"><span class=\"xt0psk2\">AcapulcoPress<\/span><\/a><\/div>\n<\/div>\n","protected":false},"excerpt":{"rendered":"<p>\u00bb \u00c1ngel | Blanco ACAPULCO, Gro. * Septiembre 13, 2023 ) Aps De seguir a Marcelo Ebrard \u00abhasta donde tope\u00bb, como ya lo ha anunciado, y de recaer en g\u00e9nero femenino la candidatura, Abelina L\u00f3pez Rodr\u00edguez perder\u00eda toda posibilidad de ser la candidata de Morena y, de paso, su anhelada reelecci\u00f3n. A\u00fan con el liderazgo&#8230;<\/p>\n","protected":false},"author":2,"featured_media":1256970,"comment_status":"closed","ping_status":"closed","sticky":false,"template":"","format":"standard","meta":{"footnotes":""},"categories":[2052,1972,18561],"tags":[],"class_list":["post-1256965","post","type-post","status-publish","format-standard","has-post-thumbnail","hentry","category-elecciones","category-special","category-society-politics"],"_links":{"self":[{"href":"https:\/\/www.acapulcopress.com\/index.php\/wp-json\/wp\/v2\/posts\/1256965","targetHints":{"allow":["GET"]}}],"collection":[{"href":"https:\/\/www.acapulcopress.com\/index.php\/wp-json\/wp\/v2\/posts"}],"about":[{"href":"https:\/\/www.acapulcopress.com\/index.php\/wp-json\/wp\/v2\/types\/post"}],"author":[{"embeddable":true,"href":"https:\/\/www.acapulcopress.com\/index.php\/wp-json\/wp\/v2\/users\/2"}],"replies":[{"embeddable":true,"href":"https:\/\/www.acapulcopress.com\/index.php\/wp-json\/wp\/v2\/comments?post=1256965"}],"version-history":[{"count":0,"href":"https:\/\/www.acapulcopress.com\/index.php\/wp-json\/wp\/v2\/posts\/1256965\/revisions"}],"wp:featuredmedia":[{"embeddable":true,"href":"https:\/\/www.acapulcopress.com\/index.php\/wp-json\/"}],"wp:attachment":[{"href":"https:\/\/www.acapulcopress.com\/index.php\/wp-json\/wp\/v2\/media?parent=1256965"}],"wp:term":[{"taxonomy":"category","embeddable":true,"href":"https:\/\/www.acapulcopress.com\/index.php\/wp-json\/wp\/v2\/categories?post=1256965"},{"taxonomy":"post_tag","embeddable":true,"href":"https:\/\/www.acapulcopress.com\/index.php\/wp-json\/wp\/v2\/tags?post=1256965"}],"curies":[{"name":"wp","href":"https:\/\/api.w.org\/{rel}","templated":true}]}}