{"id":1256973,"date":"2023-09-13T20:38:42","date_gmt":"2023-09-14T02:38:42","guid":{"rendered":"https:\/\/www.acapulcopress.com\/?p=1256973"},"modified":"2023-09-13T20:38:42","modified_gmt":"2023-09-14T02:38:42","slug":"nestora-salgado-ernesto-fidel-payan-cortinas-javier-saldana-y-liz-adriana-salgado","status":"publish","type":"post","link":"https:\/\/www.acapulcopress.com\/index.php\/2023\/09\/13\/nestora-salgado-ernesto-fidel-payan-cortinas-javier-saldana-y-liz-adriana-salgado\/","title":{"rendered":"Mario Moreno supera a F\u00e9lix Salgado en preferencias para el Senado de la Rep\u00fablica"},"content":{"rendered":"<div class=\"xdj266r x11i5rnm xat24cr x1mh8g0r x1vvkbs x126k92a\">\n<div dir=\"auto\" style=\"text-align: justify\">ACAPULCO, Gro. * Septiembre 13, 2023<\/div>\n<\/div>\n<div class=\"x11i5rnm xat24cr x1mh8g0r x1vvkbs xtlvy1s x126k92a\" style=\"text-align: justify\">\n<div dir=\"auto\">) Aps<\/div>\n<\/div>\n<div class=\"x11i5rnm xat24cr x1mh8g0r x1vvkbs xtlvy1s x126k92a\" style=\"text-align: justify\">\n<div dir=\"auto\">Pese a que Morena se ubica con los pron\u00edsticos a su favor en 2024, el ex candidato a gobernador en 2021 por la coalici\u00f3n <a class=\"x1i10hfl xjbqb8w x6umtig x1b1mbwd xaqea5y xav7gou x9f619 x1ypdohk xt0psk2 xe8uvvx xdj266r x11i5rnm xat24cr x1mh8g0r xexx8yu x4uap5 x18d9i69 xkhd6sd x16tdsg8 x1hl2dhg xggy1nq x1a2a7pz xt0b8zv x1qq9wsj xo1l8bm\" role=\"link\" href=\"https:\/\/www.facebook.com\/hashtag\/vaporguerrero?__eep__=6&amp;__cft__[0]=AZW_aCrOIYLsvRg1bV_mMWfOc-URZ2lp0N0TbXComRw9gWaWH6F3haol5u0jwqFU0LCSoKhMw8R4mtCpaMmf0Qq3EA1wy5rJmtUuSek6-nM3gpYvHmwqsADGHPPcj1SSkyG09LS52cWxXYdPwqvfS35P&amp;__tn__=*NK-R\" target=\"_blank\" rel=\"noopener\">#VaPorGuerrero<\/a>, <a class=\"x1i10hfl xjbqb8w x6umtig x1b1mbwd xaqea5y xav7gou x9f619 x1ypdohk xt0psk2 xe8uvvx xdj266r x11i5rnm xat24cr x1mh8g0r xexx8yu x4uap5 x18d9i69 xkhd6sd x16tdsg8 x1hl2dhg xggy1nq x1a2a7pz xt0b8zv x1qq9wsj xo1l8bm\" role=\"link\" href=\"https:\/\/www.facebook.com\/MorenoArcosMario?__cft__[0]=AZW_aCrOIYLsvRg1bV_mMWfOc-URZ2lp0N0TbXComRw9gWaWH6F3haol5u0jwqFU0LCSoKhMw8R4mtCpaMmf0Qq3EA1wy5rJmtUuSek6-nM3gpYvHmwqsADGHPPcj1SSkyG09LS52cWxXYdPwqvfS35P&amp;__tn__=-]K-R\" target=\"_blank\" rel=\"noopener\"><span class=\"xt0psk2\">Mario Moreno Arcos<\/span><\/a> (38.4), se halla ubicado 7.4 puntos porcentuales por encima del Senador morenista <a class=\"x1i10hfl xjbqb8w x6umtig x1b1mbwd xaqea5y xav7gou x9f619 x1ypdohk xt0psk2 xe8uvvx xdj266r x11i5rnm xat24cr x1mh8g0r xexx8yu x4uap5 x18d9i69 xkhd6sd x16tdsg8 x1hl2dhg xggy1nq x1a2a7pz xt0b8zv x1qq9wsj xo1l8bm\" role=\"link\" href=\"https:\/\/www.facebook.com\/FelixSalgadoMX?__cft__[0]=AZW_aCrOIYLsvRg1bV_mMWfOc-URZ2lp0N0TbXComRw9gWaWH6F3haol5u0jwqFU0LCSoKhMw8R4mtCpaMmf0Qq3EA1wy5rJmtUuSek6-nM3gpYvHmwqsADGHPPcj1SSkyG09LS52cWxXYdPwqvfS35P&amp;__tn__=-]K-R\" target=\"_blank\" rel=\"noopener\"><span class=\"xt0psk2\">F\u00e9lix Salgado Macedonio<\/span><\/a> (31.0%), revela encuesta de <a class=\"x1i10hfl xjbqb8w x6umtig x1b1mbwd xaqea5y xav7gou x9f619 x1ypdohk xt0psk2 xe8uvvx xdj266r x11i5rnm xat24cr x1mh8g0r xexx8yu x4uap5 x18d9i69 xkhd6sd x16tdsg8 x1hl2dhg xggy1nq x1a2a7pz xt0b8zv x1qq9wsj xo1l8bm\" role=\"link\" href=\"https:\/\/www.facebook.com\/massivecallermex?__cft__[0]=AZW_aCrOIYLsvRg1bV_mMWfOc-URZ2lp0N0TbXComRw9gWaWH6F3haol5u0jwqFU0LCSoKhMw8R4mtCpaMmf0Qq3EA1wy5rJmtUuSek6-nM3gpYvHmwqsADGHPPcj1SSkyG09LS52cWxXYdPwqvfS35P&amp;__tn__=-]K-R\" target=\"_blank\" rel=\"noopener\"><span class=\"xt0psk2\">Massive Caller<\/span><\/a> fechada el 12 de septiembre de este a\u00f1o<\/div>\n<\/div>\n<div class=\"x11i5rnm xat24cr x1mh8g0r x1vvkbs xtlvy1s x126k92a\" style=\"text-align: justify\">\n<div dir=\"auto\">\n<p>El segundo lugar de la Intenci\u00f3n al Voto 2024 en Guerrero para el Senado de la Rep\u00fablica es parael tambi\u00e9n morenista <a class=\"x1i10hfl xjbqb8w x6umtig x1b1mbwd xaqea5y xav7gou x9f619 x1ypdohk xt0psk2 xe8uvvx xdj266r x11i5rnm xat24cr x1mh8g0r xexx8yu x4uap5 x18d9i69 xkhd6sd x16tdsg8 x1hl2dhg xggy1nq x1a2a7pz xt0b8zv x1qq9wsj xo1l8bm\" role=\"link\" href=\"https:\/\/www.facebook.com\/Pablo.Sandoval.Ballesteros?__cft__[0]=AZW_aCrOIYLsvRg1bV_mMWfOc-URZ2lp0N0TbXComRw9gWaWH6F3haol5u0jwqFU0LCSoKhMw8R4mtCpaMmf0Qq3EA1wy5rJmtUuSek6-nM3gpYvHmwqsADGHPPcj1SSkyG09LS52cWxXYdPwqvfS35P&amp;__tn__=-]K-R\" target=\"_blank\" rel=\"noopener\"><span class=\"xt0psk2\">Pablo Am\u00edlcar Sandoval<\/span><\/a> Ballesteros, con 18 puntos porcentuales, mientras que el tercer sitio corresponde temporalmente para el exgobernador pri\u00edsta <a class=\"x1i10hfl xjbqb8w x6umtig x1b1mbwd xaqea5y xav7gou x9f619 x1ypdohk xt0psk2 xe8uvvx xdj266r x11i5rnm xat24cr x1mh8g0r xexx8yu x4uap5 x18d9i69 xkhd6sd x16tdsg8 x1hl2dhg xggy1nq x1a2a7pz xt0b8zv x1qq9wsj xo1l8bm\" role=\"link\" href=\"https:\/\/www.facebook.com\/AstudilloFloresHector?__cft__[0]=AZW_aCrOIYLsvRg1bV_mMWfOc-URZ2lp0N0TbXComRw9gWaWH6F3haol5u0jwqFU0LCSoKhMw8R4mtCpaMmf0Qq3EA1wy5rJmtUuSek6-nM3gpYvHmwqsADGHPPcj1SSkyG09LS52cWxXYdPwqvfS35P&amp;__tn__=-]K-R\" target=\"_blank\" rel=\"noopener\"><span class=\"xt0psk2\">H\u00e9ctor Astudillo Flores<\/span><\/a>, con 14.6%.<\/p>\n<\/div>\n<\/div>\n<div class=\"x11i5rnm xat24cr x1mh8g0r x1vvkbs xtlvy1s x126k92a\" style=\"text-align: justify\">\n<div dir=\"auto\">\n<p>Detr\u00e1s de Astudillo se sit\u00faan el senador pri\u00edsta <a class=\"x1i10hfl xjbqb8w x6umtig x1b1mbwd xaqea5y xav7gou x9f619 x1ypdohk xt0psk2 xe8uvvx xdj266r x11i5rnm xat24cr x1mh8g0r xexx8yu x4uap5 x18d9i69 xkhd6sd x16tdsg8 x1hl2dhg xggy1nq x1a2a7pz xt0b8zv x1qq9wsj xo1l8bm\" role=\"link\" href=\"https:\/\/www.facebook.com\/ManuelAnorveBanos?__cft__[0]=AZW_aCrOIYLsvRg1bV_mMWfOc-URZ2lp0N0TbXComRw9gWaWH6F3haol5u0jwqFU0LCSoKhMw8R4mtCpaMmf0Qq3EA1wy5rJmtUuSek6-nM3gpYvHmwqsADGHPPcj1SSkyG09LS52cWxXYdPwqvfS35P&amp;__tn__=-]K-R\" target=\"_blank\" rel=\"noopener\"><span class=\"xt0psk2\">Manuel A\u00f1orve Ba\u00f1os<\/span><\/a> (12.8%) y el exalcalde panista de Taxco, <a class=\"x1i10hfl xjbqb8w x6umtig x1b1mbwd xaqea5y xav7gou x9f619 x1ypdohk xt0psk2 xe8uvvx xdj266r x11i5rnm xat24cr x1mh8g0r xexx8yu x4uap5 x18d9i69 xkhd6sd x16tdsg8 x1hl2dhg xggy1nq x1a2a7pz xt0b8zv x1qq9wsj xo1l8bm\" role=\"link\" href=\"https:\/\/www.facebook.com\/marcosparrag?__cft__[0]=AZW_aCrOIYLsvRg1bV_mMWfOc-URZ2lp0N0TbXComRw9gWaWH6F3haol5u0jwqFU0LCSoKhMw8R4mtCpaMmf0Qq3EA1wy5rJmtUuSek6-nM3gpYvHmwqsADGHPPcj1SSkyG09LS52cWxXYdPwqvfS35P&amp;__tn__=-]K-R\" target=\"_blank\" rel=\"noopener\"><span class=\"xt0psk2\">Marcos Efr\u00e9n Parra G\u00f3mez<\/span><\/a> (11.6%).<\/p>\n<\/div>\n<\/div>\n<div class=\"x11i5rnm xat24cr x1mh8g0r x1vvkbs xtlvy1s x126k92a\" style=\"text-align: justify\">\n<div dir=\"auto\">\n<p>En el &#8216;traking&#8217; de la encuesta de agosto\/septiembre por Morena destacan F\u00e9lix Salgado, Pablo Amilcar Sandoval y <a class=\"x1i10hfl xjbqb8w x6umtig x1b1mbwd xaqea5y xav7gou x9f619 x1ypdohk xt0psk2 xe8uvvx xdj266r x11i5rnm xat24cr x1mh8g0r xexx8yu x4uap5 x18d9i69 xkhd6sd x16tdsg8 x1hl2dhg xggy1nq x1a2a7pz xt0b8zv x1qq9wsj xo1l8bm\" role=\"link\" href=\"https:\/\/www.facebook.com\/BeatrizMojicaM?__cft__[0]=AZW_aCrOIYLsvRg1bV_mMWfOc-URZ2lp0N0TbXComRw9gWaWH6F3haol5u0jwqFU0LCSoKhMw8R4mtCpaMmf0Qq3EA1wy5rJmtUuSek6-nM3gpYvHmwqsADGHPPcj1SSkyG09LS52cWxXYdPwqvfS35P&amp;__tn__=-]K-R\" target=\"_blank\" rel=\"noopener\"><span class=\"xt0psk2\">Beatriz Mojica<\/span><\/a> como los mejores tres posicionados para ocupar la candidatura al Senado por Guerrero.<\/p>\n<\/div>\n<\/div>\n<div class=\"x11i5rnm xat24cr x1mh8g0r x1vvkbs xtlvy1s x126k92a\" style=\"text-align: justify\">\n<div dir=\"auto\">\n<p>En el Frente Amplio integrado por PRI\/PAN\/PRD, Mario Moreno, H\u00e9ctor Astudillo, Manuel A\u00f1orve y Efr\u00e9n Parra destacan en puntos porcentuales por la candidatura.<\/p>\n<\/div>\n<\/div>\n<div class=\"x11i5rnm xat24cr x1mh8g0r x1vvkbs xtlvy1s x126k92a\" style=\"text-align: justify\">\n<div dir=\"auto\">\n<p>Con pocas probabilidades partidistas se enumeran a <a class=\"x1i10hfl xjbqb8w x6umtig x1b1mbwd xaqea5y xav7gou x9f619 x1ypdohk xt0psk2 xe8uvvx xdj266r x11i5rnm xat24cr x1mh8g0r xexx8yu x4uap5 x18d9i69 xkhd6sd x16tdsg8 x1hl2dhg xggy1nq x1a2a7pz xt0b8zv x1qq9wsj xo1l8bm\" role=\"link\" href=\"https:\/\/www.facebook.com\/RicardoTajaMX?__cft__[0]=AZW_aCrOIYLsvRg1bV_mMWfOc-URZ2lp0N0TbXComRw9gWaWH6F3haol5u0jwqFU0LCSoKhMw8R4mtCpaMmf0Qq3EA1wy5rJmtUuSek6-nM3gpYvHmwqsADGHPPcj1SSkyG09LS52cWxXYdPwqvfS35P&amp;__tn__=-]K-R\" target=\"_blank\" rel=\"noopener\"><span class=\"xt0psk2\">Ricardo Taja<\/span><\/a>, y <a class=\"x1i10hfl xjbqb8w x6umtig x1b1mbwd xaqea5y xav7gou x9f619 x1ypdohk xt0psk2 xe8uvvx xdj266r x11i5rnm xat24cr x1mh8g0r xexx8yu x4uap5 x18d9i69 xkhd6sd x16tdsg8 x1hl2dhg xggy1nq x1a2a7pz xt0b8zv x1qq9wsj xo1l8bm\" role=\"link\" href=\"https:\/\/www.facebook.com\/profile.php?id=100008193424051&amp;__cft__[0]=AZW_aCrOIYLsvRg1bV_mMWfOc-URZ2lp0N0TbXComRw9gWaWH6F3haol5u0jwqFU0LCSoKhMw8R4mtCpaMmf0Qq3EA1wy5rJmtUuSek6-nM3gpYvHmwqsADGHPPcj1SSkyG09LS52cWxXYdPwqvfS35P&amp;__tn__=-]K-R\" target=\"_blank\" rel=\"noopener\"><span class=\"xt0psk2\">Eloy Salmeron Diaz<\/span><\/a> por el FAM, mientras que por Morena aparecen en el sondeo <a class=\"x1i10hfl xjbqb8w x6umtig x1b1mbwd xaqea5y xav7gou x9f619 x1ypdohk xt0psk2 xe8uvvx xdj266r x11i5rnm xat24cr x1mh8g0r xexx8yu x4uap5 x18d9i69 xkhd6sd x16tdsg8 x1hl2dhg xggy1nq x1a2a7pz xt0b8zv x1qq9wsj xo1l8bm\" role=\"link\" href=\"https:\/\/www.facebook.com\/groups\/595274174597633\/?__cft__[0]=AZW_aCrOIYLsvRg1bV_mMWfOc-URZ2lp0N0TbXComRw9gWaWH6F3haol5u0jwqFU0LCSoKhMw8R4mtCpaMmf0Qq3EA1wy5rJmtUuSek6-nM3gpYvHmwqsADGHPPcj1SSkyG09LS52cWxXYdPwqvfS35P&amp;__tn__=-UK-R\"><span class=\"xt0psk2\">Nestora Salgado<\/span><\/a>, <a class=\"x1i10hfl xjbqb8w x6umtig x1b1mbwd xaqea5y xav7gou x9f619 x1ypdohk xt0psk2 xe8uvvx xdj266r x11i5rnm xat24cr x1mh8g0r xexx8yu x4uap5 x18d9i69 xkhd6sd x16tdsg8 x1hl2dhg xggy1nq x1a2a7pz xt0b8zv x1qq9wsj xo1l8bm\" role=\"link\" href=\"https:\/\/www.facebook.com\/ernestofidel.payancortinas?__cft__[0]=AZW_aCrOIYLsvRg1bV_mMWfOc-URZ2lp0N0TbXComRw9gWaWH6F3haol5u0jwqFU0LCSoKhMw8R4mtCpaMmf0Qq3EA1wy5rJmtUuSek6-nM3gpYvHmwqsADGHPPcj1SSkyG09LS52cWxXYdPwqvfS35P&amp;__tn__=-]K-R\" target=\"_blank\" rel=\"noopener\"><span class=\"xt0psk2\">Ernesto Fidel Payan Cortinas<\/span><\/a>, <a class=\"x1i10hfl xjbqb8w x6umtig x1b1mbwd xaqea5y xav7gou x9f619 x1ypdohk xt0psk2 xe8uvvx xdj266r x11i5rnm xat24cr x1mh8g0r xexx8yu x4uap5 x18d9i69 xkhd6sd x16tdsg8 x1hl2dhg xggy1nq x1a2a7pz xt0b8zv x1qq9wsj xo1l8bm\" role=\"link\" href=\"https:\/\/www.facebook.com\/JavSaldana?__cft__[0]=AZW_aCrOIYLsvRg1bV_mMWfOc-URZ2lp0N0TbXComRw9gWaWH6F3haol5u0jwqFU0LCSoKhMw8R4mtCpaMmf0Qq3EA1wy5rJmtUuSek6-nM3gpYvHmwqsADGHPPcj1SSkyG09LS52cWxXYdPwqvfS35P&amp;__tn__=-]K-R\" target=\"_blank\" rel=\"noopener\"><span class=\"xt0psk2\">Javier Salda\u00f1a<\/span><\/a> y Liz Adriana Salgado.<\/p>\n<\/div>\n<\/div>\n<div class=\"x11i5rnm xat24cr x1mh8g0r x1vvkbs xtlvy1s x126k92a\">\n<div dir=\"auto\" style=\"text-align: justify\">\n<p>Massive Caller es una firma que se ubica entre las ocho encuestadoras m\u00e1s certeras de M\u00e9xico, junto con Reforma, M\u00e9xico Elige, Campaigns and Elections Mexico (CE Research), Poligrama, Rubrum y MetricsMX, seg\u00fan datos recopilatorios de CE Research el de junio, 2023.<\/p>\n<p><img loading=\"lazy\" decoding=\"async\" class=\"alignnone wp-image-1256969 size-large\" src=\"https:\/\/www.acapulcopress.com\/wp-content\/uploads\/2023\/09\/GUERRERO-2024-840x1219.png\" alt=\"\" width=\"696\" height=\"1010\" \/><\/p>\n<\/div>\n<div dir=\"auto\" style=\"text-align: justify\">) <a class=\"x1i10hfl xjbqb8w x6umtig x1b1mbwd xaqea5y xav7gou x9f619 x1ypdohk xt0psk2 xe8uvvx xdj266r x11i5rnm xat24cr x1mh8g0r xexx8yu x4uap5 x18d9i69 xkhd6sd x16tdsg8 x1hl2dhg xggy1nq x1a2a7pz xt0b8zv x1qq9wsj xo1l8bm\" role=\"link\" href=\"https:\/\/www.facebook.com\/acapulcopress.news?__cft__[0]=AZW_aCrOIYLsvRg1bV_mMWfOc-URZ2lp0N0TbXComRw9gWaWH6F3haol5u0jwqFU0LCSoKhMw8R4mtCpaMmf0Qq3EA1wy5rJmtUuSek6-nM3gpYvHmwqsADGHPPcj1SSkyG09LS52cWxXYdPwqvfS35P&amp;__tn__=-]K-R\"><span class=\"xt0psk2\">AcapulcoPress<\/span><\/a><\/div>\n<\/div>\n","protected":false},"excerpt":{"rendered":"<p>ACAPULCO, Gro. * Septiembre 13, 2023 ) Aps Pese a que Morena se ubica con los pron\u00edsticos a su favor en 2024, el ex candidato a gobernador en 2021 por la coalici\u00f3n #VaPorGuerrero, Mario Moreno Arcos (38.4), se halla ubicado 7.4 puntos porcentuales por encima del Senador morenista F\u00e9lix Salgado Macedonio (31.0%), revela encuesta de&#8230;<\/p>\n","protected":false},"author":2,"featured_media":1256971,"comment_status":"closed","ping_status":"closed","sticky":false,"template":"","format":"standard","meta":{"footnotes":""},"categories":[2052,1972,18561],"tags":[4637,4940,5037,7861,8054,8467,9705,10640,12008,12366,12495,12685,12995,13020,13625,14123,14756,15386,15604,15871],"class_list":["post-1256973","post","type-post","status-publish","format-standard","has-post-thumbnail","hentry","category-elecciones","category-special","category-society-politics","tag-beatriz-mojica-morga","tag-ce-research","tag-campaigns-and-elections-mexico","tag-eloy-salmeron-diaz","tag-ernesto-fidel-payan-cortinas","tag-felix-salgado-macedonio","tag-hector-astudillo-flores","tag-javier-saldana","tag-liz-adriana-salgado","tag-manuel-anorve-banos","tag-marcos-efren-parra-gomez","tag-mario-moreno-arcos","tag-metricsmx","tag-mexico-elige","tag-nestora-salgado","tag-pablo-amilcar-sandoval-ballesteros","tag-poligrama","tag-reforma","tag-ricardo-taja","tag-rubrum"],"_links":{"self":[{"href":"https:\/\/www.acapulcopress.com\/index.php\/wp-json\/wp\/v2\/posts\/1256973","targetHints":{"allow":["GET"]}}],"collection":[{"href":"https:\/\/www.acapulcopress.com\/index.php\/wp-json\/wp\/v2\/posts"}],"about":[{"href":"https:\/\/www.acapulcopress.com\/index.php\/wp-json\/wp\/v2\/types\/post"}],"author":[{"embeddable":true,"href":"https:\/\/www.acapulcopress.com\/index.php\/wp-json\/wp\/v2\/users\/2"}],"replies":[{"embeddable":true,"href":"https:\/\/www.acapulcopress.com\/index.php\/wp-json\/wp\/v2\/comments?post=1256973"}],"version-history":[{"count":0,"href":"https:\/\/www.acapulcopress.com\/index.php\/wp-json\/wp\/v2\/posts\/1256973\/revisions"}],"wp:featuredmedia":[{"embeddable":true,"href":"https:\/\/www.acapulcopress.com\/index.php\/wp-json\/"}],"wp:attachment":[{"href":"https:\/\/www.acapulcopress.com\/index.php\/wp-json\/wp\/v2\/media?parent=1256973"}],"wp:term":[{"taxonomy":"category","embeddable":true,"href":"https:\/\/www.acapulcopress.com\/index.php\/wp-json\/wp\/v2\/categories?post=1256973"},{"taxonomy":"post_tag","embeddable":true,"href":"https:\/\/www.acapulcopress.com\/index.php\/wp-json\/wp\/v2\/tags?post=1256973"}],"curies":[{"name":"wp","href":"https:\/\/api.w.org\/{rel}","templated":true}]}}