{"id":1256976,"date":"2023-09-13T20:50:28","date_gmt":"2023-09-14T02:50:28","guid":{"rendered":"https:\/\/www.acapulcopress.com\/?p=1256976"},"modified":"2023-09-13T20:50:28","modified_gmt":"2023-09-14T02:50:28","slug":"el-intringulis-de-marcelo-ebrard","status":"publish","type":"post","link":"https:\/\/www.acapulcopress.com\/index.php\/2023\/09\/13\/el-intringulis-de-marcelo-ebrard\/","title":{"rendered":"El &#8216;intringulis&#8217; de Marcelo Ebrard"},"content":{"rendered":"<p style=\"text-align: justify\">Carabina 24-30 | La Sucesi\u00f3n del Poder 9<br \/>\n\u00bb <strong>RICARDO<\/strong> | <strong>CASTILLO BARRIENTOS<\/strong><br \/>\n<em>] Facebook ) <a href=\"https:\/\/www.facebook.com\/ricardocastill01\" target=\"_blank\" rel=\"noopener\">Ricardo Castillo Barrientos<\/a><\/em><\/p>\n<p style=\"text-align: justify\">El intringulis generado por Marcelo Ebrard por su vacilante posici\u00f3n pol\u00edtica, vendr\u00e1 decayendo al postergar sus decisiones como parte de una estrategia tendiente a reposicionarlo fuera de Morena, con la fundaci\u00f3n del \u201cMovimiento Progresista\u201d, como Asociaci\u00f3n Pol\u00edtica Nacional, emulando a L\u00f3pez Obrador, cuando comenz\u00f3 a construir el Movimiento de Regeneraci\u00f3n Nacional.<\/p>\n<p style=\"text-align: justify\">Ebrard empieza a moverse en dos pistas: la primera al interior de Morena, al interponer ante la Comisi\u00f3n Nacional de Honestidad y Justicia (CNHJ), una impugnaci\u00f3n de los resultados de encuestas que favorecieron por amplio margen a la doctora Claudia Sheinbaum, demandando anular y reponer la encuesta por inconsistencias y \u201ccargada\u201d a favor de la pol\u00edtica y cient\u00edfica.<\/p>\n<p style=\"text-align: justify\">La argumentaci\u00f3n de Marcelo se basa en una serie de incidentes qu\u00e9 a su juicio, influyeron en el desenlace del proceso demosc\u00f3pico, al considerar viciado el desarrollo por m\u00faltiples irregularidades, que debi\u00f3 haber presentado el domingo ante la CNHJ, instancia que emitir\u00e1 en breve, una resoluci\u00f3n definitiva en la cual, no dar\u00e1 marcha atr\u00e1s de la candidatura aprobada y respaldada por los otros aspirantes y la estructura partidista y gubernamental.<\/p>\n<p style=\"text-align: justify\">La propia Coordinadora Nacional de Comit\u00e9s de Defensa de Comit\u00e9s de la Cuarta Transformaci\u00f3n, manifest\u00f3 con toda seguridad, que revis\u00f3 la impugnaci\u00f3n y que no tiene mucha fundamentaci\u00f3n y va responder jur\u00eddicamente y que ello no significa un \u201crompimiento\u201d.<\/p>\n<p style=\"text-align: justify\">En la otra pista, el experimentado pol\u00edtico comenzar\u00e1 a transitar en el interior del pa\u00eds, impulsando el Movimiento Progresista, como en el a\u00f1o 2012 lo hizo Andr\u00e9s Manuel L\u00f3pez Obrador, al emigrar del PRD y construir Morena, despu\u00e9s de no verse favorecido con el triunfo electoral que benefici\u00f3 a Felipe Calder\u00f3n, consider\u00e1ndolo fraudulento.<\/p>\n<p style=\"text-align: justify\">Tanto Claudia como Marcelo, iniciar\u00e1n recorridos por las capitales y ciudades de la Rep\u00fablica. Claudia con Asambleas de fortalecimiento de las estructuras partidistas estatales, distritales y municipales. Marcelo por su parte, darle forma al naciente \u201cMovimiento Progresista\u201d, a fin de consolidar la membres\u00eda de simpatizantes que opinaron a su favor, en las encuestas donde obtuvo el 25%, mientras que Sheinbaum el 39%.<\/p>\n<p style=\"text-align: justify\">Al final de cuentas, Marcelo tiene inter\u00e9s en postergar al m\u00e1ximo su decisi\u00f3n definitiva para mantener en suspenso al \u201cCirculo Rojo\u201d y a los medios de comunicaci\u00f3n, as\u00ed los reflectores seguir\u00edan presentes y la expectaci\u00f3n del respetable. Finalmente asumir\u00e1 la candidatura presidencial del Movimiento Ciudadano (MC), por estar empe\u00f1ado en aparecer en la boleta electoral del 2023.<\/p>\n<p style=\"text-align: justify\"><strong>LA PATINADA DE CITLALLI.-<\/strong> La secretaria general del Comit\u00e9 Nacional de Morena, Citlalli Hern\u00e1ndez, mostr\u00f3 un clasismo reprobable al mal interpretar la ponderaci\u00f3n del procedimiento demosc\u00f3pico llevado a cabo en Morema, pues considera que \u201cvale m\u00e1s una persona encuestada en la Sierra de Guerrero, que una se\u00f1ora encuestada en Las Lomas\u201d.<\/p>\n<p style=\"text-align: justify\">No se trata que la dirigente sea proletaria o fif\u00ed, sino que su ignorancia en estos menesteres, le impiden ver con lucidez, la sistematizaci\u00f3n aplicada en los estudios demosc\u00f3picos electorales o generales.<\/p>\n<p style=\"text-align: justify\"><strong>CANDIDATOS INDEPENDIENTES.-<\/strong> Como siempre, los aventureros pol\u00edticos salen a relucir cuando se avecinan procesos electorales y no podr\u00edan faltar en esta ocasi\u00f3n, con los registros para candidatos independientes a Presidente de la Rep\u00fablica, del ex gobernador de Oaxaca, el priista Ulises Ruiz; el actor Eduardo Ver\u00e1stegui; el ex dirigente del PES, Hugo Eric Flores.<\/p>\n<p>Complementan la lista, Roc\u00edo Gabriela Gonz\u00e1lez Casta\u00f1eda; Mar\u00eda Ofelia Edgar Mares, l\u00edder de la desconocida \u201cTribu de la Vaca Morada y Cesar Enrique Asiain del Castillo.<\/p>\n<p style=\"text-align: justify\">Todav\u00eda hay otros 21 aspirantes registrados ante el Instituto Nacional Electoral (INE), que hoy mi\u00e9rcoles dar\u00e1 a conocer la lista definitiva de los candidatos independientes, debiendo reunir 1% de firmas del padr\u00f3n electoral, que representan 960 mil electores, requisito nada f\u00e1cil de cumplir, excepto que cuenten con dinero o un gran apoyo como el que ya tiene Ver\u00e1stegui de la iglesia cat\u00f3lica y su padrino financiero Ricardo Salinas Pliego.<\/p>\n<p><em>] S\u00edguenos en Facebook.com\/<a href=\"https:\/\/www.facebook.com\/acapulcopress\" target=\"_blank\" rel=\"noopener\">acapulcopress<\/a><\/em><br \/>\n<em>] S\u00edguenos en Facebook.com\/a<a href=\"https:\/\/www.facebook.com\/angelblanco.press\" target=\"_blank\" rel=\"noopener\">ngelblanco.press<\/a><\/em><br \/>\n<em>] S\u00edguenos en ) acapulcopress.com<\/em><\/p>\n","protected":false},"excerpt":{"rendered":"<p>Carabina 24-30 | La Sucesi\u00f3n del Poder 9 \u00bb RICARDO | CASTILLO BARRIENTOS ] Facebook ) Ricardo Castillo Barrientos El intringulis generado por Marcelo Ebrard por su vacilante posici\u00f3n pol\u00edtica, vendr\u00e1 decayendo al postergar sus decisiones como parte de una estrategia tendiente a reposicionarlo fuera de Morena, con la fundaci\u00f3n del \u201cMovimiento Progresista\u201d, como Asociaci\u00f3n&#8230;<\/p>\n","protected":false},"author":2,"featured_media":1256977,"comment_status":"closed","ping_status":"closed","sticky":false,"template":"","format":"standard","meta":{"footnotes":""},"categories":[2071,1991],"tags":[5129,12503,15575],"class_list":["post-1256976","post","type-post","status-publish","format-standard","has-post-thumbnail","hentry","category-opinion-analisis-columnas","category-libertad-de-expresion","tag-carabina-24-30","tag-maremagnum","tag-ricardo-castillo-barrientos"],"_links":{"self":[{"href":"https:\/\/www.acapulcopress.com\/index.php\/wp-json\/wp\/v2\/posts\/1256976","targetHints":{"allow":["GET"]}}],"collection":[{"href":"https:\/\/www.acapulcopress.com\/index.php\/wp-json\/wp\/v2\/posts"}],"about":[{"href":"https:\/\/www.acapulcopress.com\/index.php\/wp-json\/wp\/v2\/types\/post"}],"author":[{"embeddable":true,"href":"https:\/\/www.acapulcopress.com\/index.php\/wp-json\/wp\/v2\/users\/2"}],"replies":[{"embeddable":true,"href":"https:\/\/www.acapulcopress.com\/index.php\/wp-json\/wp\/v2\/comments?post=1256976"}],"version-history":[{"count":0,"href":"https:\/\/www.acapulcopress.com\/index.php\/wp-json\/wp\/v2\/posts\/1256976\/revisions"}],"wp:featuredmedia":[{"embeddable":true,"href":"https:\/\/www.acapulcopress.com\/index.php\/wp-json\/"}],"wp:attachment":[{"href":"https:\/\/www.acapulcopress.com\/index.php\/wp-json\/wp\/v2\/media?parent=1256976"}],"wp:term":[{"taxonomy":"category","embeddable":true,"href":"https:\/\/www.acapulcopress.com\/index.php\/wp-json\/wp\/v2\/categories?post=1256976"},{"taxonomy":"post_tag","embeddable":true,"href":"https:\/\/www.acapulcopress.com\/index.php\/wp-json\/wp\/v2\/tags?post=1256976"}],"curies":[{"name":"wp","href":"https:\/\/api.w.org\/{rel}","templated":true}]}}