{"id":1256982,"date":"2023-09-13T21:13:28","date_gmt":"2023-09-14T03:13:28","guid":{"rendered":"https:\/\/www.acapulcopress.com\/?p=1256982"},"modified":"2023-09-13T21:13:28","modified_gmt":"2023-09-14T03:13:28","slug":"presidio-gobernadora-aniversario-de-210-anos-del-primer-congreso-de-anahuac","status":"publish","type":"post","link":"https:\/\/www.acapulcopress.com\/index.php\/2023\/09\/13\/presidio-gobernadora-aniversario-de-210-anos-del-primer-congreso-de-anahuac\/","title":{"rendered":"Presidi\u00f3 Gobernadora aniversario de &#8216;210 A\u00f1os del Primer Congreso de An\u00e1huac&#8217;"},"content":{"rendered":"<p style=\"text-align: justify\">CHILPANCINGO * Septiembre 13, 2023.<br \/>\n<em>) Congreso de Guerrero<\/em><\/p>\n<p style=\"text-align: justify\">La diputada <a href=\"https:\/\/www.facebook.com\/diputadaleticiamosso\" target=\"_blank\" rel=\"noopener\">Leticia Mosso Hern\u00e1ndez<\/a>, presidenta de la Mesa Directiva, extern\u00f3 que los <img loading=\"lazy\" decoding=\"async\" class=\"alignleft size-medium wp-image-1256987\" src=\"https:\/\/www.acapulcopress.com\/wp-content\/uploads\/2023\/09\/210-ANOS.7-375x250.jpeg\" alt=\"\" width=\"375\" height=\"250\" \/>Sentimientos de la Naci\u00f3n siguen vigentes a 210 a\u00f1os de haber sido promulgados por el General\u00edsimo Jos\u00e9 Mar\u00eda Morelos y Pav\u00f3n, lo que hace propicio abrir un espacio para la reflexi\u00f3n, el di\u00e1logo y el consenso, a efecto de lograr que estos postulados se traduzcan en leyes justas, tribunales imparciales, pol\u00edticas p\u00fablicas que atiendan la desigualdad y, sobre todo, para cerrarle el paso a nuevas formas de esclavitud y tortura.<\/p>\n<p style=\"text-align: justify\">Lo anterior al dar el mensaje oficial a nombre de la LXIII Legislatura durante la sesi\u00f3n solemne en conmemoraci\u00f3n del 210 Aniversario del Primer Congreso de An\u00e1huac, ante la presencia de la gobernadora constitucional del Estado Libre y Soberano de Guerrero, <a href=\"https:\/\/www.facebook.com\/EvelynSalgadoP\" target=\"_blank\" rel=\"noopener\">Evelyn Cecia Salgado Pineda<\/a>; el presidente del Tribunal Superior de Justicia del Estado, <img loading=\"lazy\" decoding=\"async\" class=\"alignleft size-medium wp-image-1256986\" src=\"https:\/\/www.acapulcopress.com\/wp-content\/uploads\/2023\/09\/210-ANOS.2-375x250.jpeg\" alt=\"\" width=\"375\" height=\"250\" \/>Raymundo Casarrubias V\u00e1zquez; el representante del Gobierno Federal, Iv\u00e1n Hern\u00e1ndez D\u00edaz, delegado federal de los Programas para el Bienestar en la entidad, y de Blanca Evelia Galeana Balanzar y Mar\u00eda de Jes\u00fas Real Garc\u00eda Figueroa, sobrina de la galardonada y directora de la Casa Museo \u201cBenita Galeana\u201d, respectivamente.<\/p>\n<p style=\"text-align: justify\">La legisladora reconoci\u00f3 que esta conmemoraci\u00f3n no puede limitarse a ser una remembranza hist\u00f3rica, sino un binomio de acci\u00f3n y esfuerzo destinado a mejorar la vida de las y los<\/p>\n<p style=\"text-align: justify\">guerrerenses; \u201cuna dualidad que debe guiar la pr\u00e1ctica diaria, que oriente a la congruencia de vida, como la de la galardonada\u201d, resalt\u00f3.<\/p>\n<p style=\"text-align: justify\">Abund\u00f3 que como representantes de la voz del pueblo las diputadas y diputados deben <img loading=\"lazy\" decoding=\"async\" class=\"alignleft size-medium wp-image-1256985\" src=\"https:\/\/www.acapulcopress.com\/wp-content\/uploads\/2023\/09\/210-ANOS-6-375x250.jpeg\" alt=\"\" width=\"375\" height=\"250\" \/>privilegiar el respeto a los derechos humanos para poder transitar por la ruta de la democracia y hacia un desarrollo social m\u00e1s justo e igualitario, conforme al esp\u00edritu de lo establecido en los sentimientos dictados por el \u201csiervo de la naci\u00f3n\u201d.<\/p>\n<p style=\"text-align: justify\">De la galardonada Benita Galeana Lacunza, refiri\u00f3 que la decisi\u00f3n de otorgarle la Presea Sentimientos de la Naci\u00f3n se apega sin duda al esp\u00edritu con que fue instituida: enaltecer los m\u00e1s altos valores de la humanidad.<\/p>\n<p style=\"text-align: justify\">Dijo, adem\u00e1s, que este acto es un merecido reconocimiento al legado de la activista y feminista guerrerense, as\u00ed como un sentido homenaje a su firme convicci\u00f3n de que la acci\u00f3n y el esfuerzo de las personas son indispensables mientras existan mujeres <img loading=\"lazy\" decoding=\"async\" class=\"alignleft size-medium wp-image-1256983\" src=\"https:\/\/www.acapulcopress.com\/wp-content\/uploads\/2023\/09\/210-ANOS-3-375x250.jpg\" alt=\"\" width=\"375\" height=\"250\" \/>desamparadas social y pol\u00edticamente.<\/p>\n<p style=\"text-align: justify\">Destac\u00f3, por \u00faltimo, que honrar a Benita Galeana es honrar a muchas otras luchadoras sociales que buscan la implementaci\u00f3n de leyes modernas que garanticen la participaci\u00f3n progresiva y efectiva del sector en todos los \u00e1mbitos, lo que consolidar\u00e1 al pa\u00eds como una naci\u00f3n cada vez m\u00e1s incluyente, lo mismo que al estado de Guerrero que hoy tiene a la primera gobernadora y en el Congreso a la primera legislatura paritaria.<\/p>\n<p style=\"text-align: justify\">En su participaci\u00f3n, Mar\u00eda de Jes\u00fas Real Garc\u00eda Figueroa, directora de la Casa Museo \u201cBenita Galeana\u201d, resalt\u00f3 la acci\u00f3n del Congreso al haber creado el galard\u00f3n en honor de Jos\u00e9 Mar\u00eda Morelos y Pav\u00f3n, cuyos ideales de libertad e igualdad guiaron la trayectoria de esta gran activista que hoy fue homenajeada de manera p\u00f3stuma.<\/p>\n<p style=\"text-align: justify\">Enfatiz\u00f3 que los principios marcados en los Sentimientos de la Naci\u00f3n Benita Galeana siempre los tuvo presentes y guiaron su conducta y aspiraciones, por eso luch\u00f3 toda su vida por la<\/p>\n<p style=\"text-align: justify\">igualdad entre hombres y mujeres y por el respeto a los derechos de la clase trabajadora.<\/p>\n<p style=\"text-align: justify\">En representaci\u00f3n del Gobierno Federal intervino Iv\u00e1n Hern\u00e1ndez D\u00edaz, delegado en Guerrero de los Programas para el Bienestar, se\u00f1alando que a 210 a\u00f1os de la promulgaci\u00f3n de los Sentimientos de la Naci\u00f3n, siguen siendo fuente de inspiraci\u00f3n en la tarea de legislar, as\u00ed como en las acciones encaminadas a combatir la pobreza y para moderar la opulencia.<\/p>\n<p style=\"text-align: justify\">En ese sentido, hizo un reconocimiento a las y los integrantes de la LXIII legislatura por su convicci\u00f3n de avanzar en la construcci\u00f3n de un estado de libertades y justicia, mediante esfuerzos coordinados con el Ejecutivo estatal para la implementaci\u00f3n de programas y pol\u00edticas p\u00fablicas enfocadas al bienestar de la poblaci\u00f3n.<\/p>\n<p style=\"text-align: justify\">Asimismo, se congratul\u00f3 por elegir como recipiendaria a una mujer de transcendencia excepcional que \u201cantes de callar un abuso, decidi\u00f3 enfrentarlo, y quien desde muy ani\u00f1a aprendi\u00f3 el valor de la dignidad y asumi\u00f3 siempre el costo de defenderla\u201d.<\/p>\n<p style=\"text-align: justify\">En su mensaje, la gobernadora Evelyn Salgado Pineda resalt\u00f3 la importancia de reconocer legados como el de Benita Galeana Lacunza, activista incansable y luchadora social que abog\u00f3 por los derechos de las mujeres y los trabajadores, por la democracia, la libertad y por el bienestar del pueblo guerrerense, hechos que la hacen digna merecedora de la m\u00e1s alta condecoraci\u00f3n que entrega el Congreso del Estado, la Presea \u201cSentimientos de la Naci\u00f3n\u201d.<\/p>\n<p style=\"text-align: justify\">Destac\u00f3 que Benita Galena sigue siendo un referente para todas y todos quienes luchan m\u00e1s all\u00e1 de los colores e ideolog\u00edas de partidos, y que priorizan el bienestar de la gente, principalmente los m\u00e1s pobres, los grupos vulnerables y sectores prioritarios, en busca de consolidar la justicia social, el respeto a los derechos humanos, la paz y la educaci\u00f3n, que deriven en un estado de bienestar y progreso.<\/p>\n<p style=\"text-align: justify\">Por \u00faltimo, llam\u00f3 a quienes est\u00e1n al frente de las instituciones y a la sociedad en general a seguir por la ruta de la unidad y la reconciliaci\u00f3n, la apertura y di\u00e1logo, refrendando los principios del General\u00edsimo Jos\u00e9 Mar\u00eda Morelos y Pav\u00f3n y la lucha brindada por Benita Galeana.<\/p>\n<p style=\"text-align: justify\">En esta sesi\u00f3n solemne realizada en la Catedral de la Asunci\u00f3n de Mar\u00eda de Chilpancingo, correspondi\u00f3 al diputado Andr\u00e9s Guevara C\u00e1rdenas dar lectura a la Lista de Honor de los Diputados Constituyentes, mientras que la diputada Patricia Doroteo Calder\u00f3n ley\u00f3 los Sentimientos de la Naci\u00f3n.<\/p>\n<p><em>] S\u00edguenos en Facebook.com\/<a href=\"https:\/\/www.facebook.com\/acapulcopress\" target=\"_blank\" rel=\"noopener\">acapulcopress<\/a><\/em><br \/>\n<em>] S\u00edguenos en Facebook.com\/<a href=\"https:\/\/www.facebook.com\/angelblanco.press\" target=\"_blank\" rel=\"noopener\">angelblanco.press<\/a><\/em><br \/>\n<em>] S\u00edguenos en ) acapulcopress.com<\/em><\/p>\n","protected":false},"excerpt":{"rendered":"<p>CHILPANCINGO * Septiembre 13, 2023. ) Congreso de Guerrero La diputada Leticia Mosso Hern\u00e1ndez, presidenta de la Mesa Directiva, extern\u00f3 que los Sentimientos de la Naci\u00f3n siguen vigentes a 210 a\u00f1os de haber sido promulgados por el General\u00edsimo Jos\u00e9 Mar\u00eda Morelos y Pav\u00f3n, lo que hace propicio abrir un espacio para la reflexi\u00f3n, el di\u00e1logo&#8230;<\/p>\n","protected":false},"author":2,"featured_media":1256988,"comment_status":"closed","ping_status":"closed","sticky":false,"template":"","format":"standard","meta":{"footnotes":""},"categories":[61,18561],"tags":[2979,8241,9557,11088,11793,15320,16484,17403],"class_list":["post-1256982","post","type-post","status-publish","format-standard","has-post-thumbnail","hentry","category-legislacion","category-society-politics","tag-210-anos-del-primer-congreso-de-anahuac","tag-evelyn-cecia-salgado-pineda","tag-guerrero-lxiii-legislatura","tag-jose-maria-morelos-y-pavon","tag-leticia-mosso-hernandez","tag-raymundo-casarrubias-vazquez","tag-sentimientos-de-la-nacion","tag-tribunal-superior-de-justicia-del-estado-de-guerrero"],"_links":{"self":[{"href":"https:\/\/www.acapulcopress.com\/index.php\/wp-json\/wp\/v2\/posts\/1256982","targetHints":{"allow":["GET"]}}],"collection":[{"href":"https:\/\/www.acapulcopress.com\/index.php\/wp-json\/wp\/v2\/posts"}],"about":[{"href":"https:\/\/www.acapulcopress.com\/index.php\/wp-json\/wp\/v2\/types\/post"}],"author":[{"embeddable":true,"href":"https:\/\/www.acapulcopress.com\/index.php\/wp-json\/wp\/v2\/users\/2"}],"replies":[{"embeddable":true,"href":"https:\/\/www.acapulcopress.com\/index.php\/wp-json\/wp\/v2\/comments?post=1256982"}],"version-history":[{"count":0,"href":"https:\/\/www.acapulcopress.com\/index.php\/wp-json\/wp\/v2\/posts\/1256982\/revisions"}],"wp:featuredmedia":[{"embeddable":true,"href":"https:\/\/www.acapulcopress.com\/index.php\/wp-json\/"}],"wp:attachment":[{"href":"https:\/\/www.acapulcopress.com\/index.php\/wp-json\/wp\/v2\/media?parent=1256982"}],"wp:term":[{"taxonomy":"category","embeddable":true,"href":"https:\/\/www.acapulcopress.com\/index.php\/wp-json\/wp\/v2\/categories?post=1256982"},{"taxonomy":"post_tag","embeddable":true,"href":"https:\/\/www.acapulcopress.com\/index.php\/wp-json\/wp\/v2\/tags?post=1256982"}],"curies":[{"name":"wp","href":"https:\/\/api.w.org\/{rel}","templated":true}]}}