{"id":1256990,"date":"2023-09-13T22:16:17","date_gmt":"2023-09-14T04:16:17","guid":{"rendered":"https:\/\/www.acapulcopress.com\/?p=1256990"},"modified":"2023-09-13T22:16:17","modified_gmt":"2023-09-14T04:16:17","slug":"ya-supereme-pide-xochitl-galvez-al-presidente-amlo","status":"publish","type":"post","link":"https:\/\/www.acapulcopress.com\/index.php\/2023\/09\/13\/ya-supereme-pide-xochitl-galvez-al-presidente-amlo\/","title":{"rendered":"\u00ab\u00a1Ya sup\u00e9reme!, pide X\u00f3chitl G\u00e1lvez a AMLO"},"content":{"rendered":"<p style=\"text-align: justify\">CIUDAD DE M\u00c9XICO * Septiembre 13, 2023.<br \/>\n<em>) Apro<\/em><\/p>\n<p style=\"text-align: justify\">Estoy segura que, si me tiran mi casa, millones de mexicanos me van a abrir la suya\u201d, afirm\u00f3 <a href=\"https:\/\/www.facebook.com\/Xochitl.Galvez.R\" target=\"_blank\" rel=\"noopener\">X\u00f3chitl G\u00e1lvez<\/a>, aspirante presidencial del Frente Amplio por M\u00e9xico, quien acus\u00f3 al presidente <a href=\"https:\/\/www.facebook.com\/lopezobrador.org.mx\" target=\"_blank\" rel=\"noopener\">Andr\u00e9s Manuel L\u00f3pez Obrador<\/a> de querer imponerse a como d\u00e9 lugar en lo que llam\u00f3 \u201cuna elecci\u00f3n de Estado\u201d.<\/p>\n<p style=\"text-align: justify\">La senadora panista, quien ha negado que se cometiera alg\u00fan il\u00edcito en la casa que habita en la colonia Reforma Social de la alcald\u00eda Miguel Hidalgo, se refiri\u00f3 a la petici\u00f3n de Morena <img loading=\"lazy\" decoding=\"async\" class=\"alignleft size-medium wp-image-1256991\" src=\"https:\/\/www.acapulcopress.com\/wp-content\/uploads\/2023\/09\/CASA-XOCHITL-375x460.webp\" alt=\"\" width=\"375\" height=\"460\" \/>en la Ciudad de M\u00e9xico para que el inmueble sea demolido.<\/p>\n<p style=\"text-align: justify\">\u201cLas dictaduras empiezan por quitarle su hogar a los opositores\u201d, se\u00f1al\u00f3 en conferencia de prensa este mi\u00e9rcoles en el Senado.<\/p>\n<p style=\"text-align: justify\">G\u00e1lvez denunci\u00f3 que \u201cla orquesta de la 4T es dirigida desde Palacio Nacional (\u2026) esta es una elecci\u00f3n de Estado, lo que est\u00e1 en juego es el poder y el presidente se va a imponer a como d\u00e9 lugar\u00bb.<\/p>\n<p style=\"text-align: justify\">Este martes, el partido Morena en la Ciudad de M\u00e9xico exigi\u00f3 a las autoridades panistas de esa demarcaci\u00f3n que la vivienda sea \u201cclausurada, resguardada y demolida\u201d, pues se trata de una \u201cconstrucci\u00f3n ilegal\u201d.<\/p>\n<p style=\"text-align: justify\">Seg\u00fan la acusaci\u00f3n del exjefe delegacional en Miguel Hidalgo, V\u00edctor Hugo Romo, la casa de la senadora panista fue adquirida mediante corrupci\u00f3n y actos ilegales.<\/p>\n<p style=\"text-align: justify\">El lunes 11, Romo public\u00f3 un video en su cuenta de X en el que denunci\u00f3 que mientras G\u00e1lvez era delegada en el a\u00f1o 2017 dio los permisos para la construcci\u00f3n del complejo de lujo, el cual asegur\u00f3 cuenta \u201ccon un valor de 75 millones de pesos\u201d.<\/p>\n<p style=\"text-align: justify\">A\u00f1adi\u00f3 que en 2020 se le neg\u00f3 el Uso y Ocupaci\u00f3n, el cual avala que el inmueble es 100% habitable. Sin embargo, a\u00f1adi\u00f3 que G\u00e1lvez Ruiz adquiri\u00f3 la propiedad \u201caun con el conocimiento de que era ilegal\u201d, y refiri\u00f3 que obtuvo un \u201cdescuentazo de m\u00e1s de 5 millones de pesos\u201d, raz\u00f3n por la cual la apod\u00f3 \u201cM\u00f3chitl G\u00e1lvez\u201d.<\/p>\n<p style=\"text-align: justify\"><strong>Como en Nicaragua<br \/>\n<\/strong><br \/>\nEn la conferencia de este mi\u00e9rcoles, G\u00e1lvez record\u00f3 el caso de Nicaragua, en el que el presidente Daniel Ortega hace unos d\u00edas le quit\u00f3 su casa a la escritora Gioconda Belli.<\/p>\n<p style=\"text-align: justify\">\u201cLa verdad es que no encuentran c\u00f3mo bajarme de la candidatura, est\u00e1n muertos del miedo y este miedo se convierte en pavor\u201d, a\u00f1adi\u00f3.<\/p>\n<p style=\"text-align: justify\">\u201cQuiero decirles que la casa donde vivo est\u00e1 completamente dentro de la ley\u201d, detall\u00f3 la senadora y explic\u00f3:<\/p>\n<p style=\"text-align: justify\">\u201cPrimero reviso para hacer el r\u00e9gimen de condominio un notario los documentos, el uso de suelo, la terminaci\u00f3n, se le notifica a la delegaci\u00f3n que, por cierto, es en los tiempos de V\u00edctor Hugo Romo cuando se construye esta casa. Yo solo compr\u00e9, no soy la constructora ni muchos menos.<\/p>\n<p style=\"text-align: justify\">\u201cYo compr\u00e9 en preventa esta casa, posteriormente el notario que hizo la escritura revis\u00f3 todos los documentos, el certificado de uso de suelo, la manifestaci\u00f3n de obra y el banco que me otorg\u00f3 el cr\u00e9dito por supuesto que volvi\u00f3 a hacer una revisi\u00f3n de los documentos; o sea, el banco no va a poner en riesgo un recurso que te presta si hay alguna ilegalidad en la obra.<\/p>\n<p style=\"text-align: justify\">\u201cY, finalmente, el Registro P\u00fablico de la Propiedad inscribi\u00f3 la casa y pues ah\u00ed, ahora s\u00ed que el Registro P\u00fablico de la Propiedad no es af\u00edn a su servidora, estaba el gobierno de Morena o est\u00e1 el gobierno de Morena en la Ciudad\u201d, dijo X\u00f3chitl G\u00e1lvez y lanz\u00f3 un desaf\u00edo: \u201cEntonces, decirle que la ley s\u00ed es la ley para m\u00ed y yo los reto a que me la demuelan\u201d<\/p>\n<p style=\"text-align: justify\">La aspirante presidencial asegur\u00f3 que est\u00e1 subiendo en las encuestas y eso tiene \u201cmuertos del miedo\u201d a los integrantes del oficialismo.<\/p>\n<p style=\"text-align: justify\">\u201cYa me mandaron a todos sus voceros, a los gobernadores, al de Oaxaca, al de Sonora y pues me van a echar mont\u00f3n. Eso solo demuestra que la orquesta de la 4T es dirigida desde Palacio Nacional\u201d, asever\u00f3, tras se\u00f1alar que el presidente la volvi\u00f3 a mencionar en la ma\u00f1anera<\/p>\n<p style=\"text-align: justify\">\u201cYa sabe que tiene una restricci\u00f3n y es \u00e9l el que est\u00e1 operando esta orquesta, porque es real\u201d, asever\u00f3.<\/p>\n<p style=\"text-align: justify\"><strong>#DemuelanMesta<\/strong><\/p>\n<p style=\"text-align: justify\">Desde anoche, la senadora panista respondi\u00f3 en X: \u201cTrataron de destruir mis or\u00edgenes, mis empresas, a mis clientes y ahora \u00a1mi casa! \u00bfNo se quieren llevar mi bicicleta al corral\u00f3n?\u201d.<\/p>\n<p style=\"text-align: justify\">En la misma red public\u00f3 una foto en la que sostiene un cart\u00f3n con el dibujo de un coraz\u00f3n que tiene en medio la \u201cX\u201d de su inicial y la palabra \u201cEsperanza\u201d. En Twitter la difundi\u00f3 con el mensaje #DemuelanMesta.<\/p>\n<p style=\"text-align: justify\">En conferencia de prensa el martes en el Senado, cuestion\u00f3 si no puede tener una casa con un valor de nueve millones y neg\u00f3 que se haya cometido il\u00edcito en la adquisici\u00f3n de la vivienda se\u00f1alada.<\/p>\n<p style=\"text-align: justify\">\u201c\u00bfPues no dice el presidente que soy una empresaria millonaria? \u00bfNo puedo tener una casa que vale nueve millones 700 mil pesos? Es todo lo que tengo.<\/p>\n<p style=\"text-align: justify\">\u201cRealmente no hay dinero il\u00edcito, lo que tengo lo he ganado producto de mi trabajo. Como no le funcion\u00f3 lo otro, ahora saca esto, pero bueno, vivo en una colonia de clase media, no es nada extraordinario y la compr\u00e9 con recursos l\u00edcitos\u201d, sostuvo.<\/p>\n<div style=\"width: 1160px;\" class=\"wp-video\"><video class=\"wp-video-shortcode\" id=\"video-1256990-1\" width=\"1160\" height=\"653\" preload=\"metadata\" controls=\"controls\"><source type=\"video\/mp4\" src=\"https:\/\/www.acapulcopress.com\/wp-content\/uploads\/2023\/09\/YA-SUPEREME-XOCHITL-A-AMLO.mp4?_=1\" \/><a href=\"https:\/\/www.acapulcopress.com\/wp-content\/uploads\/2023\/09\/YA-SUPEREME-XOCHITL-A-AMLO.mp4\">https:\/\/www.acapulcopress.com\/wp-content\/uploads\/2023\/09\/YA-SUPEREME-XOCHITL-A-AMLO.mp4<\/a><\/video><\/div>\n<p style=\"text-align: justify\"><em>] S\u00edguenos en Facebook.com\/<a href=\"https:\/\/www.facebook.com\/acapulcopress\" target=\"_blank\" rel=\"noopener\">acapulcopress<\/a><\/em><br \/>\n<em>] S\u00edguenos en Facebook.com\/<a href=\"https:\/\/www.facebook.com\/angelblanco.press\" target=\"_blank\" rel=\"noopener\">angelblanco.press<\/a><\/em><\/p>\n","protected":false},"excerpt":{"rendered":"<p>CIUDAD DE M\u00c9XICO * Septiembre 13, 2023. ) Apro Estoy segura que, si me tiran mi casa, millones de mexicanos me van a abrir la suya\u201d, afirm\u00f3 X\u00f3chitl G\u00e1lvez, aspirante presidencial del Frente Amplio por M\u00e9xico, quien acus\u00f3 al presidente Andr\u00e9s Manuel L\u00f3pez Obrador de querer imponerse a como d\u00e9 lugar en lo que llam\u00f3&#8230;<\/p>\n","protected":false},"author":2,"featured_media":1256992,"comment_status":"closed","ping_status":"closed","sticky":false,"template":"","format":"standard","meta":{"footnotes":""},"categories":[1997],"tags":[3896,4718,13297],"class_list":["post-1256990","post","type-post","status-publish","format-standard","has-post-thumbnail","hentry","category-noticias-destacadas","tag-andres-manuel-lopez-obrador","tag-bertha-xochitl-galvez-ruiz","tag-morena"],"_links":{"self":[{"href":"https:\/\/www.acapulcopress.com\/index.php\/wp-json\/wp\/v2\/posts\/1256990","targetHints":{"allow":["GET"]}}],"collection":[{"href":"https:\/\/www.acapulcopress.com\/index.php\/wp-json\/wp\/v2\/posts"}],"about":[{"href":"https:\/\/www.acapulcopress.com\/index.php\/wp-json\/wp\/v2\/types\/post"}],"author":[{"embeddable":true,"href":"https:\/\/www.acapulcopress.com\/index.php\/wp-json\/wp\/v2\/users\/2"}],"replies":[{"embeddable":true,"href":"https:\/\/www.acapulcopress.com\/index.php\/wp-json\/wp\/v2\/comments?post=1256990"}],"version-history":[{"count":0,"href":"https:\/\/www.acapulcopress.com\/index.php\/wp-json\/wp\/v2\/posts\/1256990\/revisions"}],"wp:featuredmedia":[{"embeddable":true,"href":"https:\/\/www.acapulcopress.com\/index.php\/wp-json\/"}],"wp:attachment":[{"href":"https:\/\/www.acapulcopress.com\/index.php\/wp-json\/wp\/v2\/media?parent=1256990"}],"wp:term":[{"taxonomy":"category","embeddable":true,"href":"https:\/\/www.acapulcopress.com\/index.php\/wp-json\/wp\/v2\/categories?post=1256990"},{"taxonomy":"post_tag","embeddable":true,"href":"https:\/\/www.acapulcopress.com\/index.php\/wp-json\/wp\/v2\/tags?post=1256990"}],"curies":[{"name":"wp","href":"https:\/\/api.w.org\/{rel}","templated":true}]}}