{"id":1256998,"date":"2023-09-18T18:36:14","date_gmt":"2023-09-19T00:36:14","guid":{"rendered":"https:\/\/www.acapulcopress.com\/?p=1256998"},"modified":"2023-09-18T18:36:14","modified_gmt":"2023-09-19T00:36:14","slug":"aspiro-servir-a-la-gente-no-a-si-mismo-yoshio-avila","status":"publish","type":"post","link":"https:\/\/www.acapulcopress.com\/index.php\/2023\/09\/18\/aspiro-servir-a-la-gente-no-a-si-mismo-yoshio-avila\/","title":{"rendered":"Aspiro servir a la gente, no servirme a s\u00ed mismo | Yoshio \u00c1vila"},"content":{"rendered":"<p style=\"text-align: justify\"><em>\u00bb<strong> Jam\u00e1s he ostentado cargo p\u00fablico alguno para que me digan &#8216;chapul\u00edn&#8217; o &#8216;rata&#8217;. Nunca he andado de un cargo a otro, ni le he robado nada a nadie. Vivo l\u00edcitamente de mi actividad empresarial y gozo de un prestigio que no pueden presumir muchos que s\u00ed andan de un lado para otro, pegados de la ubre<\/strong> \u00ab\u00a0<\/em><\/p>\n<p style=\"text-align: justify\">\u00bb <strong>\u00c1ngel<\/strong> | <strong>Blanco<br \/>\n<\/strong>ACAPULCO * Septiembre 18, 2023.<br \/>\n<em>) Acapulco Press<br \/>\n\u00ab<\/em>Jam\u00e1s he ostentado cargo p\u00fablico alguno para que me digan &#8216;chapul\u00edn&#8217; o &#8216;rata&#8217;. Yo nunca he andado de un cargo a otro, ni le he robado nada a nadie. Vivo l\u00edcitamente de mi actividad empresarial y gozo de un prestigio que no pueden presumir muchos que s\u00ed andan de un lado para otro, pegados de la ubre. Con esa calidad moral voy por un proyecto de gobierno para ayudar a la gente; \u00a1si no es por eso, no tiene caso competir por la presidencia municipal en 2024&#8243;, sostuvo, firme y enf\u00e1tico, <a href=\"https:\/\/www.facebook.com\/YoshioAvilaG\" target=\"_blank\" rel=\"noopener\">Yoshio \u00c1vila Gonz\u00e1lez<\/a>, aspirante a alcalde por Morena.<\/p>\n<p style=\"text-align: justify\">Entrevistado en un restaurante de la costera Alem\u00e1n, el representante en Guerrero del ex aspirante presidencial <a href=\"https:\/\/www.facebook.com\/AdanAugustoLopezHdz\" target=\"_blank\" rel=\"noopener\">Ad\u00e1n Augusto L\u00f3pez Hern\u00e1ndez<\/a> extern\u00f3 su confianza en que ser\u00e1 el candidato de su partido porque es casi un hecho de que la candidatura recaer\u00e1 en el g\u00e9nero masculino y porque en las encuestas internas y externas se mantiene en los primeros lugares de las preferencias de la Intenci\u00f3n al Voto 2024 en Acapulco.<\/p>\n<p style=\"text-align: justify\">\u00c1vila Gonz\u00e1lez se dijo estar preparado para afrontar los retos de Acapulco y gobernar bien para todo los acapulque\u00f1os porque, de entrada, es un hombre preparado seglarmente y no cuenta con antecedentes de corrupci\u00f3n ni nada que pueda impedirle su aspiraci\u00f3n leg\u00edtima de ser presidente de Acapulco. De hecho, asegura ser el \u00fanico al que ning\u00fan acapulque\u00f1o pueda se\u00f1alarlo de haber apropiado de algo ajeno o de andar de un lado para otro &#8216;pegado a la ubre&#8217;, adem\u00e1s de que todo lo que tiene se lo ha ganado a pulso, con esfuerzo, trabajo y con honradez.<\/p>\n<p style=\"text-align: justify\">Reconoci\u00f3 que como cualquier otro ciudadano que incursiona en pol\u00edtica, s\u00ed particip\u00f3 en algunos movimientos pol\u00edticos antes, pero jam\u00e1s ostent\u00f3 cargo alguno que manche su carrera ni traicion\u00f3 a nadie porque la b\u00fasqueda de la verdadera democracia no es traici\u00f3n.<\/p>\n<p style=\"text-align: justify\">Por eso, cuando emigr\u00f3 a Morena lo hizo convencido del proyecto del presidente <a href=\"https:\/\/www.facebook.com\/lopezobrador.org.mx\" target=\"_blank\" rel=\"noopener\">Andr\u00e9s Manuel L\u00f3pez Obrador<\/a>, y que aunque en 2018 y 2021 no lo dejaron participar porque la candidatura recay\u00f3 en el g\u00e9nero femenino (Adela Rom\u00e1n Ocampo y Abelina L\u00f3pez Rodr\u00edguez), jam\u00e1s hizo rabietas ni revueltas como estilan algunos pol\u00edticos para obtener lo que quieren.<\/p>\n<p style=\"text-align: justify\">Yoshio \u00c1vila se declara un hombre disciplinado, institucional y respetuoso, por eso ha escalado hasta el lugar que actualmente ocupa.<\/p>\n<p style=\"text-align: justify\">\u00ab\u00a1No cualquiera es elegido representante de quien fue el segundo hombre m\u00e1s importante de M\u00e9xico, despu\u00e9s de presidente L\u00f3pez Obrador; no cualquiera se gana la confianza de un aspirante presidencial como Ad\u00e1n Augusto L\u00f3pez!\u00bb, aclar\u00f3 el aspirante, quien reiter\u00f3 sentirse seguro y satisfecho con su trabajo realizado sin aspavientos a favor de la gente que solicita su ayuda, a\u00fan cuando no cuenta con un cargo p\u00fablico donde pueda obtener los recursos para ayudar a sus conciudadanos, a diferencia de quienes teniendo un cargo, lamentablemente, se olvidan de servir a sus semejantes.<\/p>\n<p style=\"text-align: justify\">Yoshio \u00c1vila conf\u00eda en seguir posicion\u00e1ndose en los pr\u00f3ximos meses en las preferencias electorales, porque as\u00ed no habr\u00e1 nada que impida ser electo candidato oficial de Morena a la presidencia municipal de Acapulco, objetivo que, obviamente, no es f\u00e1cil, pero por el cual seguir\u00e1 trabajando a ras de tierra, haciendo lo propio con recursos propios y manteniendo una conducta e imagen intachable para que nadie lo se\u00f1ale de lo que no es.<\/p>\n<p style=\"text-align: justify\">Por ello, remach\u00f3: \u00abNadie puede acusarme de corrupto, &#8216;chapul\u00edn&#8217; o &#8216;rata&#8217;, porque jam\u00e1s he ostentado cargos p\u00fablicos ni he andado saltando de un lugar a otro como algunos que, aunque paguen para limpiar su imagen, jam\u00e1s podr\u00e1n quitarse esos antecedentes que denigran su imagen\u00bb.<\/p>\n<p style=\"text-align: justify\">Yo \u00abquiero ser presidente porque quiero servir a la gente con humildad, transparencia, mucho trabajo y honestidad; yo no quiero repetir lo que han hecho casi todos: servirse de lo que es del pueblo, en lugar de devolverle en obras y servicio lo que por ley es suyo. Yo quiero retribuirle a los acapulque\u00f1os lo que llevan a\u00f1os reclamando: Atenci\u00f3n, servicios y buen uso de los recursos p\u00fablicos\u00bb.<\/p>\n<p style=\"text-align: justify\">\u00ab\u00a1Si no es por ese proyecto u objetivo de servir, no tiene caso competir por la presidencia de Acapulco!\u00bb, concluy\u00f3 \u00c1vila.<\/p>\n<p style=\"text-align: justify\"><em>] S\u00edguenos en Facebook.com\/<a href=\"https:\/\/www.facebook.com\/acapulcopress\" target=\"_blank\" rel=\"noopener\">acapulcopress<\/a><\/em><br \/>\n<em>] S\u00edguenos en Facebook.com\/<a href=\"https:\/\/www.facebook.com\/angelblanco.press\" target=\"_blank\" rel=\"noopener\">angelblanco.press<\/a><\/em><\/p>\n","protected":false},"excerpt":{"rendered":"<p>\u00bb Jam\u00e1s he ostentado cargo p\u00fablico alguno para que me digan &#8216;chapul\u00edn&#8217; o &#8216;rata&#8217;. Nunca he andado de un cargo a otro, ni le he robado nada a nadie. Vivo l\u00edcitamente de mi actividad empresarial y gozo de un prestigio que no pueden presumir muchos que s\u00ed andan de un lado para otro, pegados de&#8230;<\/p>\n","protected":false},"author":2,"featured_media":1256999,"comment_status":"closed","ping_status":"closed","sticky":false,"template":"","format":"standard","meta":{"footnotes":""},"categories":[1972,1997],"tags":[3247,3896,18272],"class_list":["post-1256998","post","type-post","status-publish","format-standard","has-post-thumbnail","hentry","category-special","category-noticias-destacadas","tag-adan-augusto-lopez-hernandez","tag-andres-manuel-lopez-obrador","tag-yoshio-avila-gonzalez"],"_links":{"self":[{"href":"https:\/\/www.acapulcopress.com\/index.php\/wp-json\/wp\/v2\/posts\/1256998","targetHints":{"allow":["GET"]}}],"collection":[{"href":"https:\/\/www.acapulcopress.com\/index.php\/wp-json\/wp\/v2\/posts"}],"about":[{"href":"https:\/\/www.acapulcopress.com\/index.php\/wp-json\/wp\/v2\/types\/post"}],"author":[{"embeddable":true,"href":"https:\/\/www.acapulcopress.com\/index.php\/wp-json\/wp\/v2\/users\/2"}],"replies":[{"embeddable":true,"href":"https:\/\/www.acapulcopress.com\/index.php\/wp-json\/wp\/v2\/comments?post=1256998"}],"version-history":[{"count":0,"href":"https:\/\/www.acapulcopress.com\/index.php\/wp-json\/wp\/v2\/posts\/1256998\/revisions"}],"wp:featuredmedia":[{"embeddable":true,"href":"https:\/\/www.acapulcopress.com\/index.php\/wp-json\/"}],"wp:attachment":[{"href":"https:\/\/www.acapulcopress.com\/index.php\/wp-json\/wp\/v2\/media?parent=1256998"}],"wp:term":[{"taxonomy":"category","embeddable":true,"href":"https:\/\/www.acapulcopress.com\/index.php\/wp-json\/wp\/v2\/categories?post=1256998"},{"taxonomy":"post_tag","embeddable":true,"href":"https:\/\/www.acapulcopress.com\/index.php\/wp-json\/wp\/v2\/tags?post=1256998"}],"curies":[{"name":"wp","href":"https:\/\/api.w.org\/{rel}","templated":true}]}}