{"id":1257008,"date":"2023-09-18T20:19:17","date_gmt":"2023-09-19T02:19:17","guid":{"rendered":"https:\/\/www.acapulcopress.com\/?p=1257008"},"modified":"2023-09-18T20:19:17","modified_gmt":"2023-09-19T02:19:17","slug":"trabajo-conjunto-de-la-coordinacion-para-la-paz-en-guerrero-continua-con-los-resultados-positivos","status":"publish","type":"post","link":"https:\/\/www.acapulcopress.com\/index.php\/2023\/09\/18\/trabajo-conjunto-de-la-coordinacion-para-la-paz-en-guerrero-continua-con-los-resultados-positivos\/","title":{"rendered":"Trabajo conjunto de la Coordinaci\u00f3n para la paz en Guerrero contin\u00faa con los resultados positivos"},"content":{"rendered":"<p style=\"text-align: justify\">CHILPANCINGO * Septiembre 18, 2023.<br \/>\n<em>) Coordinaci\u00f3n para la Construcci\u00f3n de Paz <\/em><br \/>\nEn seguimiento a las acciones en materia de seguridad que se desglosan en las ocho regiones del estado, la Coordinaci\u00f3n para la Construcci\u00f3n de Paz del Estado de Guerrero, dio a conocer los resultados de los operativos de seguridad en la tercera semana del mes de septiembre del 11 al 17 del presente mes, resaltado el decomiso de casi 6 kilos de estupefacientes, as\u00ed como 21 detenidos del fuero federal y com\u00fan.<\/p>\n<p style=\"text-align: justify\">Carlos Herrera Justo, Jefe de la Unidad Cibern\u00e9tica de la Secretar\u00eda de Seguridad P\u00fablica estatal, hizo un llamado a la poblaci\u00f3n para no hacer mal uso de las redes sociales al difundir informaci\u00f3n falsa, misma que crea confusi\u00f3n entre la poblaci\u00f3n, por ello agreg\u00f3 que es importante verificar que cualquier informaci\u00f3n que sea difundida deba ser <img loading=\"lazy\" decoding=\"async\" class=\"alignleft size-medium wp-image-1257009\" src=\"https:\/\/www.acapulcopress.com\/wp-content\/uploads\/2023\/09\/MESA-DE-SEGURIDAD-RANDY-375x323.jpg\" alt=\"\" width=\"375\" height=\"323\" \/>corroborada en los canales oficiales principalmente en los del gobierno del estado, pues dijo que la informaci\u00f3n falsa causa zozobra entre la poblaci\u00f3n guerrerense.<\/p>\n<p style=\"text-align: justify\">Durante la transmisi\u00f3n informativa en materia de Seguridad P\u00fablica y Procuraci\u00f3n de Justicia, encabezada por el vocero de la Mesa de Coordinaci\u00f3n para la Construcci\u00f3n de la Paz, Randy Suastegui Cebrero; el Jefe de la Unidad Cibern\u00e9tica de la Secretar\u00eda de Seguridad P\u00fablica, Carlos Herrera Justo, inform\u00f3 sobre los resultados que arrojaron los operativos implementados por su secretar\u00eda en todo el estado, gracias al trabajo en los tres \u00f3rdenes de gobierno.<\/p>\n<p style=\"text-align: justify\">En dichas acciones destacaron 21 veh\u00edculos recuperados, el decomiso de armamento, as\u00ed como tambi\u00e9n el decomiso de casi 6 kilos de estupefacientes, con una perdida monetaria a grupos delictivos de seiscientos sesenta y ocho mil quinientos ochenta mil pesos.<\/p>\n<p style=\"text-align: justify\">Derivado de operativos por la polic\u00eda estatal, se lograron detenciones por delitos contra la salud, por portaci\u00f3n de armas de fuego, robo equiparado, lesiones e intento de abuso sexual, informando que los detenidos y los decomisado queda a disposici\u00f3n de las instancias correspondiente para iniciar las carpetas de investigaci\u00f3n correspondientes.<\/p>\n<p style=\"text-align: justify\">Por su parte, Gabriel Alejandro Hern\u00e1ndez Mendoza, en representaci\u00f3n de la Fiscal\u00eda General del Estado, inform\u00f3 que se realizaron 4 \u00f3rdenes de aprehensi\u00f3n por violaci\u00f3n, homicidio, feminicidio y desaparici\u00f3n de personas, se vincularon a proceso a 12 personas por diferentes delitos, as\u00ed como 16 sentencias condenatorias, 31 veh\u00edculos asegurados, 12 veh\u00edculos recuperados y la localizaci\u00f3n de una mujer como parte del protocolo Alba.<\/p>\n<p style=\"text-align: justify\">Se inform\u00f3 que el gobierno de Guerrero a trav\u00e9s de la Secretar\u00eda de Salud estatal en coordinaci\u00f3n con la Secretar\u00eda de Marina a trav\u00e9s de la D\u00e9cima Segunda Regi\u00f3n Naval concluyen por tercera ocasi\u00f3n el Programa de Atenci\u00f3n M\u00e9dica de Primer Contacto en Lugares de Dif\u00edcil Acceso en el estado de Guerrero del 1 al 14 de septiembre del 2023.<\/p>\n<p style=\"text-align: justify\">Se destac\u00f3 que se establecieron Brigadas M\u00e9dicas compuestas con personal de m\u00e9dicos generales, odont\u00f3logos, psic\u00f3logos, enfermeras, veterinarios y peluquero, en los lugares que se identificaron de dif\u00edcil acceso donde requer\u00edan atenci\u00f3n m\u00e9dica de primer contacto.<\/p>\n<p style=\"text-align: justify\">Los poblados que fueron beneficiados con esta acci\u00f3n fueron Las Cruces de Cacahuatepec, Tasajeras, Oaxaquillas, Parotillas, Lomas del Aire, Piedra del Im\u00e1n, Ejido Nuevo, Sabanillas y Agua de Perro del municipio de Acapulco, as\u00ed como Huajintepec del municipio de Ometepec, respectivamente.<\/p>\n<p style=\"text-align: justify\"><em>] S\u00edguenos en Facebook.com\/<a href=\"https:\/\/www.facebook.com\/acapulcopress\" target=\"_blank\" rel=\"noopener\">acapulcopress<\/a><\/em><br \/>\n<em>] S\u00edguenos en Facebook.com\/<a href=\"https:\/\/www.facebook.com\/angelblanco.press\" target=\"_blank\" rel=\"noopener\">angelblanco.press<\/a><\/em><\/p>\n","protected":false},"excerpt":{"rendered":"<p>CHILPANCINGO * Septiembre 18, 2023. ) Coordinaci\u00f3n para la Construcci\u00f3n de Paz En seguimiento a las acciones en materia de seguridad que se desglosan en las ocho regiones del estado, la Coordinaci\u00f3n para la Construcci\u00f3n de Paz del Estado de Guerrero, dio a conocer los resultados de los operativos de seguridad en la tercera semana&#8230;<\/p>\n","protected":false},"author":2,"featured_media":1257009,"comment_status":"closed","ping_status":"closed","sticky":false,"template":"","format":"standard","meta":{"footnotes":""},"categories":[1969,2005],"tags":[6576],"class_list":["post-1257008","post","type-post","status-publish","format-standard","has-post-thumbnail","hentry","category-trending","category-seguridad-y-justicia","tag-coordinacion-para-la-construccion-de-paz-del-estado-de-guerrero"],"_links":{"self":[{"href":"https:\/\/www.acapulcopress.com\/index.php\/wp-json\/wp\/v2\/posts\/1257008","targetHints":{"allow":["GET"]}}],"collection":[{"href":"https:\/\/www.acapulcopress.com\/index.php\/wp-json\/wp\/v2\/posts"}],"about":[{"href":"https:\/\/www.acapulcopress.com\/index.php\/wp-json\/wp\/v2\/types\/post"}],"author":[{"embeddable":true,"href":"https:\/\/www.acapulcopress.com\/index.php\/wp-json\/wp\/v2\/users\/2"}],"replies":[{"embeddable":true,"href":"https:\/\/www.acapulcopress.com\/index.php\/wp-json\/wp\/v2\/comments?post=1257008"}],"version-history":[{"count":0,"href":"https:\/\/www.acapulcopress.com\/index.php\/wp-json\/wp\/v2\/posts\/1257008\/revisions"}],"wp:featuredmedia":[{"embeddable":true,"href":"https:\/\/www.acapulcopress.com\/index.php\/wp-json\/"}],"wp:attachment":[{"href":"https:\/\/www.acapulcopress.com\/index.php\/wp-json\/wp\/v2\/media?parent=1257008"}],"wp:term":[{"taxonomy":"category","embeddable":true,"href":"https:\/\/www.acapulcopress.com\/index.php\/wp-json\/wp\/v2\/categories?post=1257008"},{"taxonomy":"post_tag","embeddable":true,"href":"https:\/\/www.acapulcopress.com\/index.php\/wp-json\/wp\/v2\/tags?post=1257008"}],"curies":[{"name":"wp","href":"https:\/\/api.w.org\/{rel}","templated":true}]}}