{"id":1257020,"date":"2023-09-19T19:26:04","date_gmt":"2023-09-20T01:26:04","guid":{"rendered":"https:\/\/www.acapulcopress.com\/?p=1257020"},"modified":"2023-09-19T19:26:04","modified_gmt":"2023-09-20T01:26:04","slug":"abelina-y-otilia-las-peores-alcaldes-del-pais","status":"publish","type":"post","link":"https:\/\/www.acapulcopress.com\/index.php\/2023\/09\/19\/abelina-y-otilia-las-peores-alcaldes-del-pais\/","title":{"rendered":"Abelina y Otilia, las \u00abpeores alcaldes\u00bb del pa\u00eds"},"content":{"rendered":"<div class=\"xdj266r x11i5rnm xat24cr x1mh8g0r x1vvkbs x126k92a\">\n<div dir=\"auto\" style=\"text-align: justify\">ACAPULCO * Septiembre 19, 2023.<br \/>\n) Aps<br \/>\nSeg\u00fan datos de encuestas y expresiones de la vox populi, las alcaldesas de Acapulco y Chilpancingo, <a class=\"x1i10hfl xjbqb8w x6umtig x1b1mbwd xaqea5y xav7gou x9f619 x1ypdohk xt0psk2 xe8uvvx xdj266r x11i5rnm xat24cr x1mh8g0r xexx8yu x4uap5 x18d9i69 xkhd6sd x16tdsg8 x1hl2dhg xggy1nq x1a2a7pz xt0b8zv x1qq9wsj xo1l8bm\" role=\"link\" href=\"https:\/\/www.facebook.com\/AbelinaLopezR?__cft__[0]=AZVgypoc0rKkGIS1UGCLvB6ecTef4tFemFPneLP-vuXRS5UAG-AKutkJjBTmmMFVXaEWMNqZIzDwXQ0nEOBStvlzx19U41fc6A5EA9mkTmRWbFHZBdtLw1Y3VHPX7qWo4yc6gyRVCptMRhRl2DM7dXb7BJct3hDpErY5EXELfx6X344i62-fwk0z-GrHZCZMs2E&amp;__tn__=-]K-R\"><span class=\"xt0psk2\">Abelina L\u00f3pez Rodr\u00edguez<\/span><\/a> y <a class=\"x1i10hfl xjbqb8w x6umtig x1b1mbwd xaqea5y xav7gou x9f619 x1ypdohk xt0psk2 xe8uvvx xdj266r x11i5rnm xat24cr x1mh8g0r xexx8yu x4uap5 x18d9i69 xkhd6sd x16tdsg8 x1hl2dhg xggy1nq x1a2a7pz xt0b8zv x1qq9wsj xo1l8bm\" role=\"link\" href=\"https:\/\/www.facebook.com\/NormaOtiliaHernandez?__cft__[0]=AZVgypoc0rKkGIS1UGCLvB6ecTef4tFemFPneLP-vuXRS5UAG-AKutkJjBTmmMFVXaEWMNqZIzDwXQ0nEOBStvlzx19U41fc6A5EA9mkTmRWbFHZBdtLw1Y3VHPX7qWo4yc6gyRVCptMRhRl2DM7dXb7BJct3hDpErY5EXELfx6X344i62-fwk0z-GrHZCZMs2E&amp;__tn__=-]K-R\"><span class=\"xt0psk2\">Norma Otilia Hern\u00e1ndez Mart\u00ednez<\/span><\/a>, respectivamente, adem\u00e1s de ocupar \u00faltimo y pen\u00faltimo lugar en el &#8216;ranking&#8217; nacional de los \u00abPeores Alcaldes de M\u00e9xico\u00bb de <a href=\"https:\/\/rankingdealcaldes.com\/\" target=\"_blank\" rel=\"noopener\">CE &amp; Research. <\/a>Usuarios de redes sociales, como Alfredo Sol\u00eds Montes, quien dijo desconocer qu\u00e9 tan confiable fuera el &#8216;ranking&#8217; de CE Research, pero coincid\u00eda en sus resultados al \u00abdesempe\u00f1o\u00bb, expresaron que por sus comportamientos impropios contra la sociedad y el servicio p\u00fablico, tambi\u00e9n son una verg\u00fcenza para la Cuarta Transformaci\u00f3n,\u00bb sobre todo en el no \u00abmentir y no traicionar\u00bb, pues del &#8216;no robar&#8217;, hablar\u00e1n las autor\u00edas estatales y federales que se avecinan\u00bb, advierten.<\/p>\n<p>De acuerdo con el \u00faltimo &#8216;ranking&#8217; de \u00abLos mejores y peores alcaldes de las 60 ciudades m\u00e1s importantes de M\u00e9xico\u00bb, de fecha 18 de septiembre del 2023, Abelina L\u00f3pez y Otilia Hern\u00e1ndez se mantienen enrachadas, por tercer mes consecutivo, en los \u00faltimos lugares de los peores alcaldes de M\u00e9xico.<\/p>\n<p>Para el &#8216;rankeo&#8217;, <em>CE Research<\/em> tom\u00f3 en cuenta \u00abel promedio que arrojan las calificaciones de los ciudadanos hacia su trabajo en recolecci\u00f3n de basura, alumbrado p\u00fablico, mantenimiento de la ciudad, bacheo, atracci\u00f3n de inversiones\u00bb, aspectos en los que las dos alcaldesas de Morena en menci\u00f3n salieron m\u00e1s que deficientes.<\/p>\n<p><img loading=\"lazy\" decoding=\"async\" class=\"alignnone wp-image-1257023 size-large\" src=\"https:\/\/www.acapulcopress.com\/wp-content\/uploads\/2023\/09\/otilia-840x1032.jpeg\" alt=\"\" width=\"696\" height=\"855\" \/><\/p>\n<\/div>\n<\/div>\n<div class=\"x11i5rnm xat24cr x1mh8g0r x1vvkbs xtlvy1s x126k92a\">\n<div dir=\"auto\" style=\"text-align: justify\"><a class=\"x1i10hfl xjbqb8w x6umtig x1b1mbwd xaqea5y xav7gou x9f619 x1ypdohk xt0psk2 xe8uvvx xdj266r x11i5rnm xat24cr x1mh8g0r xexx8yu x4uap5 x18d9i69 xkhd6sd x16tdsg8 x1hl2dhg xggy1nq x1a2a7pz xt0b8zv x1qq9wsj xo1l8bm\" role=\"link\" href=\"https:\/\/www.facebook.com\/acapulcopress.news?__cft__[0]=AZVgypoc0rKkGIS1UGCLvB6ecTef4tFemFPneLP-vuXRS5UAG-AKutkJjBTmmMFVXaEWMNqZIzDwXQ0nEOBStvlzx19U41fc6A5EA9mkTmRWbFHZBdtLw1Y3VHPX7qWo4yc6gyRVCptMRhRl2DM7dXb7BJct3hDpErY5EXELfx6X344i62-fwk0z-GrHZCZMs2E&amp;__tn__=-]K-R\"><span class=\"xt0psk2\">AcapulcoPress<\/span><\/a><\/div>\n<\/div>\n","protected":false},"excerpt":{"rendered":"<p>ACAPULCO * Septiembre 19, 2023. ) Aps Seg\u00fan datos de encuestas y expresiones de la vox populi, las alcaldesas de Acapulco y Chilpancingo, Abelina L\u00f3pez Rodr\u00edguez y Norma Otilia Hern\u00e1ndez Mart\u00ednez, respectivamente, adem\u00e1s de ocupar \u00faltimo y pen\u00faltimo lugar en el &#8216;ranking&#8217; nacional de los \u00abPeores Alcaldes de M\u00e9xico\u00bb de CE &amp; Research. Usuarios de&#8230;<\/p>\n","protected":false},"author":2,"featured_media":1257024,"comment_status":"closed","ping_status":"closed","sticky":false,"template":"","format":"standard","meta":{"footnotes":""},"categories":[1972,1997],"tags":[],"class_list":["post-1257020","post","type-post","status-publish","format-standard","has-post-thumbnail","hentry","category-special","category-noticias-destacadas"],"_links":{"self":[{"href":"https:\/\/www.acapulcopress.com\/index.php\/wp-json\/wp\/v2\/posts\/1257020","targetHints":{"allow":["GET"]}}],"collection":[{"href":"https:\/\/www.acapulcopress.com\/index.php\/wp-json\/wp\/v2\/posts"}],"about":[{"href":"https:\/\/www.acapulcopress.com\/index.php\/wp-json\/wp\/v2\/types\/post"}],"author":[{"embeddable":true,"href":"https:\/\/www.acapulcopress.com\/index.php\/wp-json\/wp\/v2\/users\/2"}],"replies":[{"embeddable":true,"href":"https:\/\/www.acapulcopress.com\/index.php\/wp-json\/wp\/v2\/comments?post=1257020"}],"version-history":[{"count":0,"href":"https:\/\/www.acapulcopress.com\/index.php\/wp-json\/wp\/v2\/posts\/1257020\/revisions"}],"wp:featuredmedia":[{"embeddable":true,"href":"https:\/\/www.acapulcopress.com\/index.php\/wp-json\/"}],"wp:attachment":[{"href":"https:\/\/www.acapulcopress.com\/index.php\/wp-json\/wp\/v2\/media?parent=1257020"}],"wp:term":[{"taxonomy":"category","embeddable":true,"href":"https:\/\/www.acapulcopress.com\/index.php\/wp-json\/wp\/v2\/categories?post=1257020"},{"taxonomy":"post_tag","embeddable":true,"href":"https:\/\/www.acapulcopress.com\/index.php\/wp-json\/wp\/v2\/tags?post=1257020"}],"curies":[{"name":"wp","href":"https:\/\/api.w.org\/{rel}","templated":true}]}}