{"id":1257028,"date":"2023-09-19T20:55:32","date_gmt":"2023-09-20T02:55:32","guid":{"rendered":"https:\/\/www.acapulcopress.com\/?p=1257028"},"modified":"2023-09-19T20:55:32","modified_gmt":"2023-09-20T02:55:32","slug":"entrego-gobernadora-430-escrituras-a-familias-de-acapulco","status":"publish","type":"post","link":"https:\/\/www.acapulcopress.com\/index.php\/2023\/09\/19\/entrego-gobernadora-430-escrituras-a-familias-de-acapulco\/","title":{"rendered":"Entreg\u00f3 Gobernadora 430 escrituras a familias de Acapulco"},"content":{"rendered":"<p style=\"text-align: justify\"><strong>* Este acto de justicia social permitir\u00e1 a los beneficiados tener certeza jur\u00eddica y legalidad sobre sus bienes inmuebles, garantizando el pleno ejercicio de todos sus derechos<\/strong><\/p>\n<p style=\"text-align: justify\">ACAPULCO * Septiembre 19, 2023.<br \/>\n<em>) Gobierno de Guerrero<br \/>\n<\/em>En un acto de justicia social, la gobernadora <a href=\"https:\/\/www.facebook.com\/EvelynSalgadoP\" target=\"_blank\" rel=\"noopener\">Evelyn Salgado Pineda<\/a> entreg\u00f3 430 escrituras <img loading=\"lazy\" decoding=\"async\" class=\"alignleft size-medium wp-image-1257031\" src=\"https:\/\/www.acapulcopress.com\/wp-content\/uploads\/2023\/09\/EVELYN-ESCRITURAS3-375x227.jpg\" alt=\"\" width=\"375\" height=\"227\" \/>a igual n\u00famero de familias, lo que les permitir\u00e1 tener certeza jur\u00eddica y legalidad sobre sus bienes inmuebles, garantizando el pleno ejercicio de todos sus derechos. La mandataria estatal destac\u00f3 que esto significa un gran avance en el compromiso de lograr el ordenamiento territorial en la entidad, para ofrecer mejores condiciones de servicios para toda la poblaci\u00f3n y contribuye a transformar la vida de las y los guerrerenses.<\/p>\n<p style=\"text-align: justify\">\u201cHoy se hace entrega de estas escrituras a familias que llevaban hasta 15 a\u00f1os sin su escritura, sin tener esa certeza jur\u00eddica, donde estaban en la incertidumbre sobre el patrimonio que tanto esfuerzo les ha costado construir y que hoy, en un acto de justicia para todas estas familias, se les est\u00e1 reconociendo. Son 430 t\u00edtulos de propiedad, que <img loading=\"lazy\" decoding=\"async\" class=\"alignleft size-medium wp-image-1257034\" src=\"https:\/\/www.acapulcopress.com\/wp-content\/uploads\/2023\/09\/EVELYN-ESCRITURAS6-375x250.jpg\" alt=\"\" width=\"375\" height=\"250\" \/>significan un beneficio para m\u00e1s de mil 720 personas, que ya van a poder tener esa tranquilidad de que su patrimonio les pertenece\u201d, expres\u00f3.<\/p>\n<p style=\"text-align: justify\">En el evento realizado en el auditorio del Parque Papagayo, la gobernadora expres\u00f3 su benepl\u00e1cito por la consolidaci\u00f3n de este logro, en donde resultaron beneficiados pobladores quienes hab\u00edan esperado hasta 15 o 20 a\u00f1os para recibir sus escrituras, de colonias como Ampliaci\u00f3n Silvestre Castro, 20 de Noviembre, Justo Sierra, Balcones de Costa Azul, 16 de Marzo, Rub\u00e9n Jaramillo, Rufo Figueroa, Barrio Capire, Clemencia Figueroa Cisneros, La Antorcha, Los Dragos, entre otras. Adem\u00e1s que adelant\u00f3 que seguir\u00e1 trabajando en este rubro, para que m\u00e1s familias puedan contar con este beneficio.<\/p>\n<p style=\"text-align: justify\"><img loading=\"lazy\" decoding=\"async\" class=\"alignleft size-medium wp-image-1257032\" src=\"https:\/\/www.acapulcopress.com\/wp-content\/uploads\/2023\/09\/EVELYN-ESCRITURAS4-375x520.jpg\" alt=\"\" width=\"375\" height=\"520\" \/>En su mensaje, la mandataria estatal dijo que este tipo de apoyos se realizan de manera directa y sin intermediarios, siempre pensando en el beneficio colectivo y agreg\u00f3: \u201cNo tengo duda de que con esta entrega estamos avanzando en este gran objetivo de que vamos ampliar la cobertura y nuestro apoyo, buscando siempre garantizar los derechos de los guerrerenses, siendo el caso particular de una vivienda digna a la que todas y todos tienen derecho y por supuesto, el acceso a la certeza jur\u00eddica\u201d.<\/p>\n<p style=\"text-align: justify\">Durante su participaci\u00f3n, la directora general del Instituto de Vivienda y Suelo Urbano (Invisur) de Guerrero, Rosalva Barrios G\u00f3mez dijo que este es un documento muy importante que permite dar la legalidad del patrimonio que poseen. \u201cEl t\u00edtulo de propiedad que de la mano de la gobernadora reciben, les dar\u00e1 esa certeza y legalidad, para que junto con sus familias disfruten\u201d, dijo.<\/p>\n<p style=\"text-align: justify\">A nombre de los beneficiarios, el habitante de la colonia Ampliaci\u00f3n Silvestre Castro tercera secci\u00f3n, Rodrigo Rosas Gonz\u00e1lez agradeci\u00f3 el apoyo de la gobernadora para la consolidaci\u00f3n de este apoyo, lo que le permitir\u00e1 a \u00e9l y a su familia, contar con un t\u00edtulo de <img loading=\"lazy\" decoding=\"async\" class=\"alignleft size-medium wp-image-1257030\" src=\"https:\/\/www.acapulcopress.com\/wp-content\/uploads\/2023\/09\/EVELYN-ESCRITURAS2-375x250.jpg\" alt=\"\" width=\"375\" height=\"250\" \/>propiedad que les da seguridad. \u201cEl tener todos una tranquilidad, el poder decir con toda seguridad la casa es nuestra, est\u00e1 a mi nombre, nombre de mi esposa, de mi hija, de mi hijo. Tuvimos que esperar varios a\u00f1os para que llegara este momento, hoy puedo decir, con un nudo en la garganta que la espera y esfuerzo de toda la vida ha sido la mejor\u201d, dijo.<\/p>\n<p style=\"text-align: justify\">Asistieron a este evento el presidente del Tribunal Superior de Justicia del Estado, Raymundo Casarrubias V\u00e1zquez; la titular de la Secretar\u00eda de Desarrollo Urbano, Obras P\u00fablicas y Ordenamiento Territorial, Irene Jim\u00e9nez Montiel; el s\u00edndico Procurador Administrativo, Financiero, Contable y Patrimonial del gobierno municipal, Miguel Jaimes Ramos y el delegado en Acapulco del Invisur, Cristian de Jes\u00fas Arellano. As\u00ed como los beneficiarios Rosa Elia Camacho Santiago, de la colonia 20 de Noviembre y Jos\u00e9 Antonio P\u00e9rez Hern\u00e1ndez, de la colonia\u00a0Justo\u00a0Sierra.<\/p>\n<p style=\"text-align: justify\"><img loading=\"lazy\" decoding=\"async\" class=\"alignnone wp-image-1257029 size-large\" src=\"https:\/\/www.acapulcopress.com\/wp-content\/uploads\/2023\/09\/EVELYN-ESCRITURAS-840x560.jpg\" alt=\"\" width=\"696\" height=\"464\" \/><\/p>\n<p style=\"text-align: justify\"><em>] S\u00edguenos en Facebook.com\/<a href=\"https:\/\/www.facebook.com\/acapulcopress\" target=\"_blank\" rel=\"noopener\">acapulcopress<\/a><\/em><br \/>\n<em>] S\u00edguenos en Facebook.com\/<a href=\"https:\/\/www.facebook.com\/angelblanco.press\" target=\"_blank\" rel=\"noopener\">angelblanco.press<\/a><\/em><\/p>\n","protected":false},"excerpt":{"rendered":"<p>* Este acto de justicia social permitir\u00e1 a los beneficiados tener certeza jur\u00eddica y legalidad sobre sus bienes inmuebles, garantizando el pleno ejercicio de todos sus derechos ACAPULCO * Septiembre 19, 2023. ) Gobierno de Guerrero En un acto de justicia social, la gobernadora Evelyn Salgado Pineda entreg\u00f3 430 escrituras a igual n\u00famero de familias,&#8230;<\/p>\n","protected":false},"author":2,"featured_media":1257035,"comment_status":"closed","ping_status":"closed","sticky":false,"template":"","format":"standard","meta":{"footnotes":""},"categories":[1972,1983,18561],"tags":[8251],"class_list":["post-1257028","post","type-post","status-publish","format-standard","has-post-thumbnail","hentry","category-special","category-guerrerogob","category-society-politics","tag-evelyn-salgado-pineda"],"_links":{"self":[{"href":"https:\/\/www.acapulcopress.com\/index.php\/wp-json\/wp\/v2\/posts\/1257028","targetHints":{"allow":["GET"]}}],"collection":[{"href":"https:\/\/www.acapulcopress.com\/index.php\/wp-json\/wp\/v2\/posts"}],"about":[{"href":"https:\/\/www.acapulcopress.com\/index.php\/wp-json\/wp\/v2\/types\/post"}],"author":[{"embeddable":true,"href":"https:\/\/www.acapulcopress.com\/index.php\/wp-json\/wp\/v2\/users\/2"}],"replies":[{"embeddable":true,"href":"https:\/\/www.acapulcopress.com\/index.php\/wp-json\/wp\/v2\/comments?post=1257028"}],"version-history":[{"count":0,"href":"https:\/\/www.acapulcopress.com\/index.php\/wp-json\/wp\/v2\/posts\/1257028\/revisions"}],"wp:featuredmedia":[{"embeddable":true,"href":"https:\/\/www.acapulcopress.com\/index.php\/wp-json\/"}],"wp:attachment":[{"href":"https:\/\/www.acapulcopress.com\/index.php\/wp-json\/wp\/v2\/media?parent=1257028"}],"wp:term":[{"taxonomy":"category","embeddable":true,"href":"https:\/\/www.acapulcopress.com\/index.php\/wp-json\/wp\/v2\/categories?post=1257028"},{"taxonomy":"post_tag","embeddable":true,"href":"https:\/\/www.acapulcopress.com\/index.php\/wp-json\/wp\/v2\/tags?post=1257028"}],"curies":[{"name":"wp","href":"https:\/\/api.w.org\/{rel}","templated":true}]}}