{"id":1257062,"date":"2023-09-19T23:41:31","date_gmt":"2023-09-20T05:41:31","guid":{"rendered":"https:\/\/www.acapulcopress.com\/?p=1257062"},"modified":"2023-09-19T23:41:31","modified_gmt":"2023-09-20T05:41:31","slug":"respalda-diputado-badillo-politica-educativa-de-gobernadora-evelyn-salgado","status":"publish","type":"post","link":"https:\/\/www.acapulcopress.com\/index.php\/2023\/09\/19\/respalda-diputado-badillo-politica-educativa-de-gobernadora-evelyn-salgado\/","title":{"rendered":"Respalda Diputado Badillo pol\u00edtica educativa de Gobernadora Evelyn Salgado"},"content":{"rendered":"<p style=\"text-align: justify\">ACAPULCO * Septiembre 19, 2023.<br \/>\n<em>) Especial<\/em><br \/>\nLos recursos destinados a la educaci\u00f3n de ni\u00f1os y j\u00f3venes representan la mejor inversi\u00f3n que puede hacer un gobierno, destac\u00f3 el diputado local por Morena <a href=\"https:\/\/www.facebook.com\/SoyJackoBadillo\" target=\"_blank\" rel=\"noopener\">Joaqu\u00edn #<em>Jacko<\/em> Badillo Escamilla<\/a>, al realzar los esfuerzos que realiza el Gobierno del Estado por cumplir con este rubro tan importante para el desarrollo de la entidad<\/p>\n<p style=\"text-align: justify\">El legislador acapulque\u00f1o acompa\u00f1\u00f3 este martes a la gobernadora Evelyn Salgado Pineda a la entrega de Becas \u00abIgnacio Manuel Altamirano\u00bb, como parte de los programas de la Secretar\u00eda de Desarrollo y Bienestar Social para apoyar a los peque\u00f1os educandos.<\/p>\n<p style=\"text-align: justify\">&#8216;Jacko&#8217; Badillo, presidente de la Comisi\u00f3n de Seguridad P\u00fablica del Congreso local, se\u00f1al\u00f3 la necesidad de procurar que los ni\u00f1os y j\u00f3venes permanezcan en las aulas de clases, form\u00e1ndose para ser buenos ciudadanos y profesionistas, y no tomen el camino de la calle y las malas compa\u00f1\u00edas, que los haga presa f\u00e1cil de la delincuencia com\u00fan y organizada.<\/p>\n<p style=\"text-align: justify\">En ese sentido, el representante del Distrito 9 local respald\u00f3 las acciones que en materia educativa lleva a cabo la gobernadora <a href=\"https:\/\/www.facebook.com\/EvelynSalgadoP\" target=\"_blank\" rel=\"noopener\">Evelyn Salgado<\/a> a trav\u00e9s de las diferentes dependencias gubernamentales, a fin de preservar y fortalecer el tejido social y Acapulco pueda avanzar con desarrollo\u00a0y\u00a0seguridad.<\/p>\n<p style=\"text-align: justify\"><em>] S\u00edguenos en Facebook.com\/<a href=\"https:\/\/www.facebook.com\/acapulcopress\" target=\"_blank\" rel=\"noopener\">acapulcopress<\/a><\/em><br \/>\n<em>] S\u00edguenos en Facebook.com\/<a href=\"https:\/\/www.facebook.com\/angelblanco.press\" target=\"_blank\" rel=\"noopener\">angelblanco.press<\/a><\/em><\/p>\n","protected":false},"excerpt":{"rendered":"<p>ACAPULCO * Septiembre 19, 2023. ) Especial Los recursos destinados a la educaci\u00f3n de ni\u00f1os y j\u00f3venes representan la mejor inversi\u00f3n que puede hacer un gobierno, destac\u00f3 el diputado local por Morena Joaqu\u00edn #Jacko Badillo Escamilla, al realzar los esfuerzos que realiza el Gobierno del Estado por cumplir con este rubro tan importante para el&#8230;<\/p>\n","protected":false},"author":2,"featured_media":1257063,"comment_status":"closed","ping_status":"closed","sticky":false,"template":"","format":"standard","meta":{"footnotes":""},"categories":[1972,61,18561],"tags":[8245,10804],"class_list":["post-1257062","post","type-post","status-publish","format-standard","has-post-thumbnail","hentry","category-special","category-legislacion","category-society-politics","tag-evelyn-salgado","tag-joaquin-badillo-escamilla"],"_links":{"self":[{"href":"https:\/\/www.acapulcopress.com\/index.php\/wp-json\/wp\/v2\/posts\/1257062","targetHints":{"allow":["GET"]}}],"collection":[{"href":"https:\/\/www.acapulcopress.com\/index.php\/wp-json\/wp\/v2\/posts"}],"about":[{"href":"https:\/\/www.acapulcopress.com\/index.php\/wp-json\/wp\/v2\/types\/post"}],"author":[{"embeddable":true,"href":"https:\/\/www.acapulcopress.com\/index.php\/wp-json\/wp\/v2\/users\/2"}],"replies":[{"embeddable":true,"href":"https:\/\/www.acapulcopress.com\/index.php\/wp-json\/wp\/v2\/comments?post=1257062"}],"version-history":[{"count":0,"href":"https:\/\/www.acapulcopress.com\/index.php\/wp-json\/wp\/v2\/posts\/1257062\/revisions"}],"wp:featuredmedia":[{"embeddable":true,"href":"https:\/\/www.acapulcopress.com\/index.php\/wp-json\/"}],"wp:attachment":[{"href":"https:\/\/www.acapulcopress.com\/index.php\/wp-json\/wp\/v2\/media?parent=1257062"}],"wp:term":[{"taxonomy":"category","embeddable":true,"href":"https:\/\/www.acapulcopress.com\/index.php\/wp-json\/wp\/v2\/categories?post=1257062"},{"taxonomy":"post_tag","embeddable":true,"href":"https:\/\/www.acapulcopress.com\/index.php\/wp-json\/wp\/v2\/tags?post=1257062"}],"curies":[{"name":"wp","href":"https:\/\/api.w.org\/{rel}","templated":true}]}}