{"id":1257076,"date":"2023-09-20T18:17:33","date_gmt":"2023-09-21T00:17:33","guid":{"rendered":"https:\/\/www.acapulcopress.com\/?p=1257076"},"modified":"2023-09-20T18:17:33","modified_gmt":"2023-09-21T00:17:33","slug":"entrego-gobernadora-mas-de-7-8-millones-en-equipo-y-herramientas-a-proteccion-civil-guerrero","status":"publish","type":"post","link":"https:\/\/www.acapulcopress.com\/index.php\/2023\/09\/20\/entrego-gobernadora-mas-de-7-8-millones-en-equipo-y-herramientas-a-proteccion-civil-guerrero\/","title":{"rendered":"Entreg\u00f3 Gobernadora m\u00e1s de 7.8 millones en equipo y herramientas a Protecci\u00f3n Civil Guerrero"},"content":{"rendered":"<p style=\"text-align: justify\">CHILPANCINGO * Septiembre 20, 2023.<br \/>\n) Gobierno de Guerrero<\/p>\n<p style=\"text-align: justify\">Para fortalecer la capacidad de respuesta frente a cualquier fen\u00f3meno natural que se presente, la gobernadora <a href=\"https:\/\/www.facebook.com\/EvelynSalgadoP\" target=\"_blank\" rel=\"noopener\">Evelyn Salgado Pineda<\/a> entreg\u00f3 insumos, equipos y herramientas de trabajo al personal operativo y administrativo de la <img loading=\"lazy\" decoding=\"async\" class=\"alignleft size-medium wp-image-1257079\" src=\"https:\/\/www.acapulcopress.com\/wp-content\/uploads\/2023\/09\/EVELYNSP3-375x250.jpg\" alt=\"\" width=\"375\" height=\"250\" \/>\u00a0con un monto de inversi\u00f3n de 7.8 millones de pesos, reafirmando el compromiso con la seguridad y el bienestar de las familias de Guerrero.<\/p>\n<p style=\"text-align: justify\">La mandataria puntualiz\u00f3 que esta entrega fue posible gracias al Fondo Solidario de Contingencias Naturales del estado de Guerrero, que permite fortalecer las tareas de prevenci\u00f3n y protecci\u00f3n civil, destinando 4 millones de pesos a insumos y materiales para personal operativo y adicionalmente se invirtieron por parte de la Secretar\u00eda de Finanzas por m\u00e1s de 3 millones de pesos que se traducen en mejorar para los centros de trabajo y funciones administrativas de la instituci\u00f3n.<\/p>\n<p style=\"text-align: justify\">\u201cEsto representa una reafirmaci\u00f3n del compromiso indeclinable con la protecci\u00f3n y la seguridad de nuestra gente, este es un compromiso que busca fortalecer una nueva <img loading=\"lazy\" decoding=\"async\" class=\"alignleft size-medium wp-image-1257085\" src=\"https:\/\/www.acapulcopress.com\/wp-content\/uploads\/2023\/09\/EVELYNSP9-375x250.jpg\" alt=\"\" width=\"375\" height=\"250\" \/>relaci\u00f3n entre la ciudadan\u00eda y las organizaciones de la sociedad civil, las universidades, municipios y la federaci\u00f3n que ha apoyado mucho, unidos en un frente com\u00fan para fomentar una cultura de autoprotecci\u00f3n de solidaridad y cooperaci\u00f3n activa\u201d, afirm\u00f3 la gobernadora.<\/p>\n<p style=\"text-align: justify\">Durante este evento la mandataria estatal realiz\u00f3 la entrega simb\u00f3lica de equipo de rescate, herramientas, palas, machetes, meg\u00e1fonos, equipo de protecci\u00f3n personal, como chamarras, guantes, entre otros, as\u00ed como m\u00e1s de mil 500 kits de limpieza, costales, bombas de agua, entre otros insumos al personal operativo, as\u00ed como equipamiento al personal administrativo de esta dependencia.<\/p>\n<p style=\"text-align: justify\">\u201cEstamos escribiendo un nuevo cap\u00edtulo en la historia de Guerrero, trabajando como nunca <img loading=\"lazy\" decoding=\"async\" class=\"alignleft size-medium wp-image-1257081\" src=\"https:\/\/www.acapulcopress.com\/wp-content\/uploads\/2023\/09\/EVELYNSP5-375x250.jpg\" alt=\"\" width=\"375\" height=\"250\" \/>antes, poniendo todo nuestro esfuerzo, trabajando de la mano de todos ustedes, con unidad y voluntad de construir ese Guerrero que queremos, seguro y pr\u00f3spero, avanzando con paso firme lleno de oportunidades, bienestar y esperanza\u201d, expres\u00f3 Evelyn Salgado.<\/p>\n<p style=\"text-align: justify\">Por su parte, el titular de Secretar\u00eda de Gesti\u00f3n Integral de Riesgos y Protecci\u00f3n Civil, Roberto Arroyo Matus puntualiz\u00f3 que el gobierno del estado de Guerrero hace todo lo posible por generar condiciones para que la poblaci\u00f3n tenga el apoyo total de las instituciones. Con la entrega de este material e insumo se mejoran las condiciones de trabajo beneficiando directamente a la poblaci\u00f3n en caso de tener el embate alg\u00fan fen\u00f3meno natural importante.<\/p>\n<p><img loading=\"lazy\" decoding=\"async\" class=\"alignnone wp-image-1257077 size-large\" src=\"https:\/\/www.acapulcopress.com\/wp-content\/uploads\/2023\/09\/EVELYNSP-840x560.jpg\" alt=\"\" width=\"696\" height=\"464\" \/><\/p>\n<p style=\"text-align: justify\"><em>] S\u00edguenos en Facebook.com\/<a href=\"https:\/\/www.facebook.com\/acapulcopress\" target=\"_blank\" rel=\"noopener\">acapulcopress<\/a><\/em><br \/>\n<em>] S\u00edguenos en Facebook.com\/<a href=\"https:\/\/www.facebook.com\/angelblanco.press\" target=\"_blank\" rel=\"noopener\">angelblanco.press<\/a><\/em><\/p>\n","protected":false},"excerpt":{"rendered":"<p>CHILPANCINGO * Septiembre 20, 2023. ) Gobierno de Guerrero Para fortalecer la capacidad de respuesta frente a cualquier fen\u00f3meno natural que se presente, la gobernadora Evelyn Salgado Pineda entreg\u00f3 insumos, equipos y herramientas de trabajo al personal operativo y administrativo de la \u00a0con un monto de inversi\u00f3n de 7.8 millones de pesos, reafirmando el compromiso&#8230;<\/p>\n","protected":false},"author":2,"featured_media":1257086,"comment_status":"closed","ping_status":"closed","sticky":false,"template":"","format":"standard","meta":{"footnotes":""},"categories":[1972,1983,18561],"tags":[8251,16194],"class_list":["post-1257076","post","type-post","status-publish","format-standard","has-post-thumbnail","hentry","category-special","category-guerrerogob","category-society-politics","tag-evelyn-salgado-pineda","tag-secretaria-de-gestion-integral-de-riesgos-y-proteccion-civil-del-estado-de-guerrero-sgirpc"],"_links":{"self":[{"href":"https:\/\/www.acapulcopress.com\/index.php\/wp-json\/wp\/v2\/posts\/1257076","targetHints":{"allow":["GET"]}}],"collection":[{"href":"https:\/\/www.acapulcopress.com\/index.php\/wp-json\/wp\/v2\/posts"}],"about":[{"href":"https:\/\/www.acapulcopress.com\/index.php\/wp-json\/wp\/v2\/types\/post"}],"author":[{"embeddable":true,"href":"https:\/\/www.acapulcopress.com\/index.php\/wp-json\/wp\/v2\/users\/2"}],"replies":[{"embeddable":true,"href":"https:\/\/www.acapulcopress.com\/index.php\/wp-json\/wp\/v2\/comments?post=1257076"}],"version-history":[{"count":0,"href":"https:\/\/www.acapulcopress.com\/index.php\/wp-json\/wp\/v2\/posts\/1257076\/revisions"}],"wp:featuredmedia":[{"embeddable":true,"href":"https:\/\/www.acapulcopress.com\/index.php\/wp-json\/"}],"wp:attachment":[{"href":"https:\/\/www.acapulcopress.com\/index.php\/wp-json\/wp\/v2\/media?parent=1257076"}],"wp:term":[{"taxonomy":"category","embeddable":true,"href":"https:\/\/www.acapulcopress.com\/index.php\/wp-json\/wp\/v2\/categories?post=1257076"},{"taxonomy":"post_tag","embeddable":true,"href":"https:\/\/www.acapulcopress.com\/index.php\/wp-json\/wp\/v2\/tags?post=1257076"}],"curies":[{"name":"wp","href":"https:\/\/api.w.org\/{rel}","templated":true}]}}