{"id":1257093,"date":"2023-09-20T20:05:22","date_gmt":"2023-09-21T02:05:22","guid":{"rendered":"https:\/\/www.acapulcopress.com\/?p=1257093"},"modified":"2023-09-20T20:05:22","modified_gmt":"2023-09-21T02:05:22","slug":"educacion-el-mejor-camino-para-alcanzar-nuestros-suenos-rene-posselt","status":"publish","type":"post","link":"https:\/\/www.acapulcopress.com\/index.php\/2023\/09\/20\/educacion-el-mejor-camino-para-alcanzar-nuestros-suenos-rene-posselt\/","title":{"rendered":"Educacion, \u00abel mejor camino para alcanzar nuestros sue\u00f1os\u00bb | Ren\u00e9 Posselt"},"content":{"rendered":"<p style=\"text-align: justify\"><strong>* Asisti\u00f3 el director general de Comunicaci\u00f3n Social del estado, Ren\u00e9 Posselt Aguirre, en representaci\u00f3n de la gobernadora Evelyn Salgado, a la clausura de la Facultad de Comunicaci\u00f3n y Mercadotecnia de la UAGro<\/strong><\/p>\n<p style=\"text-align: justify\"><img loading=\"lazy\" decoding=\"async\" class=\"alignnone wp-image-1257094 size-large\" src=\"https:\/\/www.acapulcopress.com\/wp-content\/uploads\/2023\/09\/POSSELT-840x560.jpg\" alt=\"\" width=\"696\" height=\"464\" \/><\/p>\n<p style=\"text-align: justify\">CHILPANCINGO * Septiembre 20, 2023.<br \/>\n<em>) Gobierno de Guerrero<\/em><br \/>\n<img loading=\"lazy\" decoding=\"async\" class=\"alignleft size-medium wp-image-1257100\" src=\"https:\/\/www.acapulcopress.com\/wp-content\/uploads\/2023\/09\/POSSELT7-375x250.jpg\" alt=\"\" width=\"375\" height=\"250\" \/>El mundo profesional es basto en retos y complejidades, pero hoy ustedes egresan, con herramientas para hacer frente a la vida, que los ha formado la UAGro, se\u00f1al\u00f3 el director de comunicaci\u00f3n social del gobierno del estado, <a href=\"https:\/\/www.facebook.com\/profile.php?id=100064099782284\" target=\"_blank\" rel=\"noopener\">Ren\u00e9 Posselt Aguirre<\/a>, al acudir en representaci\u00f3n de la gobernadora Evelyn <a href=\"https:\/\/www.facebook.com\/EvelynSalgadoP\" target=\"_blank\" rel=\"noopener\">Salgado Pineda<\/a> a la clausura de la generaci\u00f3n 2019-2023, \u00abLeticia Jim\u00e9nez Zamora\u00bb, de la Facultad de Comunicaci\u00f3n y Mercadotecnia de la Universidad Aut\u00f3noma de Guerrero.<\/p>\n<p style=\"text-align: justify\">En su mensaje a las y los estudiantes Posselt Aguirre, resalt\u00f3 que los egresados han dado un gran paso para su formaci\u00f3n laboral y personal, por lo que exhort\u00f3 a todos a seguir sus sue\u00f1os y ser un aporte para esta sociedad, agreg\u00f3 que sus conocimientos ser\u00e1n de vital importancia para dar continuidad a los cambios positivos que est\u00e1 viviendo Guerrero, <img loading=\"lazy\" decoding=\"async\" class=\"alignleft size-medium wp-image-1257099\" src=\"https:\/\/www.acapulcopress.com\/wp-content\/uploads\/2023\/09\/POSSELT6-375x250.jpg\" alt=\"\" width=\"375\" height=\"250\" \/>encabezado por la gobernadora Evelyn Salgado Pineda, quien fungi\u00f3 como madrina de honor de la generaci\u00f3n 2019-2023 de la Facultad de Comunicaci\u00f3n y Mercadotecnia.<\/p>\n<p style=\"text-align: justify\">Un total de 85 estudiantes egresaron de quienes se destac\u00f3 su compromiso y participaci\u00f3n activa en el mejoramiento de la sociedad, pues se les reconoci\u00f3 el trabajo que realizaron a lo largo de sus cuatro a\u00f1os de carrera universitaria.<\/p>\n<p style=\"text-align: justify\">Por su parte, la directora de la Facultad de Comunicaci\u00f3n y Mercadotecnia, Aurora Reyes<br \/>\nGalv\u00e1n, dijo que gracias a los apoyos que brinda la UAGro y el gobierno estatal, muchos estudiantes pueden concluir sus estudios, por lo que destac\u00f3 el esfuerzo de cada uno de ellos para alcanzar sus sue\u00f1os, agreg\u00f3 que ahora como egresados inician con una <img loading=\"lazy\" decoding=\"async\" class=\"alignleft size-medium wp-image-1257096\" src=\"https:\/\/www.acapulcopress.com\/wp-content\/uploads\/2023\/09\/POSSELT3-375x250.jpg\" alt=\"\" width=\"375\" height=\"250\" \/>formaci\u00f3n, con \u00e9tica y socialmente responsable, cuentan con los conocimientos para coadyuvar en la transformaci\u00f3n de nuestro estado y el pa\u00eds, su integraci\u00f3n en el campo laboral contribuir\u00e1 en mejoras en nuestra sociedad, por lo cual reconocemos su capacidad y compromiso,\u00a0concluy\u00f3.<\/p>\n<p style=\"text-align: justify\"><em>] S\u00edguenos en Facebook.com\/<a href=\"https:\/\/www.facebook.com\/acapulcopress\" target=\"_blank\" rel=\"noopener\">acapulcopress<\/a><\/em><br \/>\n<em>] S\u00edguenos en Facebook.com\/<a href=\"https:\/\/www.facebook.com\/angelblanco.press\" target=\"_blank\" rel=\"noopener\">angelblanco.press<\/a><\/em><\/p>\n","protected":false},"excerpt":{"rendered":"<p>* Asisti\u00f3 el director general de Comunicaci\u00f3n Social del estado, Ren\u00e9 Posselt Aguirre, en representaci\u00f3n de la gobernadora Evelyn Salgado, a la clausura de la Facultad de Comunicaci\u00f3n y Mercadotecnia de la UAGro CHILPANCINGO * Septiembre 20, 2023. ) Gobierno de Guerrero El mundo profesional es basto en retos y complejidades, pero hoy ustedes egresan,&#8230;<\/p>\n","protected":false},"author":2,"featured_media":1257095,"comment_status":"closed","ping_status":"closed","sticky":false,"template":"","format":"standard","meta":{"footnotes":""},"categories":[1988,2017],"tags":[15479,15926],"class_list":["post-1257093","post","type-post","status-publish","format-standard","has-post-thumbnail","hentry","category-lifestyles","category-vida-y-estilos","tag-rene-posselt","tag-salgado-pineda"],"_links":{"self":[{"href":"https:\/\/www.acapulcopress.com\/index.php\/wp-json\/wp\/v2\/posts\/1257093","targetHints":{"allow":["GET"]}}],"collection":[{"href":"https:\/\/www.acapulcopress.com\/index.php\/wp-json\/wp\/v2\/posts"}],"about":[{"href":"https:\/\/www.acapulcopress.com\/index.php\/wp-json\/wp\/v2\/types\/post"}],"author":[{"embeddable":true,"href":"https:\/\/www.acapulcopress.com\/index.php\/wp-json\/wp\/v2\/users\/2"}],"replies":[{"embeddable":true,"href":"https:\/\/www.acapulcopress.com\/index.php\/wp-json\/wp\/v2\/comments?post=1257093"}],"version-history":[{"count":0,"href":"https:\/\/www.acapulcopress.com\/index.php\/wp-json\/wp\/v2\/posts\/1257093\/revisions"}],"wp:featuredmedia":[{"embeddable":true,"href":"https:\/\/www.acapulcopress.com\/index.php\/wp-json\/"}],"wp:attachment":[{"href":"https:\/\/www.acapulcopress.com\/index.php\/wp-json\/wp\/v2\/media?parent=1257093"}],"wp:term":[{"taxonomy":"category","embeddable":true,"href":"https:\/\/www.acapulcopress.com\/index.php\/wp-json\/wp\/v2\/categories?post=1257093"},{"taxonomy":"post_tag","embeddable":true,"href":"https:\/\/www.acapulcopress.com\/index.php\/wp-json\/wp\/v2\/tags?post=1257093"}],"curies":[{"name":"wp","href":"https:\/\/api.w.org\/{rel}","templated":true}]}}