{"id":1257114,"date":"2023-09-20T21:21:59","date_gmt":"2023-09-21T03:21:59","guid":{"rendered":"https:\/\/www.acapulcopress.com\/?p=1257114"},"modified":"2023-09-20T21:21:59","modified_gmt":"2023-09-21T03:21:59","slug":"la-carabina-24-30-la-sucesion-del-poder-10-el-camino-de-mexico","status":"publish","type":"post","link":"https:\/\/www.acapulcopress.com\/index.php\/2023\/09\/20\/la-carabina-24-30-la-sucesion-del-poder-10-el-camino-de-mexico\/","title":{"rendered":"La Carabina 24-30 | La Sucesi\u00f3n del Poder 10 | El Camino de M\u00e9xico"},"content":{"rendered":"<p style=\"text-align: justify\">Marem\u00e1gnum<br \/>\n\u00bb <strong>RICARDO<\/strong> | <strong>CASTILLO BARRIENTOS<\/strong><br \/>\n<em>] Facebook ) <a href=\"https:\/\/www.facebook.com\/ricardocastill01\" target=\"_blank\" rel=\"noopener\">Ricardo Castillo Barrientos<\/a><\/p>\n<p><\/em>La decisi\u00f3n de <a href=\"https:\/\/www.facebook.com\/MarceloEbrardC\" target=\"_blank\" rel=\"noopener\">Marcelo Ebrard<\/a> de conformar una Asociaci\u00f3n Civil denominada \u201cEl Camino de M\u00e9xico\u201d, pretende emular la estrategia que sigui\u00f3 hace algunos a\u00f1os, <a href=\"https:\/\/www.facebook.com\/lopezobrador.org.mx\" target=\"_blank\" rel=\"noopener\">Andr\u00e9s Manuel L\u00f3pez Obrador<\/a>, para construir la plataforma de lanzamiento que le permiti\u00f3 lograr la Presidencia de la Rep\u00fablica.<\/p>\n<p style=\"text-align: justify\">Sin embargo, se trata de realidades diametralmente distintas, cuando L\u00f3pez Obrador se decidi\u00f3 fundar el Movimiento de Regeneraci\u00f3n Nacional (Morena), teniendo en su haber la participaci\u00f3n de dos campa\u00f1as presidenciales y recorrido el pa\u00eds palmo a palmo.<\/p>\n<p style=\"text-align: justify\">Hoy Macelo quiere hacer algo semejante, pero su circunstancia dista mucho del hoy Presidente, pues es poco probable que el ex canciller vaya arremangarse los pantalones para visitar los pueblos de La Monta\u00f1a de Guerrero, la Sierra Tarahumara, la Selva Lacandona o la Chontalpa tabasque\u00f1a.<\/p>\n<p style=\"text-align: justify\">Sin ser ave de mal ag\u00fcero, desde ahora se augura a su movimiento, una vida ef\u00edmera como algo similar le sucedi\u00f3 a su inolvidable maestro Manuel Camacho Sol\u00eds, con el Partido Centro Democr\u00e1tico (PCD), que a las primeras de cambio feneci\u00f3.<\/p>\n<p style=\"text-align: justify\">En todo caso, Marcelo Ebrard debi\u00f3 aprovechar y todav\u00eda est\u00e1 a tiempo, el compromiso de convertirse en coordinador de la bancada de MORENA en el Senado de la Rep\u00fablica y vender caro su amor aventurero, en la negociaci\u00f3n pol\u00edtica para que le sean otorgados cargos en c\u00e1maras de diputados, gubernaturas y alcald\u00edas y en el propio Senado.<\/p>\n<p style=\"text-align: justify\">Solo a trav\u00e9s de esta estrategia y ese camino, se podr\u00e1 mantener pol\u00edticamente vigente y fortalecer sus aspiraciones hacia el 2030, de otra manera ser\u00eda buscarle chiches a las culebras.<\/p>\n<p style=\"text-align: justify\">El ex Jefe de Gobierno de la capital de a Rep\u00fablica, dej\u00f3 en claro la inclusi\u00f3n de su nueva organizaci\u00f3n pol\u00edtica dentro de MORENA, con la salvedad que en este partido pol\u00edtico no est\u00e1n permitidas las corrientes pol\u00edticas.<\/p>\n<p style=\"text-align: justify\">A ra\u00edz de su nuevo movimiento, pr\u00e1cticamente est\u00e1n descartadas las otras opciones de integrarse al Movimiento Ciudadano (MC), o respaldar la candidatura del Frente Amplio por M\u00e9xico, que en breve ostentar\u00e1 oficialmente, X\u00f3chitl G\u00e1lvez.<\/p>\n<p style=\"text-align: justify\">ENCUESTITIS.- La encuesta m\u00e1s reciente publicada en el diario espa\u00f1ol \u201cEl Pa\u00eds\u201d, realizada por la empresa demosc\u00f3pica \u201cenkoll.\u201d Dan un amplio margen a Claudia Sheinbaum sobre X\u00f3chitl G\u00e1lvez de 55% a 34%.<\/p>\n<p style=\"text-align: justify\">Respecto a los partidos pol\u00edticos MORENA se perfila con el 52%; PAN, 12%; PRI, 8%; MC, 6%; PVEM, 2%; PRD, 2%, PT, 1%,<\/p>\n<p style=\"text-align: justify\"><em>] S\u00edguenos en Facebook.com\/<a href=\"https:\/\/www.facebook.com\/acapulcopress\" target=\"_blank\" rel=\"noopener\">acapulcopress<\/a><\/em><br \/>\n<em>] S\u00edguenos en Facebook.com\/<a href=\"https:\/\/www.facebook.com\/angelblanco.press\" target=\"_blank\" rel=\"noopener\">angelblanco.press<\/a><\/em><\/p>\n","protected":false},"excerpt":{"rendered":"<p>Marem\u00e1gnum \u00bb RICARDO | CASTILLO BARRIENTOS ] Facebook ) Ricardo Castillo Barrientos La decisi\u00f3n de Marcelo Ebrard de conformar una Asociaci\u00f3n Civil denominada \u201cEl Camino de M\u00e9xico\u201d, pretende emular la estrategia que sigui\u00f3 hace algunos a\u00f1os, Andr\u00e9s Manuel L\u00f3pez Obrador, para construir la plataforma de lanzamiento que le permiti\u00f3 lograr la Presidencia de la Rep\u00fablica&#8230;.<\/p>\n","protected":false},"author":2,"featured_media":1257115,"comment_status":"closed","ping_status":"closed","sticky":false,"template":"","format":"standard","meta":{"footnotes":""},"categories":[2071,1991],"tags":[7670,12447,12503,15575],"class_list":["post-1257114","post","type-post","status-publish","format-standard","has-post-thumbnail","hentry","category-opinion-analisis-columnas","category-libertad-de-expresion","tag-el-camino-de-mexico","tag-marcelo-ebrard","tag-maremagnum","tag-ricardo-castillo-barrientos"],"_links":{"self":[{"href":"https:\/\/www.acapulcopress.com\/index.php\/wp-json\/wp\/v2\/posts\/1257114","targetHints":{"allow":["GET"]}}],"collection":[{"href":"https:\/\/www.acapulcopress.com\/index.php\/wp-json\/wp\/v2\/posts"}],"about":[{"href":"https:\/\/www.acapulcopress.com\/index.php\/wp-json\/wp\/v2\/types\/post"}],"author":[{"embeddable":true,"href":"https:\/\/www.acapulcopress.com\/index.php\/wp-json\/wp\/v2\/users\/2"}],"replies":[{"embeddable":true,"href":"https:\/\/www.acapulcopress.com\/index.php\/wp-json\/wp\/v2\/comments?post=1257114"}],"version-history":[{"count":0,"href":"https:\/\/www.acapulcopress.com\/index.php\/wp-json\/wp\/v2\/posts\/1257114\/revisions"}],"wp:featuredmedia":[{"embeddable":true,"href":"https:\/\/www.acapulcopress.com\/index.php\/wp-json\/"}],"wp:attachment":[{"href":"https:\/\/www.acapulcopress.com\/index.php\/wp-json\/wp\/v2\/media?parent=1257114"}],"wp:term":[{"taxonomy":"category","embeddable":true,"href":"https:\/\/www.acapulcopress.com\/index.php\/wp-json\/wp\/v2\/categories?post=1257114"},{"taxonomy":"post_tag","embeddable":true,"href":"https:\/\/www.acapulcopress.com\/index.php\/wp-json\/wp\/v2\/tags?post=1257114"}],"curies":[{"name":"wp","href":"https:\/\/api.w.org\/{rel}","templated":true}]}}