{"id":1257122,"date":"2023-09-21T19:44:04","date_gmt":"2023-09-22T01:44:04","guid":{"rendered":"https:\/\/www.acapulcopress.com\/?p=1257122"},"modified":"2023-09-21T19:44:04","modified_gmt":"2023-09-22T01:44:04","slug":"van-por-el-rescate-de-la-laguna-negra-de-puerto-marques","status":"publish","type":"post","link":"https:\/\/www.acapulcopress.com\/index.php\/2023\/09\/21\/van-por-el-rescate-de-la-laguna-negra-de-puerto-marques\/","title":{"rendered":"Van por el rescate de la Laguna Negra de Puerto Marqu\u00e9s"},"content":{"rendered":"<p style=\"text-align: justify\">Septiembre 21 de 2023.<br \/>\nMAREM\u00c1GNUM 63<br \/>\nPor Ricardo Castillo Barrientos<\/p>\n<p style=\"text-align: justify\">Marem\u00e1gnum<br \/>\n\u00bb RICARDO | CASTILLO BARRIENTOS<br \/>\n<em>] Facebook ) <a href=\"https:\/\/www.facebook.com\/ricardocastill01\" target=\"_blank\" rel=\"noopener\">Ricardo Castillo Barrientos <\/a><\/em><\/p>\n<p style=\"text-align: justify\">Puerto Marqu\u00e9s es una pintoresca localidad tur\u00edstica integrada al puerto de Acapulco y sitio obligado de visitar durante la estancia en el puerto, por su atractiva bah\u00eda y las c\u00e1lidas aguas marinas, que son disfrute de los turistas y las propias familias lugare\u00f1as.<\/p>\n<p style=\"text-align: justify\">Este bello lugar ha venido sufriendo consecuencias devastadoras desde el despojo de sus tierras, hasta la contaminaci\u00f3n y desv\u00edo de corrientes marinas.<\/p>\n<p style=\"text-align: justify\">En los \u00faltimos lustros se construy\u00f3 una exclusiva Marina que vino afectar el entorno de playas, alterando el movimiento natural del oleaje, que caus\u00f3 enormes da\u00f1os a algunos restaurantes con la perdida de \u00e1reas de playa, sin que hasta la fecha SEMARNAT exija a la empresa causante de los da\u00f1os, realicen medidas de remediaci\u00f3n que mejore el entorno mar\u00edtimo a su nivel original.<\/p>\n<p style=\"text-align: justify\">Adem\u00e1s habr\u00eda que considerar los constantes deslaves de los desarrollos inmobiliarios que han proliferado en los cerros v\u00edrgenes colindantes con la bah\u00eda, donde dejan fluir grandes cantidades de escombros producto de los desechos de obras que llevan a cabo, sin que las autoridades de Obras P\u00fablicas y Desarrollo Urbano y Ecolog\u00eda, muevan un \u00e1pice para frenar tan criminal devastaci\u00f3n a la madre naturaleza.<\/p>\n<p style=\"text-align: justify\">Este importante tema viene a cuento por una extraordinaria meta que se han impuesto actualmente los marquesanos de rescatar la Laguna Negra de Puerto Marqu\u00e9s, que hace algunas d\u00e9cadas era uno de los grandes atractivos de este sitio tur\u00edstico, lugar emblem\u00e1tico que sirvi\u00f3 de escenario natural de varias pel\u00edculas nacionales y extranjereas, como \u201cTarz\u00e1n y las Sirenas\u201d, con el consagrado actor holliwoodense Jhonny Weismuller, mejor conocido como \u201cTarz\u00e1n\u201d; que vivi\u00f3 y muri\u00f3 en Acapulco.<\/p>\n<p style=\"text-align: justify\">Esta extraordinaria empresa que se han echado a cuestas los habitantes de Puerto Marqu\u00e9s, ha sido gran v\u00edctima del crecimiento desmedido de la ciudad y la falta de tratamiento de las aguas residuales que vienen a desembocar una parte a la Laguna Negra, y otra directamente al mar.<\/p>\n<p style=\"text-align: justify\">Se trata del saneamiento de este cuerpo lagunar con el dragado y la instalaci\u00f3n de plantas de tratamiento de aguas negra vertidas por los diversos centros poblacionales establecidos en la zona, durante las \u00faltimas cuatro d\u00e9cadas.<\/p>\n<p style=\"text-align: justify\">Este proyecto de gran trascendencia y de rescate no tan solo de la laguna, sino tambi\u00e9n de la bah\u00eda marquesana, deber\u00eda ser considerado en el pr\u00f3ximo per\u00edodo de gobierno, inyectando los recursos financieros necesarios para que adem\u00e1s del rescate ecol\u00f3gico, se pueda ofrecer un nuevo y atractivo producto tur\u00edstico, que venga a diversificar nuestra oferta en la materia.<\/p>\n<p style=\"text-align: justify\">Corresponde a los gobierno, Municipal, Estatal y Federal, tomar cartas en el asunto, a fin de consolidar un proyecto de esta naturaleza, que ser\u00eda detonante en estos tiempos en el cual, la econom\u00eda sufre alti bajos, en todos los aspectos.<\/p>\n<p style=\"text-align: justify\"><strong>Marea Baja.-<\/strong> Nada me gusto y que las autoridades lo permitieran, para que el Instituto Sismol\u00f3gico Nacional, seleccionara al puerto de Acapulco, para llevar a cabo un simulacro nacional, el pasado y fat\u00eddico 19 de septiembre, con el hipot\u00e9tico ejemplo de epicentro de un terremoto de 8.0 grados en la escala de Richter.<\/p>\n<p style=\"text-align: justify\">Todos sabemos que el estado de Guerrero y el puerto de Acapulco, est\u00e1n ubicados sobre la famosa falla sismol\u00f3gica de San Andr\u00e9s y efectivamente, hemos sufrido grandes movimientos tel\u00faricos que para nuestra fortuna, no han cobrado vidas de turistas ni locales, como si ha sucedido con algunos huracanes.<\/p>\n<p style=\"text-align: justify\">Este tipo de eventos oficiales indudablemente que causan mucho da\u00f1o a este destino tur\u00edstico. Se hace necesario, que en lo sucesivo, las autoridades locales no permitan por ning\u00fan motivo, la realizaci\u00f3n de acciones semejantes que ahuyentan al turismo, adem\u00e1s de reforzar de manera negativa la imagen de nuestro puerto.<\/p>\n<p style=\"text-align: justify\"><strong>Marea Alta.-<\/strong> El pr\u00f3ximo 29 de septiembre, el c\u00e9lebre \u201cClub Primera Plana\u201d, realizar\u00e1 una ceremonia de reconocimiento a 25 periodistas, por su notable labor de informar con responsabilidad y compromiso social.<\/p>\n<p style=\"text-align: justify\">Ser\u00e1 un reconocimiento a la Trayectoria Period\u00edstica de 25 comunicadores surianos, que cumplen 25, 30, 35, 40, 45 y 50 a\u00f1os, de ejercicio period\u00edstico.<\/p>\n<p style=\"text-align: justify\">Esta historia agrupaci\u00f3n de periodistas mexicanos fue fundada hace 64 a\u00f1os, por Jefes de Redacci\u00f3n de los diarios nacionales de la Ciudad de M\u00e9xico y en Guerrero, es representada por el columnista Julio Ayala Carlos, quien hace la extensa invitaci\u00f3n para que asistan a este trascendental acto del gremio period\u00edstico.<\/p>\n<p style=\"text-align: justify\"><strong>Maremoto.-<\/strong> Una vez m\u00e1s, el gobierno del estado de Guerrero, a trav\u00e9s de la Secretaria de Desarrollo Econ\u00f3mico, llevar\u00e1 a cabo una nueva edici\u00f3n del Festival del Mezcal Guerrerense 2023, durante los d\u00edas 27 y 28 del presente mes, en el Hotel HS Hotsson Smart Acapulco.<\/p>\n<p style=\"text-align: justify\">A este magno evento, se dar\u00e1n cita los principales maestros mezcaleros de la entidad, para efecto de realizar Catas, Mixiolog\u00eda y Maridaje, de esta bebida en combinaci\u00f3n con algunos alimentos.<\/p>\n<p style=\"text-align: justify\">El mezcal guerrerense est\u00e1 reconocido en el territorio nacional y en el extranjero, como una bebida de alt calidad y con una gran aceptaci\u00f3n de los gustos m\u00e1s exigentes.<\/p>\n<p style=\"text-align: justify\"><em>] S\u00edguenos en Facebook.com\/<a href=\"https:\/\/www.facebook.com\/acapulcopress\" target=\"_blank\" rel=\"noopener\">acapulcopress<\/a><\/em><br \/>\n<em>] S\u00edguenos en Facebook.com\/<a href=\"https:\/\/www.facebook.com\/angelblanco.press\" target=\"_blank\" rel=\"noopener\">angelblanco.press<\/a><\/em><\/p>\n","protected":false},"excerpt":{"rendered":"<p>Septiembre 21 de 2023. MAREM\u00c1GNUM 63 Por Ricardo Castillo Barrientos Marem\u00e1gnum \u00bb RICARDO | CASTILLO BARRIENTOS ] Facebook ) Ricardo Castillo Barrientos Puerto Marqu\u00e9s es una pintoresca localidad tur\u00edstica integrada al puerto de Acapulco y sitio obligado de visitar durante la estancia en el puerto, por su atractiva bah\u00eda y las c\u00e1lidas aguas marinas, que&#8230;<\/p>\n","protected":false},"author":2,"featured_media":1257123,"comment_status":"closed","ping_status":"closed","sticky":false,"template":"","format":"standard","meta":{"footnotes":""},"categories":[2071,1991],"tags":[12503,15575],"class_list":["post-1257122","post","type-post","status-publish","format-standard","has-post-thumbnail","hentry","category-opinion-analisis-columnas","category-libertad-de-expresion","tag-maremagnum","tag-ricardo-castillo-barrientos"],"_links":{"self":[{"href":"https:\/\/www.acapulcopress.com\/index.php\/wp-json\/wp\/v2\/posts\/1257122","targetHints":{"allow":["GET"]}}],"collection":[{"href":"https:\/\/www.acapulcopress.com\/index.php\/wp-json\/wp\/v2\/posts"}],"about":[{"href":"https:\/\/www.acapulcopress.com\/index.php\/wp-json\/wp\/v2\/types\/post"}],"author":[{"embeddable":true,"href":"https:\/\/www.acapulcopress.com\/index.php\/wp-json\/wp\/v2\/users\/2"}],"replies":[{"embeddable":true,"href":"https:\/\/www.acapulcopress.com\/index.php\/wp-json\/wp\/v2\/comments?post=1257122"}],"version-history":[{"count":0,"href":"https:\/\/www.acapulcopress.com\/index.php\/wp-json\/wp\/v2\/posts\/1257122\/revisions"}],"wp:featuredmedia":[{"embeddable":true,"href":"https:\/\/www.acapulcopress.com\/index.php\/wp-json\/"}],"wp:attachment":[{"href":"https:\/\/www.acapulcopress.com\/index.php\/wp-json\/wp\/v2\/media?parent=1257122"}],"wp:term":[{"taxonomy":"category","embeddable":true,"href":"https:\/\/www.acapulcopress.com\/index.php\/wp-json\/wp\/v2\/categories?post=1257122"},{"taxonomy":"post_tag","embeddable":true,"href":"https:\/\/www.acapulcopress.com\/index.php\/wp-json\/wp\/v2\/tags?post=1257122"}],"curies":[{"name":"wp","href":"https:\/\/api.w.org\/{rel}","templated":true}]}}