{"id":1257126,"date":"2023-09-21T20:02:52","date_gmt":"2023-09-22T02:02:52","guid":{"rendered":"https:\/\/www.acapulcopress.com\/?p=1257126"},"modified":"2023-09-21T20:02:52","modified_gmt":"2023-09-22T02:02:52","slug":"congreso-instala-en-teloloapan-buzones-para-consulta-a-discapacidad","status":"publish","type":"post","link":"https:\/\/www.acapulcopress.com\/index.php\/2023\/09\/21\/congreso-instala-en-teloloapan-buzones-para-consulta-a-discapacidad\/","title":{"rendered":"Congreso instala en Teloloapan buzones para consulta a discapacidad"},"content":{"rendered":"<p style=\"text-align: justify\">TELOLOAPAN * Septiembre 20, 2023.<br \/>\n<em>) Congreso de Guerrero<\/em><\/p>\n<p style=\"text-align: justify\">Como parte de los trabajos de la Consulta a Personas con Discapacidad para el Proceso Legislativo en materia de Educaci\u00f3n Inclusiva, se instalaron este jueves los correspondientes Buzones F\u00edsicos en este municipio de la regi\u00f3n Norte del estado.<\/p>\n<p style=\"text-align: justify\">La entrega protocolaria fue hecha por el coordinador de la Unidad de Procesos de Consulta del Congreso, Juan Salvador Susunaga Flores, junto al equipo t\u00e9cnico de la Comisi\u00f3n de Atenci\u00f3n a Personas con Discapacidad, a manos de la s\u00edndica procuradora Vapsi Areli Polanco \u00c1lvarez.<\/p>\n<p style=\"text-align: justify\">A su vez, en las instalaciones del Ayuntamiento fue colocado material informativo sobre el uso de dicho buz\u00f3n, as\u00ed como tr\u00edpticos con c\u00f3digos QR para el acceso a audios, videos y explicaciones en lengua de se\u00f1as mexicana.<\/p>\n<p style=\"text-align: justify\">Estos buzones son una de las cinco modalidades de participaci\u00f3n en la Consulta, sumados a las Mesas Presenciales, Mesas Virtuales, Mesas a Petici\u00f3n de Parte y el Buz\u00f3n Digital, para que las personas con discapacidad puedan externar sus opiniones y propuestas con relaci\u00f3n a la educaci\u00f3n inclusiva.<\/p>\n<p style=\"text-align: justify\">A trav\u00e9s de los buzones f\u00edsicos las personas pueden depositar sus propuestas en diferentes formatos, ya sea escritos a mano o impresos, o bien mediante audios o videos grabados en memorias USB o CD, todo acorde a las personas que desean expresar sus testimonios, visi\u00f3n, demandas y recomendaciones, mismas que ser\u00e1n sistematizadas y analizadas con el fin de\u00a0adecuar el marco jur\u00eddico local en beneficio de las personas con discapacidad.<\/p>\n<p style=\"text-align: justify\">Con el Proceso de Consulta a Personas con Discapacidad en Materia de Educaci\u00f3n Inclusiva, la LXIII Legislatura refrenda su compromiso con este sector poblacional y sus luchas leg\u00edtimas, adem\u00e1s de que se da cumplimiento al mandato de la Suprema Corte de Justicia de la Naci\u00f3n por la acci\u00f3n de inconstitucionalidad 299\/2020.<\/p>\n<p style=\"text-align: justify\"><em>] S\u00edguenos en Facebook.com\/<a href=\"https:\/\/www.facebook.com\/acapulcopress\" target=\"_blank\" rel=\"noopener\">acapulcopress<\/a><\/em><br \/>\n<em>] S\u00edguenos en Facebook.com\/<a href=\"https:\/\/www.facebook.com\/angelblanco.press\" target=\"_blank\" rel=\"noopener\">angelblanco.press<\/a><\/em><\/p>\n","protected":false},"excerpt":{"rendered":"<p>TELOLOAPAN * Septiembre 20, 2023. ) Congreso de Guerrero Como parte de los trabajos de la Consulta a Personas con Discapacidad para el Proceso Legislativo en materia de Educaci\u00f3n Inclusiva, se instalaron este jueves los correspondientes Buzones F\u00edsicos en este municipio de la regi\u00f3n Norte del estado. La entrega protocolaria fue hecha por el coordinador&#8230;<\/p>\n","protected":false},"author":2,"featured_media":1257127,"comment_status":"closed","ping_status":"closed","sticky":false,"template":"","format":"standard","meta":{"footnotes":""},"categories":[61,18561],"tags":[],"class_list":["post-1257126","post","type-post","status-publish","format-standard","has-post-thumbnail","hentry","category-legislacion","category-society-politics"],"_links":{"self":[{"href":"https:\/\/www.acapulcopress.com\/index.php\/wp-json\/wp\/v2\/posts\/1257126","targetHints":{"allow":["GET"]}}],"collection":[{"href":"https:\/\/www.acapulcopress.com\/index.php\/wp-json\/wp\/v2\/posts"}],"about":[{"href":"https:\/\/www.acapulcopress.com\/index.php\/wp-json\/wp\/v2\/types\/post"}],"author":[{"embeddable":true,"href":"https:\/\/www.acapulcopress.com\/index.php\/wp-json\/wp\/v2\/users\/2"}],"replies":[{"embeddable":true,"href":"https:\/\/www.acapulcopress.com\/index.php\/wp-json\/wp\/v2\/comments?post=1257126"}],"version-history":[{"count":0,"href":"https:\/\/www.acapulcopress.com\/index.php\/wp-json\/wp\/v2\/posts\/1257126\/revisions"}],"wp:featuredmedia":[{"embeddable":true,"href":"https:\/\/www.acapulcopress.com\/index.php\/wp-json\/"}],"wp:attachment":[{"href":"https:\/\/www.acapulcopress.com\/index.php\/wp-json\/wp\/v2\/media?parent=1257126"}],"wp:term":[{"taxonomy":"category","embeddable":true,"href":"https:\/\/www.acapulcopress.com\/index.php\/wp-json\/wp\/v2\/categories?post=1257126"},{"taxonomy":"post_tag","embeddable":true,"href":"https:\/\/www.acapulcopress.com\/index.php\/wp-json\/wp\/v2\/tags?post=1257126"}],"curies":[{"name":"wp","href":"https:\/\/api.w.org\/{rel}","templated":true}]}}