{"id":1257129,"date":"2023-09-21T20:44:27","date_gmt":"2023-09-22T02:44:27","guid":{"rendered":"https:\/\/www.acapulcopress.com\/?p=1257129"},"modified":"2023-09-21T20:44:27","modified_gmt":"2023-09-22T02:44:27","slug":"inicio-construccion-del-cbtis-177-en-tecpan-de-galeana","status":"publish","type":"post","link":"https:\/\/www.acapulcopress.com\/index.php\/2023\/09\/21\/inicio-construccion-del-cbtis-177-en-tecpan-de-galeana\/","title":{"rendered":"Inici\u00f3 construcci\u00f3n del CBTIS 177 en Tecpan de Galeana"},"content":{"rendered":"<p style=\"text-align: justify\">CHILPANCINGO * Septiembre 20, 2023.<br \/>\n<em>) Gobierno de Guerrero\u00a0<\/em><br \/>\n<img loading=\"lazy\" decoding=\"async\" class=\"alignleft size-medium wp-image-1257132\" src=\"https:\/\/www.acapulcopress.com\/wp-content\/uploads\/2023\/09\/CBTIS-177-Tecpan3-375x281.jpg\" alt=\"\" width=\"375\" height=\"281\" \/>El director general del <a href=\"https:\/\/www.facebook.com\/IGIFEoficial\" target=\"_blank\" rel=\"noopener\">Instituto Guerrerense de la Infraestructura F\u00edsica Educativa<\/a> (IGIFE), Benjam\u00edn Guinto Nava, y el secretario de Educaci\u00f3n en Guerrero, <a href=\"https:\/\/www.facebook.com\/MarcialRodriguezS\" target=\"_blank\" rel=\"noopener\">Marcial Rodr\u00edguez Salda\u00f1a<\/a>, pusieron en marcha los trabajos de construcci\u00f3n de un edificio en el Centro de Bachillerato Tecnol\u00f3gico Industrial y de Servicios N\u00fam. 177, que tendr\u00e1 una inversi\u00f3n de 13 millones de pesos.<\/p>\n<p style=\"text-align: justify\">La obra educativa beneficiar\u00e1 a m\u00e1s de 350 alumnos, y constar\u00e1 de un edificio normativo de dos niveles que contar\u00e1 con \u00e1rea administrativa, aulas did\u00e1cticas, servicios sanitarios para hombres y mujeres.<\/p>\n<p style=\"text-align: justify\">Guinto Nava inform\u00f3 que s\u00f3lo en el municipio de T\u00e9cpan de Galeana, el IGIFE, en estos dos primeros a\u00f1os de gobierno se realizan obras en 18 escuelas con una inversi\u00f3n de m\u00e1s 35 <img loading=\"lazy\" decoding=\"async\" class=\"alignleft size-medium wp-image-1257131\" src=\"https:\/\/www.acapulcopress.com\/wp-content\/uploads\/2023\/09\/CBTIS-177-Tecpan2-375x233.jpg\" alt=\"\" width=\"375\" height=\"233\" \/>millones de pesos, beneficiando a m\u00e1s de 3 mil alumnos de los diferentes niveles educativos.<\/p>\n<p>En este evento estuvieron presentes el director del plantel, Calixto Rayo S\u00e1nchez, docentes y padres\u00a0de\u00a0familia.<\/p>\n<p style=\"text-align: justify\"><em><\/p>\n<p>] S\u00edguenos en Facebook.com\/<a href=\"https:\/\/www.facebook.com\/acapulcopress\" target=\"_blank\" rel=\"noopener\">acapulcopress<\/a><\/em><br \/>\n<em>] S\u00edguenos en Facebook.com\/<a href=\"https:\/\/www.facebook.com\/angelblanco.press\" target=\"_blank\" rel=\"noopener\">angelblanco.press<\/a><\/em><\/p>\n","protected":false},"excerpt":{"rendered":"<p>CHILPANCINGO * Septiembre 20, 2023. ) Gobierno de Guerrero\u00a0 El director general del Instituto Guerrerense de la Infraestructura F\u00edsica Educativa (IGIFE), Benjam\u00edn Guinto Nava, y el secretario de Educaci\u00f3n en Guerrero, Marcial Rodr\u00edguez Salda\u00f1a, pusieron en marcha los trabajos de construcci\u00f3n de un edificio en el Centro de Bachillerato Tecnol\u00f3gico Industrial y de Servicios N\u00fam&#8230;.<\/p>\n","protected":false},"author":2,"featured_media":1257130,"comment_status":"closed","ping_status":"closed","sticky":false,"template":"","format":"standard","meta":{"footnotes":""},"categories":[18561,2081],"tags":[4692,10283,12457,16169],"class_list":["post-1257129","post","type-post","status-publish","format-standard","has-post-thumbnail","hentry","category-society-politics","category-seg","tag-benjamin-guinto-nava","tag-instituto-guerrerense-de-la-infraestructura-fisica-educativa-igife","tag-marcial-rodriguez-saldana","tag-secretaria-de-educacion-guerrero-seg"],"_links":{"self":[{"href":"https:\/\/www.acapulcopress.com\/index.php\/wp-json\/wp\/v2\/posts\/1257129","targetHints":{"allow":["GET"]}}],"collection":[{"href":"https:\/\/www.acapulcopress.com\/index.php\/wp-json\/wp\/v2\/posts"}],"about":[{"href":"https:\/\/www.acapulcopress.com\/index.php\/wp-json\/wp\/v2\/types\/post"}],"author":[{"embeddable":true,"href":"https:\/\/www.acapulcopress.com\/index.php\/wp-json\/wp\/v2\/users\/2"}],"replies":[{"embeddable":true,"href":"https:\/\/www.acapulcopress.com\/index.php\/wp-json\/wp\/v2\/comments?post=1257129"}],"version-history":[{"count":0,"href":"https:\/\/www.acapulcopress.com\/index.php\/wp-json\/wp\/v2\/posts\/1257129\/revisions"}],"wp:featuredmedia":[{"embeddable":true,"href":"https:\/\/www.acapulcopress.com\/index.php\/wp-json\/"}],"wp:attachment":[{"href":"https:\/\/www.acapulcopress.com\/index.php\/wp-json\/wp\/v2\/media?parent=1257129"}],"wp:term":[{"taxonomy":"category","embeddable":true,"href":"https:\/\/www.acapulcopress.com\/index.php\/wp-json\/wp\/v2\/categories?post=1257129"},{"taxonomy":"post_tag","embeddable":true,"href":"https:\/\/www.acapulcopress.com\/index.php\/wp-json\/wp\/v2\/tags?post=1257129"}],"curies":[{"name":"wp","href":"https:\/\/api.w.org\/{rel}","templated":true}]}}