{"id":1257134,"date":"2023-09-21T21:07:01","date_gmt":"2023-09-22T03:07:01","guid":{"rendered":"https:\/\/www.acapulcopress.com\/?p=1257134"},"modified":"2023-09-21T21:07:01","modified_gmt":"2023-09-22T03:07:01","slug":"invita-parque-papagayo-a-espectaculo-de-fuentes-danzarinas-y-ballet-folclorico","status":"publish","type":"post","link":"https:\/\/www.acapulcopress.com\/index.php\/2023\/09\/21\/invita-parque-papagayo-a-espectaculo-de-fuentes-danzarinas-y-ballet-folclorico\/","title":{"rendered":"Invita Parque Papagayo a espect\u00e1culo de fuentes danzarinas y ballet folcl\u00f3rico"},"content":{"rendered":"<p style=\"text-align: justify\">ACAPULCO * Septiembre 20, 2023.<br \/>\n<em>) Gobierno de Guerrero<\/em><\/p>\n<p style=\"text-align: justify\">Como parte de las actividades c\u00edvicas y de recreaci\u00f3n cultural, el Parque Papagayo invitan a <img loading=\"lazy\" decoding=\"async\" class=\"alignleft size-medium wp-image-1257137\" src=\"https:\/\/www.acapulcopress.com\/wp-content\/uploads\/2023\/09\/FUENTES-SALTARINAS-PAPAGAYO2-375x169.jpg\" alt=\"\" width=\"375\" height=\"169\" \/>toda la poblaci\u00f3n a disfrutar del bello espect\u00e1culo que ofrecen las fuentes danzarinas este pr\u00f3ximo fin de semana.<\/p>\n<p style=\"text-align: justify\">Adem\u00e1s del espect\u00e1culo de luces de colores que iluminan la explanada central del Parque Papagayo, se presentar\u00e1 un festival cultural con los integrantes del Ballet Folcl\u00f3rico Kukulk\u00e1n quienes a trav\u00e9s de sus bailes interpretan melod\u00edas mexicanas; as\u00ed como las integrantes del Ballet Katy Celada que deleitar\u00e1 con danzas \u00e1rabes y mucho m\u00e1s.<\/p>\n<p style=\"text-align: justify\">El director del Parque Papagayo, <a href=\"https:\/\/www.facebook.com\/abel.luvio\" target=\"_blank\" rel=\"noopener\">Abel Luvio Villanueva,<\/a> destac\u00f3 que con este tipo de eventos sociales la gobernadora<a href=\"https:\/\/www.facebook.com\/EvelynSalgadoP\" target=\"_blank\" rel=\"noopener\"> Evelyn Salgado Pineda<\/a> cumple con el compromiso de <img loading=\"lazy\" decoding=\"async\" class=\"alignleft size-medium wp-image-1257135\" src=\"https:\/\/www.acapulcopress.com\/wp-content\/uploads\/2023\/09\/FUENTES-SALTARINAS-PAPAGAYO-375x169.jpg\" alt=\"\" width=\"375\" height=\"169\" \/>ofrecer espacios de recreaci\u00f3n y cultura para todas las familias de Acapulco.<\/p>\n<p style=\"text-align: justify\">La cita para observar este hermoso espect\u00e1culo ser\u00e1 el pr\u00f3ximo s\u00e1bado 23 y domingo 24 de septiembre, a las 5:30 de la tarde en las fuentes danzarinas centrales del Parque Papagayo.<\/p>\n<p style=\"text-align: justify\">Durante el evento se realizan din\u00e1micas de juegos tanto para los padres de familia, como para las ni\u00f1as y ni\u00f1os que acuden a disfrutar de las fuentes de colores, los regalos van desde pases para el <em>trenecito<\/em>, comidas, <em>chamoyadas<\/em>, <em>pizzas<\/em> y hamburguesas.<\/p>\n<p style=\"text-align: justify\">Luvio Villanueva inform\u00f3 que durante el fin de semana el parque cerrar\u00e1 a las 8 de la noche, para que las familias observen y disfruten este\u00a0espect\u00e1culo.<\/p>\n<div style=\"width: 848px;\" class=\"wp-video\"><video class=\"wp-video-shortcode\" id=\"video-1257134-1\" width=\"848\" height=\"480\" preload=\"metadata\" controls=\"controls\"><source type=\"video\/mp4\" src=\"https:\/\/www.acapulcopress.com\/wp-content\/uploads\/2023\/09\/FUENTES-SALTARINAS-PAPAGAYO.mp4?_=1\" \/><a href=\"https:\/\/www.acapulcopress.com\/wp-content\/uploads\/2023\/09\/FUENTES-SALTARINAS-PAPAGAYO.mp4\">https:\/\/www.acapulcopress.com\/wp-content\/uploads\/2023\/09\/FUENTES-SALTARINAS-PAPAGAYO.mp4<\/a><\/video><\/div>\n<div style=\"width: 848px;\" class=\"wp-video\"><video class=\"wp-video-shortcode\" id=\"video-1257134-2\" width=\"848\" height=\"480\" preload=\"metadata\" controls=\"controls\"><source type=\"video\/mp4\" src=\"https:\/\/www.acapulcopress.com\/wp-content\/uploads\/2023\/09\/FUENTES-SALTARINAS-PAPAGAYO2.mp4?_=2\" \/><a href=\"https:\/\/www.acapulcopress.com\/wp-content\/uploads\/2023\/09\/FUENTES-SALTARINAS-PAPAGAYO2.mp4\">https:\/\/www.acapulcopress.com\/wp-content\/uploads\/2023\/09\/FUENTES-SALTARINAS-PAPAGAYO2.mp4<\/a><\/video><\/div>\n<p><em>] S\u00edguenos en Facebook.com\/<a href=\"https:\/\/www.facebook.com\/acapulcopress\" target=\"_blank\" rel=\"noopener\">acapulcopress<\/a><\/em><br \/>\n<em>] S\u00edguenos en Facebook.com\/<a href=\"https:\/\/www.facebook.com\/angelblanco.press\" target=\"_blank\" rel=\"noopener\">angelblanco.press<\/a><\/em><\/p>\n","protected":false},"excerpt":{"rendered":"<p>ACAPULCO * Septiembre 20, 2023. ) Gobierno de Guerrero Como parte de las actividades c\u00edvicas y de recreaci\u00f3n cultural, el Parque Papagayo invitan a toda la poblaci\u00f3n a disfrutar del bello espect\u00e1culo que ofrecen las fuentes danzarinas este pr\u00f3ximo fin de semana. Adem\u00e1s del espect\u00e1culo de luces de colores que iluminan la explanada central del&#8230;<\/p>\n","protected":false},"author":2,"featured_media":1257140,"comment_status":"closed","ping_status":"closed","sticky":false,"template":"","format":"standard","meta":{"footnotes":""},"categories":[1972,2058,1988],"tags":[3068,4528,8251,14261],"class_list":["post-1257134","post","type-post","status-publish","format-standard","has-post-thumbnail","hentry","category-special","category-festivales-y-tradiciones","category-lifestyles","tag-abel-luvio-villanueva","tag-ballet-folclorico-kukulkan","tag-evelyn-salgado-pineda","tag-parque-papagayo-acapulco"],"_links":{"self":[{"href":"https:\/\/www.acapulcopress.com\/index.php\/wp-json\/wp\/v2\/posts\/1257134","targetHints":{"allow":["GET"]}}],"collection":[{"href":"https:\/\/www.acapulcopress.com\/index.php\/wp-json\/wp\/v2\/posts"}],"about":[{"href":"https:\/\/www.acapulcopress.com\/index.php\/wp-json\/wp\/v2\/types\/post"}],"author":[{"embeddable":true,"href":"https:\/\/www.acapulcopress.com\/index.php\/wp-json\/wp\/v2\/users\/2"}],"replies":[{"embeddable":true,"href":"https:\/\/www.acapulcopress.com\/index.php\/wp-json\/wp\/v2\/comments?post=1257134"}],"version-history":[{"count":0,"href":"https:\/\/www.acapulcopress.com\/index.php\/wp-json\/wp\/v2\/posts\/1257134\/revisions"}],"wp:featuredmedia":[{"embeddable":true,"href":"https:\/\/www.acapulcopress.com\/index.php\/wp-json\/"}],"wp:attachment":[{"href":"https:\/\/www.acapulcopress.com\/index.php\/wp-json\/wp\/v2\/media?parent=1257134"}],"wp:term":[{"taxonomy":"category","embeddable":true,"href":"https:\/\/www.acapulcopress.com\/index.php\/wp-json\/wp\/v2\/categories?post=1257134"},{"taxonomy":"post_tag","embeddable":true,"href":"https:\/\/www.acapulcopress.com\/index.php\/wp-json\/wp\/v2\/tags?post=1257134"}],"curies":[{"name":"wp","href":"https:\/\/api.w.org\/{rel}","templated":true}]}}