{"id":1257145,"date":"2023-09-21T21:50:35","date_gmt":"2023-09-22T03:50:35","guid":{"rendered":"https:\/\/www.acapulcopress.com\/?p=1257145"},"modified":"2023-09-21T21:50:35","modified_gmt":"2023-09-22T03:50:35","slug":"ine-endurece-sanciones-a-mananeras-de-amlo","status":"publish","type":"post","link":"https:\/\/www.acapulcopress.com\/index.php\/2023\/09\/21\/ine-endurece-sanciones-a-mananeras-de-amlo\/","title":{"rendered":"INE endurece sanciones a &#8216;ma\u00f1aneras&#8217; de AMLO"},"content":{"rendered":"<p style=\"text-align: justify\">CIUDAD DE M\u00c9XICO * Septiembre 20, 2023.<br \/>\n<em>) <a href=\"https:\/\/www.proceso.com.mx\/nacional\/politica\/2023\/9\/21\/ine-eleva-el-tono-de-las-sanciones-contra-las-mananeras-de-amlo-315321.html\" target=\"_blank\" rel=\"noopener\">Apro<\/a><\/em><\/p>\n<p style=\"text-align: justify\">Ante el \u201criesgo real\u201d de que el presidente <a href=\"https:\/\/www.facebook.com\/lopezobrador.org.mx\" target=\"_blank\" rel=\"noopener\">Andr\u00e9s Manuel L\u00f3pez Obrador<\/a> siga realizando manifestaciones de \u00edndole pol\u00edtico o electoral durante las conferencias ma\u00f1aneras, la Comisi\u00f3n de Quejas y Denuncias del Instituto Nacional Electoral (INE) le impuso una nueva medida.<\/p>\n<p style=\"text-align: justify\">La Comisi\u00f3n de Quejas y Denuncias del \u00f3rgano electoral determin\u00f3 que, previo al inicio de sus ruedas de prensa matutinas, se haga p\u00fablico un mensaje en el que se indiquen los l\u00edmites contenidos en la Constituci\u00f3n a los funcionarios p\u00fablicos respecto de los principios de imparcialidad y neutralidad.<\/p>\n<p style=\"text-align: justify\">En un comunicado, el INE inform\u00f3 que la citada comisi\u00f3n resolvi\u00f3 por unanimidad la solicitud de 11 medidas cautelares, esencialmente, por presunta realizaci\u00f3n de actos anticipados de precampa\u00f1a y campa\u00f1a, promoci\u00f3n personalizada, uso indebido de recursos p\u00fablicos, transgresi\u00f3n al inter\u00e9s superior de la ni\u00f1ez y la vulneraci\u00f3n a los principios de imparcialidad y equidad de cara al Proceso Electoral Federal 2023-2024.<\/p>\n<p style=\"text-align: justify\">Las solicitudes est\u00e1n relacionadas con las conferencias ma\u00f1aneras de L\u00f3pez Obrador y con los proceso internos de Morena y del Frente Amplio por M\u00e9xico para la designaci\u00f3n de sus coordinadores que posteriormente ser\u00e1n aspirantes presidenciales.<\/p>\n<p style=\"text-align: justify\">En el caso de L\u00f3pez Obrador, menciona que la aspirante opositora<a href=\"https:\/\/www.facebook.com\/Xochitl.Galvez.R\" target=\"_blank\" rel=\"noopener\"> X\u00f3chitl G\u00e1lvez<\/a> lo denunci\u00f3 a \u00e9l y a funcionarios que participaron en las ma\u00f1aneras del 7, 8 y 13 de septiembre al considerar que beneficia Morena y a Claudia Sheinbaum y perjudica a los partidos pol\u00edticos de oposici\u00f3n y a la propia senadora panista.<\/p>\n<p style=\"text-align: justify\">\u201cDel an\u00e1lisis preliminar a las frases y manifestaciones realizadas en su conjunto, se advierte que el Titular del Ejecutivo Federal hizo referencia expresa al Proceso Electoral Federal 2023-2024 exponiendo de forma insistente la continuidad de lo que denomina \u2018su movimiento o proyecto de transformaci\u00f3n\u2019 lo que constituyen, bajo la apariencia del buen derecho, declaraciones de naturaleza electoral, por lo cual se dictaron medidas cautelares para ordenar se eliminen los archivos de audio, audiovisuales y\/o versiones estenogr\u00e1ficas de las citadas conferencias y de cualquier otra plataforma electr\u00f3nica bajo su dominio, control o administraci\u00f3n\u201d, determin\u00f3 la Comisi\u00f3n de Quejas y Denuncias.<\/p>\n<p style=\"text-align: justify\">De igual manera, consider\u00f3 la procedencia de las medidas cautelares, bajo la vertiente de tutela preventiva, a fin de que el Presidente de la Rep\u00fablica se abstenga, bajo cualquier modalidad o formato, de realizar manifestaciones, emitir comentarios, opiniones o se\u00f1alamientos sobre temas electorales.<\/p>\n<p style=\"text-align: justify\">Y en ese contexto aprob\u00f3 una medida adicional ante el \u201criesgo real\u201d de que el mandatario incurra de nuevo en las conductas sancionadas.<\/p>\n<p style=\"text-align: justify\">\u201cDerivado de que existe un riesgo real de que la conducta ocurra nuevamente, toda vez que la Comisi\u00f3n de Quejas y Denuncias ha dictado m\u00faltiples medidas cautelares y el Presidente de M\u00e9xico ha sido recurrente en realizar manifestaciones de \u00edndole pol\u00edtico o electoral durante las conferencias de prensa matutinas se resolvi\u00f3 que, previo al inicio de las conferencias de prensa matutinas, se haga p\u00fablico un mensaje en el que se indiquen los l\u00edmites contenidos en el art\u00edculo 134 de la Constituci\u00f3n Federal relacionados con los principios constitucionales de imparcialidad y neutralidad que rigen el actuar de todos los servidores p\u00fablicos que acuden a dichas conferencias\u201d.<\/p>\n<p style=\"text-align: justify\"><strong>Sancionan difusi\u00f3n de acto de X\u00f3chitl en \u00c1ngel de Independencia<\/strong><\/p>\n<p style=\"text-align: justify\">Tres ciudadanos y el partido Morena presentaron quejas en contra de X\u00f3chitl G\u00e1lvez, Beatriz Elena Paredes y los partidos integrantes del Frente Amplio por M\u00e9xico, por las manifestaciones realizadas en el \u2018\u201dForo Regional M\u00e9xico y el mundo: si promovemos a M\u00e9xico \u00bfVendr\u00e1n m\u00e1s oportunidades?\u201d celebrado el pasado 24 de agosto en Guadalajara.<\/p>\n<p style=\"text-align: justify\">En ese contexto, la Comisi\u00f3n orden\u00f3 al Partido Revolucionario Institucional y a X\u00f3chitl G\u00e1lvez el retiro de diversas publicaciones alojadas en la red social X y Facebook, pues su contenido pudiera configurar actos anticipados de precampa\u00f1a y\/o campa\u00f1a y, en consecuencia, afectar el principio de equidad en la contienda de cara al Proceso Electoral Federal 2023-2024.<\/p>\n<p style=\"text-align: justify\">De igual manera, se denunci\u00f3 el evento realizado el pasado 3 de septiembre en el \u00c1ngel de la Independencia de la Ciudad de M\u00e9xico, y su posterior difusi\u00f3n en redes sociales.<\/p>\n<p style=\"text-align: justify\">\u201cAl respecto, se orden\u00f3 el retiro de diversas publicaciones vinculadas con dicho evento pues se considera que se realizaron manifestaciones de naturaleza proselitista con la finalidad de posicionarse de manera anticipada ante la ciudadan\u00eda.<\/p>\n<p style=\"text-align: justify\">\u201cEn el mismo sentido, se dict\u00f3 tutela preventiva a efecto de ordenar a la y los denunciados que, en todo tiempo, se ajusten a los l\u00edmites y par\u00e1metros constitucionales antes expuestos, recalc\u00e1ndoles la obligaci\u00f3n de conducirse acorde a los principios de legalidad y equidad\u201d, expuso la Comisi\u00f3n.<\/p>\n<p style=\"text-align: justify\">En un tercer caso, X\u00f3chitl G\u00e1lvez fue denunciada por la presunta vulneraci\u00f3n al inter\u00e9s superior de la ni\u00f1ez, derivado de la publicaci\u00f3n de im\u00e1genes y un video en X, Facebook, Instagram y TikTok, en el que aparecen menores de edad. \u201cToda vez que no proporcion\u00f3 el otorgamiento del consentimiento y la autorizaci\u00f3n o permiso de sus padres para aparecer en la propaganda, la Comisi\u00f3n consider\u00f3 procedente ordenar que se eliminen las publicaciones y audiovisuales o, en su caso, se difuminen las im\u00e1genes de las personas menores de edad\u201d.<\/p>\n<p style=\"text-align: justify\"><strong>COMUNICADO INE<br \/>\n<\/strong><em>) <a href=\"https:\/\/centralelectoral.ine.mx\/2023\/09\/21\/ine-ordena-a-la-presidencia-de-la-republica-retirar-conferencias-mananeras\/\" target=\"_blank\" rel=\"noopener\">Central Electoral<\/a><\/em><\/p>\n<p style=\"text-align: justify\">La Comisi\u00f3n de Quejas y Denuncias del Instituto Nacional Electoral (INE) resolvi\u00f3, por unanimidad de votos, la solicitud de 11 medidas cautelares, esencialmente, por presunta realizaci\u00f3n de actos anticipados de precampa\u00f1a y campa\u00f1a, promoci\u00f3n personalizada, uso indebido de recursos p\u00fablicos, transgresi\u00f3n al inter\u00e9s superior de la ni\u00f1ez y la vulneraci\u00f3n a los principios de imparcialidad y equidad de cara al Proceso Electoral Federal (PEF) 2023-2024.<\/p>\n<p style=\"text-align: justify\">Presidente de M\u00e9xico ha sido recurrente en realizar manifestaciones de \u00edndole pol\u00edtico o electoral durante \u201clas ma\u00f1aneras\u201d<\/p>\n<p style=\"text-align: justify\">Bertha X\u00f3chitl G\u00e1lvez Ruiz denunci\u00f3 a Andr\u00e9s Manuel L\u00f3pez Obrador, Presidente de los Estados Unidos Mexicanos y a diversas personas del servicio p\u00fablico que participan dentro del formato informativo de las conferencias de prensa conocidas como \u201clas ma\u00f1aneras\u201d, por sus manifestaciones realizadas en proceso electoral, celebradas los d\u00edas 7, 8 y 13 de septiembre de 2023, pues en estima de la denunciante, ello beneficia al partido Morena y a Claudia Sheinbaum Pardo y perjudica a los partidos pol\u00edticos de oposici\u00f3n y a su persona.<\/p>\n<p style=\"text-align: justify\">Del an\u00e1lisis preliminar a las frases y manifestaciones realizadas en su conjunto, se advierte que el Titular del Ejecutivo Federal hizo referencia expresa al Proceso Electoral Federal 2023-2024 exponiendo de forma insistente la continuidad de lo que denomina \u201csu movimiento o proyecto de transformaci\u00f3n\u201d lo que constituyen, bajo la apariencia del buen derecho, declaraciones de naturaleza electoral, por lo cual se dictaron medidas cautelares para ordenar se eliminen los archivos de audio, audiovisuales y\/o versiones estenogr\u00e1ficas de las citadas conferencias y de cualquier otra plataforma electr\u00f3nica bajo su dominio, control o administraci\u00f3n.<\/p>\n<p style=\"text-align: justify\">De igual manera, la Comisi\u00f3n consider\u00f3 la procedencia de las medidas cautelares, bajo la vertiente de tutela preventiva, a fin de que el Presidente de la Rep\u00fablica se abstenga, bajo cualquier modalidad o formato, de realizar manifestaciones, emitir comentarios, opiniones o se\u00f1alamientos sobre temas electorales.<\/p>\n<p style=\"text-align: justify\">Derivado de que existe un riesgo real de que la conducta ocurra nuevamente, toda vez que la Comisi\u00f3n de Quejas y Denuncias ha dictado m\u00faltiples medidas cautelares y el Presidente de M\u00e9xico ha sido recurrente en realizar manifestaciones de \u00edndole pol\u00edtico o electoral durante las conferencias de prensa matutinas se resolvi\u00f3 que, previo al inicio de las conferencias de prensa matutinas, se haga p\u00fablico un mensaje en el que se indiquen los l\u00edmites contenidos en el art\u00edculo 134 de la Constituci\u00f3n Federal relacionados con los principios constitucionales de imparcialidad y neutralidad que rigen el actuar de todos los servidores p\u00fablicos que acuden a dichas conferencias.<\/p>\n<p style=\"text-align: justify\"><strong>* Procedente el retiro de espectaculares de Marcelo Ebrard por sobreexponer su imagen<\/strong><\/p>\n<p style=\"text-align: justify\">En otros asuntos, la Comisi\u00f3n determin\u00f3 procedentes las solicitudes de medidas cautelares en contra de Marcelo Luis Ebrard Casaubon, derivado de la colocaci\u00f3n de espectaculares en los estados de M\u00e9xico y Puebla y la vulneraci\u00f3n al inter\u00e9s superior de la ni\u00f1ez, ante la publicaci\u00f3n en la red X de la imagen de una menor durante una asamblea efectuada en Quintana Roo.<\/p>\n<p style=\"text-align: justify\">Por cuanto hace a la propaganda fijada en los espectaculares acompa\u00f1ada de las leyendas \u201cEL CAMINO DE M\u00c9XICO\u201d, \u201cMARCELO EBRARD\u201d, \u201cUN RECORRIDO AL FUTURO DE NUESTRO PA\u00cdS\u201d, la Comisi\u00f3n consider\u00f3 que, del an\u00e1lisis preliminar y bajo la apariencia del buen derecho, su difusi\u00f3n s\u00ed genera la exposici\u00f3n del nombre e imagen de Marcelo Ebrard Casaubon, lo que podr\u00eda vulnerar los principios rectores del Proceso Electoral Federal en curso, al posicionar de manera anticipada al denunciado su libro, e incluso, la asociaci\u00f3n civil que refiere es un movimiento pol\u00edtico.<\/p>\n<p style=\"text-align: justify\">En consecuencia, se determin\u00f3 ordenar a Marcelo Luis Ebrard Casaubon, al partido Morena y a la editorial Penguin Random House Grupo Editorial, S.A. de C.V., que de inmediato realice las acciones, tr\u00e1mites y gestiones necesarias para retirar la publicidad.<\/p>\n<p style=\"text-align: justify\">La Comisi\u00f3n neg\u00f3 la tutela preventiva por tratarse de hechos futuros de realizaci\u00f3n incierta, sin embargo, realiz\u00f3 un recordatorio al denunciado para que, en todo tiempo, ajuste las conductas de sus aspiraciones pol\u00edticas a los l\u00edmites y par\u00e1metros constitucionales antes expuestos, en particular, a la obligaci\u00f3n de conducirse acorde a los principios de legalidad y equidad; mientras que al partido Morena le record\u00f3 lo establecido en los Lineamientos Generales para regular y fiscalizar los procesos, actos, actividades y propaganda realizados en los procesos pol\u00edticos.<\/p>\n<p style=\"text-align: justify\">Finalmente, con relaci\u00f3n a la publicaci\u00f3n del 19 de septiembre del presente a\u00f1o donde supuestamente aparece una menor de edad en una publicaci\u00f3n en la red social X, se certific\u00f3 que ya no puede ser visualizada y, por tanto, no se encuentra disponible, ante lo cual se est\u00e1 en presencia de actos consumados de manera irreparable de ah\u00ed la improcedencia de la medida; al igual que neg\u00f3 la tutela preventiva puesto que no se tienen programadas actividades vinculadas con el proceso pol\u00edtico, ni la difusi\u00f3n de la publicaci\u00f3n; raz\u00f3n por la cual, se trata de actos futuros de realizaci\u00f3n incierta.<\/p>\n<p style=\"text-align: justify\"><strong>* Ordenan al Comit\u00e9 Organizador del Frente Amplio por M\u00e9xico y a X\u00f3chitl G\u00e1lvez retirar publicaciones de redes sociales<\/strong><\/p>\n<p style=\"text-align: justify\">Tres ciudadanos y el partido Morena presentaron quejas en contra de X\u00f3chitl G\u00e1lvez Ruiz, Beatriz Elena Paredes Rangel y los partidos integrantes del Frente Amplio por M\u00e9xico, por las manifestaciones realizadas en el \u201cForo Regional M\u00e9xico y el mundo: si promovemos a M\u00e9xico \u00bfVendr\u00e1n m\u00e1s oportunidades?\u201d celebrado el pasado 24 de agosto en Guadalajara.<\/p>\n<p style=\"text-align: justify\">La Comisi\u00f3n orden\u00f3 al Partido Revolucionario Institucional (PRI) y a X\u00f3chitl G\u00e1lvez el retiro de diversas publicaciones alojadas en la red social X y Facebook, pues su contenido pudiera configurar actos anticipados de precampa\u00f1a y\/o campa\u00f1a y, en consecuencia, afectar el principio de equidad en la contienda de cara al Proceso Electoral Federal 2023-2024.<\/p>\n<p style=\"text-align: justify\">De igual manera, se denunci\u00f3 el evento realizado el pasado 3 de septiembre en el \u00c1ngel de la Independencia de la Ciudad de M\u00e9xico, y su posterior difusi\u00f3n en redes sociales.<\/p>\n<p style=\"text-align: justify\">Al respecto, se orden\u00f3 el retiro de diversas publicaciones vinculadas con dicho evento pues se considera que se realizaron manifestaciones de naturaleza proselitista con la finalidad de posicionarse de manera anticipada ante la ciudadan\u00eda. En el mismo sentido, se dict\u00f3 tutela preventiva a efecto de ordenar a la y los denunciados que, en todo tiempo, se ajusten a los l\u00edmites y par\u00e1metros constitucionales antes expuestos, recalc\u00e1ndoles la obligaci\u00f3n de conducirse acorde a los principios de legalidad y equidad.<\/p>\n<p style=\"text-align: justify\">Respecto de las publicaciones realizadas en los medios de comunicaci\u00f3n digitales, se consider\u00f3 que forman parte del quehacer period\u00edstico, por lo que no se justifica su retiro.<\/p>\n<p style=\"text-align: justify\">Sobre el deber de cuidado de los partidos que conforman el Frente Amplio por M\u00e9xico y el uso indebido de recursos, tales t\u00f3picos deber\u00e1n ser analizados en el fondo del asunto por parte de la Sala Regional Especializada del Tribunal Electoral del Poder Judicial de la Federaci\u00f3n (TEPJF).<\/p>\n<p style=\"text-align: justify\">En un tercer caso, X\u00f3chitl G\u00e1lvez Ruiz fue denunciada por la presunta vulneraci\u00f3n al inter\u00e9s superior de la ni\u00f1ez, derivado de la publicaci\u00f3n de im\u00e1genes y un video en X, Facebook, Instagram y TikTok, en el que aparecen menores de edad. Toda vez que no proporcion\u00f3 el otorgamiento del consentimiento y la autorizaci\u00f3n o permiso de sus padres para aparecer en la propaganda, la Comisi\u00f3n consider\u00f3 procedente ordenar que se eliminen las publicaciones y audiovisuales o, en su caso, se difuminen las im\u00e1genes de las personas menores de edad.<\/p>\n<p style=\"text-align: justify\">Asimismo, se otorg\u00f3 la tutela preventiva para evitar situaciones en las que se pueda poner en riesgo el derecho de ni\u00f1as, ni\u00f1os o adolescentes a su imagen e identidad, ordenando el cumplimiento a los Lineamientos Generales para la Protecci\u00f3n de Ni\u00f1as, Ni\u00f1os y Adolescentes en Materia de Propaganda y Mensajes Electorales, recabando, previo a la difusi\u00f3n de las publicaciones, las autorizaciones correspondientes.<\/p>\n<p style=\"text-align: justify\">En el \u00faltimo caso, Morena denunci\u00f3 la difusi\u00f3n de la publicaci\u00f3n de un video en YouTube denominado \u201cX\u00f3chitl G\u00e1lvez en entrevista con Joaqu\u00edn L\u00f3pez-D\u00f3riga para @GrupoFormulaOficial 04\/09\/23\u201d en el canal de la Senadora; al respecto se orden\u00f3 su eliminaci\u00f3n, pues los contenidos no obedecen a la labor period\u00edstica del medio de comunicaci\u00f3n, dado que el material denunciado se difunde en el canal de YouTube de X\u00f3chitl G\u00e1lvez Ruiz, quien cuenta con la calidad de Senadora de la Rep\u00fablica, por lo que est\u00e1 sujeta a deberes m\u00e1s restrictivos en lo que respecta al contenido difundido en sus redes sociales.<\/p>\n<p style=\"text-align: justify\">Por otra parte, se declar\u00f3 improcedente la tutela preventiva al tratarse de hechos futuros de realizaci\u00f3n incierta.<\/p>\n<p><em>] S\u00edguenos en Facebook.com\/<a href=\"https:\/\/www.facebook.com\/acapulcopress\" target=\"_blank\" rel=\"noopener\">acapulcopress<\/a><\/em><br \/>\n<em>] S\u00edguenos en Facebook.com\/<a href=\"https:\/\/www.facebook.com\/angelblanco.press\" target=\"_blank\" rel=\"noopener\">angelblanco.press<\/a><\/em><br \/>\n<em>] S\u00edguenos en ) acapulcopress.com<\/em><\/p>\n","protected":false},"excerpt":{"rendered":"<p>CIUDAD DE M\u00c9XICO * Septiembre 20, 2023. ) Apro Ante el \u201criesgo real\u201d de que el presidente Andr\u00e9s Manuel L\u00f3pez Obrador siga realizando manifestaciones de \u00edndole pol\u00edtico o electoral durante las conferencias ma\u00f1aneras, la Comisi\u00f3n de Quejas y Denuncias del Instituto Nacional Electoral (INE) le impuso una nueva medida. La Comisi\u00f3n de Quejas y Denuncias&#8230;<\/p>\n","protected":false},"author":2,"featured_media":1257146,"comment_status":"closed","ping_status":"closed","sticky":false,"template":"","format":"standard","meta":{"footnotes":""},"categories":[1997],"tags":[3896,5461,8929,10337,13297,17391,18162],"class_list":["post-1257145","post","type-post","status-publish","format-standard","has-post-thumbnail","hentry","category-noticias-destacadas","tag-andres-manuel-lopez-obrador","tag-central-electoral-ine","tag-frente-amplio-por-mexico","tag-instituto-nacional-electoral-ine","tag-morena","tag-tribunal-electoral-del-poder-judicial-de-la-federacion-tepjf","tag-xochitl-galvez-ruiz"],"_links":{"self":[{"href":"https:\/\/www.acapulcopress.com\/index.php\/wp-json\/wp\/v2\/posts\/1257145","targetHints":{"allow":["GET"]}}],"collection":[{"href":"https:\/\/www.acapulcopress.com\/index.php\/wp-json\/wp\/v2\/posts"}],"about":[{"href":"https:\/\/www.acapulcopress.com\/index.php\/wp-json\/wp\/v2\/types\/post"}],"author":[{"embeddable":true,"href":"https:\/\/www.acapulcopress.com\/index.php\/wp-json\/wp\/v2\/users\/2"}],"replies":[{"embeddable":true,"href":"https:\/\/www.acapulcopress.com\/index.php\/wp-json\/wp\/v2\/comments?post=1257145"}],"version-history":[{"count":0,"href":"https:\/\/www.acapulcopress.com\/index.php\/wp-json\/wp\/v2\/posts\/1257145\/revisions"}],"wp:featuredmedia":[{"embeddable":true,"href":"https:\/\/www.acapulcopress.com\/index.php\/wp-json\/"}],"wp:attachment":[{"href":"https:\/\/www.acapulcopress.com\/index.php\/wp-json\/wp\/v2\/media?parent=1257145"}],"wp:term":[{"taxonomy":"category","embeddable":true,"href":"https:\/\/www.acapulcopress.com\/index.php\/wp-json\/wp\/v2\/categories?post=1257145"},{"taxonomy":"post_tag","embeddable":true,"href":"https:\/\/www.acapulcopress.com\/index.php\/wp-json\/wp\/v2\/tags?post=1257145"}],"curies":[{"name":"wp","href":"https:\/\/api.w.org\/{rel}","templated":true}]}}