{"id":1257150,"date":"2023-09-22T22:48:04","date_gmt":"2023-09-23T04:48:04","guid":{"rendered":"https:\/\/www.acapulcopress.com\/?p=1257150"},"modified":"2023-09-22T22:48:04","modified_gmt":"2023-09-23T04:48:04","slug":"evelyn-salgado-nos-mantenemos-firmes-como-gobierno-transformador-y-combativo-contra-la-corrupcion","status":"publish","type":"post","link":"https:\/\/www.acapulcopress.com\/index.php\/2023\/09\/22\/evelyn-salgado-nos-mantenemos-firmes-como-gobierno-transformador-y-combativo-contra-la-corrupcion\/","title":{"rendered":"Evelyn Salgado | Nos mantenemos firmes como gobierno transformador y combativo contra la corrupci\u00f3n"},"content":{"rendered":"<p style=\"text-align: justify\">ACAPULCO * Septiembre 22, 2023.<br \/>\n<em>) Gobierno de Guerrero<\/em><\/p>\n<p style=\"text-align: justify\">\u201cNos mantenemos firmes en la convicci\u00f3n de hacer de este, un gobierno transformador, <img loading=\"lazy\" decoding=\"async\" class=\"alignleft size-medium wp-image-1257155\" src=\"https:\/\/www.acapulcopress.com\/wp-content\/uploads\/2023\/09\/CERO-CORRUPCION26-375x250.jpg\" alt=\"\" width=\"375\" height=\"250\" \/>iniciando por supuesto, por el ejercicio transparente de los recursos\u201d, se\u00f1al\u00f3 la gobernadora <a href=\"https:\/\/www.facebook.com\/EvelynSalgadoP\" target=\"_blank\" rel=\"noopener\">Evelyn Salgado Pineda<\/a> durante la Segunda Asamblea Ordinaria de la Regi\u00f3n Centro Pac\u00edfico de la Comisi\u00f3n Permanente de Contralores Estados\u2013Federaci\u00f3n, en la que participan representantes de Quer\u00e9taro, Morelos, Michoac\u00e1n, Ciudad de M\u00e9xico, Estado de M\u00e9xico y Guerrero.<\/p>\n<p style=\"text-align: justify\">En su mensaje, la mandataria estatal se\u00f1al\u00f3 que el combate a la corrupci\u00f3n es una tarea conjunta de todas y todos, en donde existe un compromiso firme de robustecer los esfuerzos de erradicaci\u00f3n a dicho flagelo promoviendo la austeridad, para lograr que los programas sociales lleguen a un mayor n\u00famero de personas. En este sentido, resalt\u00f3 el trabajo que se hace desde la Comisi\u00f3n Permanente de Contralores Estados-Federaci\u00f3n para <img loading=\"lazy\" decoding=\"async\" class=\"alignleft size-medium wp-image-1257151\" src=\"https:\/\/www.acapulcopress.com\/wp-content\/uploads\/2023\/09\/CERO-CORRUPCION2-375x250.jpg\" alt=\"\" width=\"375\" height=\"250\" \/>lograr la consolidaci\u00f3n de mejorar las pr\u00e1cticas y estrategias en esta materia.<\/p>\n<p style=\"text-align: justify\">\u201cUn estado puede tener muchos recursos, un estado puede tener mucha riqueza natural, cultural, gastron\u00f3mica, como lo tiene Guerrero, como lo tienen todos los estados que hoy estamos aqu\u00ed. Se pueden tener muchas cosas, pero si no hay una l\u00ednea de combate frontal a la corrupci\u00f3n, se puede hacer poco. Yo creo que lo principal en todos es sacar a la corrupci\u00f3n de cualquier espacio, de cualquier lugar, de cualquier dependencia, de cualquier trinchera, si erradicamos la corrupci\u00f3n, los recursos van a alcanzar\u201d, expres\u00f3 la mandataria.<\/p>\n<p style=\"text-align: justify\">De la misma manera, Evelyn Salgado se pronunci\u00f3 a favor de continuar impulsando <img loading=\"lazy\" decoding=\"async\" class=\"alignleft size-medium wp-image-1257153\" src=\"https:\/\/www.acapulcopress.com\/wp-content\/uploads\/2023\/09\/CERO-CORRUPCION24-375x250.jpg\" alt=\"\" width=\"375\" height=\"250\" \/>gobiernos austeros hacia afuera y de territorio, reafirmando siempre el compromiso absoluto con la rendici\u00f3n de cuentas, la coordinaci\u00f3n interinstitucional y el reforzamiento de acciones encaminadas a la transparencia, para eliminar las malas pr\u00e1cticas en la administraci\u00f3n p\u00fablica.<\/p>\n<p style=\"text-align: justify\">En su participaci\u00f3n, el coordinador general de la Fiscalizaci\u00f3n de la Secretar\u00eda de la Funci\u00f3n P\u00fablica y presidente suplente de la Comisi\u00f3n Permanente de Contralores Estados-Federaci\u00f3n, Eduardo Gurza Curiel, detall\u00f3 que en esta reuni\u00f3n se revisar\u00e1n avances de los proyectos asociados con las l\u00edneas de acci\u00f3n de la regi\u00f3n Centro Pac\u00edfico. Destac\u00f3 el trabajo coordinado que se genera para el cumplimiento de las tareas de control y fiscalizaci\u00f3n, as\u00ed como la conjunci\u00f3n de esfuerzos entre las contralor\u00edas estatales y <img loading=\"lazy\" decoding=\"async\" class=\"alignleft size-medium wp-image-1257154\" src=\"https:\/\/www.acapulcopress.com\/wp-content\/uploads\/2023\/09\/CERO-CORRUPCION25-375x250.jpg\" alt=\"\" width=\"375\" height=\"250\" \/>la Secretar\u00eda de la Funci\u00f3n P\u00fablica, mediante el intercambio de experiencias.<\/p>\n<p style=\"text-align: justify\">\u201cEn la medida de que este equipo sea s\u00f3lido, m\u00e1s cerca estaremos de satisfacer las expectativas de la sociedad respecto de la misi\u00f3n que nos ha sido encomendada. Con nuestro compromiso y trabajo coordinado, marcaremos una diferencia en la forma de entender y ejercer nuestras atribuciones\u201d, dijo.<\/p>\n<p style=\"text-align: justify\">En tanto que el secretario de Contralor\u00eda y Transparencia del Gobierno del Estado de Guerrero, V\u00edctor Edgar Arenas dijo que a trav\u00e9s de estas acciones y este intercambio, se trabaja en la homologaci\u00f3n de criterios y acciones en beneficio del servicio p\u00fablico, la priorizaci\u00f3n de la transparencia y la rendici\u00f3n de cuentas, fortaleciendo el control interno en las instituciones p\u00fablicas y retomando acciones que impulsen la participaci\u00f3n ciudadana.<\/p>\n<p style=\"text-align: justify\">Asistieron a este evento, el secretario de la Contralor\u00eda General de la Ciudad de M\u00e9xico, Juan Jos\u00e9 Serrano Mendoza; la secretaria de Contralor\u00eda de Michoac\u00e1n, Azucena Mar\u00edn Correa,\u00a0entre\u00a0otros.<\/p>\n<p style=\"text-align: justify\"><em>] S\u00edguenos en Facebook.com\/<a href=\"https:\/\/www.facebook.com\/acapulcopress\" target=\"_blank\" rel=\"noopener\">acapulcopress<\/a><\/em><br \/>\n<em>] S\u00edguenos en Facebook.com\/<a href=\"https:\/\/www.facebook.com\/angelblanco.press\" target=\"_blank\" rel=\"noopener\">angelblanco.press<\/a><\/em><\/p>\n","protected":false},"excerpt":{"rendered":"<p>ACAPULCO * Septiembre 22, 2023. ) Gobierno de Guerrero \u201cNos mantenemos firmes en la convicci\u00f3n de hacer de este, un gobierno transformador, iniciando por supuesto, por el ejercicio transparente de los recursos\u201d, se\u00f1al\u00f3 la gobernadora Evelyn Salgado Pineda durante la Segunda Asamblea Ordinaria de la Regi\u00f3n Centro Pac\u00edfico de la Comisi\u00f3n Permanente de Contralores Estados\u2013Federaci\u00f3n,&#8230;<\/p>\n","protected":false},"author":2,"featured_media":1257152,"comment_status":"closed","ping_status":"closed","sticky":false,"template":"","format":"standard","meta":{"footnotes":""},"categories":[1972,1983,18561],"tags":[],"class_list":["post-1257150","post","type-post","status-publish","format-standard","has-post-thumbnail","hentry","category-special","category-guerrerogob","category-society-politics"],"_links":{"self":[{"href":"https:\/\/www.acapulcopress.com\/index.php\/wp-json\/wp\/v2\/posts\/1257150","targetHints":{"allow":["GET"]}}],"collection":[{"href":"https:\/\/www.acapulcopress.com\/index.php\/wp-json\/wp\/v2\/posts"}],"about":[{"href":"https:\/\/www.acapulcopress.com\/index.php\/wp-json\/wp\/v2\/types\/post"}],"author":[{"embeddable":true,"href":"https:\/\/www.acapulcopress.com\/index.php\/wp-json\/wp\/v2\/users\/2"}],"replies":[{"embeddable":true,"href":"https:\/\/www.acapulcopress.com\/index.php\/wp-json\/wp\/v2\/comments?post=1257150"}],"version-history":[{"count":0,"href":"https:\/\/www.acapulcopress.com\/index.php\/wp-json\/wp\/v2\/posts\/1257150\/revisions"}],"wp:featuredmedia":[{"embeddable":true,"href":"https:\/\/www.acapulcopress.com\/index.php\/wp-json\/"}],"wp:attachment":[{"href":"https:\/\/www.acapulcopress.com\/index.php\/wp-json\/wp\/v2\/media?parent=1257150"}],"wp:term":[{"taxonomy":"category","embeddable":true,"href":"https:\/\/www.acapulcopress.com\/index.php\/wp-json\/wp\/v2\/categories?post=1257150"},{"taxonomy":"post_tag","embeddable":true,"href":"https:\/\/www.acapulcopress.com\/index.php\/wp-json\/wp\/v2\/tags?post=1257150"}],"curies":[{"name":"wp","href":"https:\/\/api.w.org\/{rel}","templated":true}]}}