{"id":1257159,"date":"2023-09-22T23:28:17","date_gmt":"2023-09-23T05:28:17","guid":{"rendered":"https:\/\/www.acapulcopress.com\/?p=1257159"},"modified":"2023-09-22T23:28:17","modified_gmt":"2023-09-23T05:28:17","slug":"propuestas-del-parlamento-juvenil-se-incluiran-en-nueva-ley-de-personas-jovenes-del-estado","status":"publish","type":"post","link":"https:\/\/www.acapulcopress.com\/index.php\/2023\/09\/22\/propuestas-del-parlamento-juvenil-se-incluiran-en-nueva-ley-de-personas-jovenes-del-estado\/","title":{"rendered":"Propuestas del Parlamento Juvenil se incluir\u00e1n en nueva Ley de personas j\u00f3venes del Estado"},"content":{"rendered":"<p style=\"text-align: justify\">CHILPANCINGO * Septiembre 22, 2023.<br \/>\n<em>) Congreso de Guerrero<\/em><br \/>\nLa diputada <a href=\"https:\/\/www.facebook.com\/profile.php?id=100087876644349\" target=\"_blank\" rel=\"noopener\">Ang\u00e9lica Espinoza Garc\u00eda<\/a>, presidenta de la Comisi\u00f3n de la Juventud y el <img loading=\"lazy\" decoding=\"async\" class=\"alignleft size-medium wp-image-1257168\" src=\"https:\/\/www.acapulcopress.com\/wp-content\/uploads\/2023\/09\/PARLAMENTO7-375x262.jpg\" alt=\"\" width=\"375\" height=\"262\" \/>Deporte del <a href=\"https:\/\/www.facebook.com\/congresogro\" target=\"_blank\" rel=\"noopener\">Congreso del Estado<\/a>, manifest\u00f3 que las propuestas hechas en el Parlamento Juvenil 2023, aunadas a las de ejercicios pasados, ser\u00e1n esenciales en la creaci\u00f3n de la nueva Ley de Personas J\u00f3venes del Estado de Guerrero, un ordenamiento jur\u00eddico que debe estar a la altura de los nuevos tiempos y circunstancias de la entidad.<\/p>\n<p style=\"text-align: justify\">Al dar la bienvenida a las y los participantes provenientes de las ocho regiones del estado, la legisladora les invit\u00f3 a hacer uso de la m\u00e1s alta tribuna del estado de Guerrero libremente y sin temores, y considerar este hecho como una responsabilidad hist\u00f3rica para proponer, debatir y plantear soluciones a los distintos problemas de la juventud y sus familias.<\/p>\n<p style=\"text-align: justify\"><img loading=\"lazy\" decoding=\"async\" class=\"alignleft size-medium wp-image-1257167\" src=\"https:\/\/www.acapulcopress.com\/wp-content\/uploads\/2023\/09\/PARLAMENTO6-375x250.jpeg\" alt=\"\" width=\"375\" height=\"250\" \/>En su intervenci\u00f3n, la diputada <a href=\"https:\/\/www.facebook.com\/LeticiaMossoHdz\" target=\"_blank\" rel=\"noopener\">Leticia Mosso Hern\u00e1ndez<\/a>, presidenta de la Mesa Directiva, extern\u00f3 que es un privilegio poder escuchar las variadas y valientes voces de j\u00f3venes representantes de las ocho regiones de Guerrero, todas cargadas con el \u00e1nimo de influir en el fortalecimiento del marco legal y en la soluci\u00f3n de las distintas problem\u00e1ticas.<\/p>\n<p style=\"text-align: justify\">Felicit\u00f3 tambi\u00e9n a las instancias involucradas en la realizaci\u00f3n de este importante evento que trabajaron estrecha y coordinadamente con la Comisi\u00f3n Legislativa de la Juventud y el Deporte, para su \u00f3ptimo desarrollo, como son la Secretar\u00eda de la Juventud y la Ni\u00f1ez del Gobierno del Estado y el Instituto Electoral y de Participaci\u00f3n Ciudadana.<\/p>\n<p style=\"text-align: justify\">Destac\u00f3 tambi\u00e9n el hecho de haber logrado la integraci\u00f3n de un parlamento paritario e <img loading=\"lazy\" decoding=\"async\" class=\"alignleft size-medium wp-image-1257166\" src=\"https:\/\/www.acapulcopress.com\/wp-content\/uploads\/2023\/09\/PARLAMENTO4-375x238.jpg\" alt=\"\" width=\"375\" height=\"238\" \/>incluyente, que garantiza apertura y voluntad de escuchar todas las voces y demandas de la juventud, con el objetivo de garantizarles el goce pleno de sus derechos.<\/p>\n<p style=\"text-align: justify\">En su oportunidad, la consejera presidenta del Instituto Electoral y de Participaci\u00f3n Ciudadana, Luz Fabiola Matildes Gama, consider\u00f3 importante seguir fortaleciendo los lazos de vinculaci\u00f3n con aliados estrat\u00e9gicos, como son el Congreso y la Secretar\u00eda de la Juventud y la Ni\u00f1ez, ya que esto permitir\u00e1 continuar con la realizaci\u00f3n de eventos como este Parlamento, donde se promueve ampliamente la cultura pol\u00edtica, el di\u00e1logo democr\u00e1tico y la educaci\u00f3n c\u00edvica, adem\u00e1s de incentivar la participaci\u00f3n de las juventudes en los procesos electorales, como el que ya est\u00e1 en curso.<\/p>\n<p style=\"text-align: justify\"><img loading=\"lazy\" decoding=\"async\" class=\"alignleft size-medium wp-image-1257163\" src=\"https:\/\/www.acapulcopress.com\/wp-content\/uploads\/2023\/09\/PARLAMENTO2-375x242.jpg\" alt=\"\" width=\"375\" height=\"242\" \/>Por \u00faltimo, intervino la secretaria de la Juventud y la Ni\u00f1ez del Gobierno del Estado, Jessica Maldonado Morales, quien celebr\u00f3 el amplio inter\u00e9s de las y los j\u00f3venes de las distintas regiones del estado por formar parte del Parlamento Juvenil 2023, lo cual es muestra del compromiso social que tiene este sector.<\/p>\n<p style=\"text-align: justify\">En el Parlamento Juvenil 2023 participaron 46 j\u00f3venes, 23 mujeres y 23 hombres de entre 18 y 29 a\u00f1os, ocho de los cuales pertenecen a grupos de atenci\u00f3n prioritaria, como ind\u00edgenas, afromexicanos, con discapacidad y de la comunidad LGBTTTQ+.<\/p>\n<p style=\"text-align: justify\"><em>] S\u00edguenos en Facebook.com\/<a href=\"https:\/\/www.facebook.com\/acapulcopress\" target=\"_blank\" rel=\"noopener\">acapulcopress<\/a><\/em><br \/>\n<em>] S\u00edguenos en Facebook.com\/<a href=\"https:\/\/www.facebook.com\/angelblanco.press\" target=\"_blank\" rel=\"noopener\">angelblanco.press<\/a><\/em><br \/>\n<em>] S\u00edguenos en ) acapulcopress.com<\/em><\/p>\n","protected":false},"excerpt":{"rendered":"<p>CHILPANCINGO * Septiembre 22, 2023. ) Congreso de Guerrero La diputada Ang\u00e9lica Espinoza Garc\u00eda, presidenta de la Comisi\u00f3n de la Juventud y el Deporte del Congreso del Estado, manifest\u00f3 que las propuestas hechas en el Parlamento Juvenil 2023, aunadas a las de ejercicios pasados, ser\u00e1n esenciales en la creaci\u00f3n de la nueva Ley de Personas&#8230;<\/p>\n","protected":false},"author":2,"featured_media":1257165,"comment_status":"closed","ping_status":"closed","sticky":false,"template":"","format":"standard","meta":{"footnotes":""},"categories":[1972,61],"tags":[3953,6384,11793,14249],"class_list":["post-1257159","post","type-post","status-publish","format-standard","has-post-thumbnail","hentry","category-special","category-legislacion","tag-angelica-espinoza-garcia","tag-congreso-del-estado-de-guerrero","tag-leticia-mosso-hernandez","tag-parlamento-juvenil-2023"],"_links":{"self":[{"href":"https:\/\/www.acapulcopress.com\/index.php\/wp-json\/wp\/v2\/posts\/1257159","targetHints":{"allow":["GET"]}}],"collection":[{"href":"https:\/\/www.acapulcopress.com\/index.php\/wp-json\/wp\/v2\/posts"}],"about":[{"href":"https:\/\/www.acapulcopress.com\/index.php\/wp-json\/wp\/v2\/types\/post"}],"author":[{"embeddable":true,"href":"https:\/\/www.acapulcopress.com\/index.php\/wp-json\/wp\/v2\/users\/2"}],"replies":[{"embeddable":true,"href":"https:\/\/www.acapulcopress.com\/index.php\/wp-json\/wp\/v2\/comments?post=1257159"}],"version-history":[{"count":0,"href":"https:\/\/www.acapulcopress.com\/index.php\/wp-json\/wp\/v2\/posts\/1257159\/revisions"}],"wp:featuredmedia":[{"embeddable":true,"href":"https:\/\/www.acapulcopress.com\/index.php\/wp-json\/"}],"wp:attachment":[{"href":"https:\/\/www.acapulcopress.com\/index.php\/wp-json\/wp\/v2\/media?parent=1257159"}],"wp:term":[{"taxonomy":"category","embeddable":true,"href":"https:\/\/www.acapulcopress.com\/index.php\/wp-json\/wp\/v2\/categories?post=1257159"},{"taxonomy":"post_tag","embeddable":true,"href":"https:\/\/www.acapulcopress.com\/index.php\/wp-json\/wp\/v2\/tags?post=1257159"}],"curies":[{"name":"wp","href":"https:\/\/api.w.org\/{rel}","templated":true}]}}