{"id":1257173,"date":"2023-09-23T00:02:18","date_gmt":"2023-09-23T06:02:18","guid":{"rendered":"https:\/\/www.acapulcopress.com\/?p=1257173"},"modified":"2023-09-23T00:02:18","modified_gmt":"2023-09-23T06:02:18","slug":"carteles-quinto-generador-de-empleos-en-mexico","status":"publish","type":"post","link":"https:\/\/www.acapulcopress.com\/index.php\/2023\/09\/23\/carteles-quinto-generador-de-empleos-en-mexico\/","title":{"rendered":"C\u00e1rteles, quinto generador de empleos en M\u00e9xico"},"content":{"rendered":"<p style=\"text-align: justify\">CIUDAD DE M\u00c9XICO * Septiembre 22, 2023.<br \/>\n<em>) <a href=\"https:\/\/www.proceso.com.mx\/nacional\/2023\/9\/22\/el-narcotrafico-es-el-quinto-generador-de-empleos-en-mexico-revela-estudio-publicado-en-science-315399.html\" target=\"_blank\" rel=\"noopener\">Apro<\/a><br \/>\n<\/em>Un equipo encabezado por el exoficial de polic\u00eda de la Ciudad de M\u00e9xico, Rafael Prieto-Curiel, public\u00f3 en la revista <a href=\"https:\/\/www.facebook.com\/ScienceMagazine\" target=\"_blank\" rel=\"noopener\">Science<\/a> un estudio que revela que los c\u00e1rteles de la droga ocupan ya <img loading=\"lazy\" decoding=\"async\" class=\"alignleft size-medium wp-image-1257175\" src=\"https:\/\/www.acapulcopress.com\/wp-content\/uploads\/2023\/09\/CARTELES-375x261.webp\" alt=\"\" width=\"375\" height=\"261\" \/>el quinto puesto entre los mayores generadores de empleo en el pa\u00eds.<\/p>\n<p style=\"text-align: justify\">De acuerdo con el trabajo que realiz\u00f3 el equipo de Prieto-Curiel, quien ahora trabaja como matem\u00e1tico en Complexity Science Hub, las organizaciones criminales emplean aproximadamente a 175 mil personas en M\u00e9xico, 17.9% de ellas afiliadas al C\u00e1rtel Jalisco Nueva Generaci\u00f3n; 8.9% al C\u00e1rtel de Sinaloa, 6.2% a la Nueva Familia Michoacana; 4.5% al C\u00e1rtel del Noreste; 3.5%, a la Uni\u00f3n Tepito, y el 59% restante se distribuye entre grupos menores.<\/p>\n<p style=\"text-align: justify\">Los investigadores en el equipo de Prieto analizaron datos p\u00fablicos sobre el n\u00famero de homicidios, personas desaparecidas y encarcelamientos en todo el pa\u00eds entre 2012 y 2022 y los cotejaron con informaci\u00f3n sobre interacciones violentas entre las organizaciones criminales.<\/p>\n<p style=\"text-align: justify\">El resultado deja al narcotr\u00e1fico como una fuente de empleos mayor que Pemex o Grupo Salinas, y superada s\u00f3lo por Fomento Econ\u00f3mico Mexicano (FEMSA), Walmart, Manpower y Am\u00e9rica Movil.<\/p>\n<p style=\"text-align: justify\">La investigaci\u00f3n indica que, en la \u00faltima d\u00e9cada, alrededor de 37% de los miembros de los c\u00e1rteles fueron asesinados o encarcelados y, no obstante, el total de miembros de esas organizaciones creci\u00f3 hasta siete mil personas por a\u00f1o durante ese decenio, por lo cual <img loading=\"lazy\" decoding=\"async\" class=\"alignleft size-medium wp-image-1257174\" src=\"https:\/\/www.acapulcopress.com\/wp-content\/uploads\/2023\/09\/amlos-narcos-375x211.jpg\" alt=\"\" width=\"375\" height=\"211\" \/>deben haber reclutado en conjunto a 19 mil 300 personas por a\u00f1o para compensar sus p\u00e9rdidas.<\/p>\n<p style=\"text-align: justify\">El estudio proyecta tambi\u00e9n lo que suceder\u00eda con esas organizaciones criminales si el gobierno las enfrentara con pol\u00edticas diferentes a las actuales, que se enfocan en detener a los integrantes de los c\u00e1rteles. El modelo utilizado por el estudio predijo que los c\u00e1rteles crecer\u00edan 26% para 2027 y provocar\u00eda 40% m\u00e1s v\u00edctimas.<\/p>\n<p style=\"text-align: justify\">De acuerdo con el estudio, otras estrategias, como las negociaciones pac\u00edficas con los l\u00edderes de los c\u00e1rteles, no tendr\u00edan ning\u00fan logro palpable.<\/p>\n<p style=\"text-align: justify\"><strong>Combatir el reclutamiento, la mejor v\u00eda<br \/>\n<\/strong><br \/>\nLos investigadores desarrollaron un modelo matem\u00e1tico de reclutamiento y p\u00e9rdidas de los c\u00e1rteles que sugiere que la mejor manera de salir de este ciclo de violencia y combatir eficazmente el crimen organizado es disminuyendo la capacidad de los c\u00e1rteles para reclutar a nuevos miembros.<\/p>\n<p style=\"text-align: justify\">De mantenerse la actual pol\u00edtica de capturas, procesamientos y encarcelamientos, se\u00f1ala el estudio, el n\u00famero de personas empleadas por el narco se incrementar\u00eda de 175 mil a 220 mil en cinco a\u00f1os. La cifra bajar\u00eda a 155 mil si se corta el reclutamiento a la mitad, y disminuir\u00eda a 110 mil si se impide la incorporaci\u00f3n de nuevos miembros.<\/p>\n<p style=\"text-align: justify\">De acuerdo con el estudio publicado en Science, los resultados subrayan la necesidad de dedicar m\u00e1s atenci\u00f3n al reclutamiento.<\/p>\n<p style=\"text-align: justify\">\u201cReducir el reclutamiento requiere esfuerzos estructurales en los niveles estatal y local. Matem\u00e1ticamente, por tanto, una estrategia preventiva es significativamente m\u00e1s exitosa que la tradicional estrategia reactiva\u201d, se\u00f1ala el art\u00edculo.<\/p>\n<p style=\"text-align: justify\">A\u00fan con ello, advierte, las organizaciones criminales son tan grandes que, si se redujera el reclutamiento a cero, llevar\u00eda tres a\u00f1os retornar a los niveles de violencia, ya altos, que el pa\u00eds registraba en 2012.<\/p>\n<p style=\"text-align: justify\">\u201cEsto se aplica especialmente en las \u00e1reas con elevado apoyo de los c\u00e1rteles, donde ofrecer oportunidades educativas y profesionales que superen los beneficios de corto plazo ofrecidos por los c\u00e1rteles representa un objetivo cr\u00edtico para el futuro del pa\u00eds\u201d, concluy\u00f3.<\/p>\n<p style=\"text-align: justify\"><em>] S\u00edguenos en Facebook.com\/<a href=\"https:\/\/www.facebook.com\/acapulcopress\" target=\"_blank\" rel=\"noopener\">acapulcopress<\/a><\/em><br \/>\n<em>] S\u00edguenos en Facebook.com\/<a href=\"https:\/\/www.facebook.com\/angelblanco.press\" target=\"_blank\" rel=\"noopener\">angelblanco.press<\/a><\/em><\/p>\n","protected":false},"excerpt":{"rendered":"<p>CIUDAD DE M\u00c9XICO * Septiembre 22, 2023. ) Apro Un equipo encabezado por el exoficial de polic\u00eda de la Ciudad de M\u00e9xico, Rafael Prieto-Curiel, public\u00f3 en la revista Science un estudio que revela que los c\u00e1rteles de la droga ocupan ya el quinto puesto entre los mayores generadores de empleo en el pa\u00eds. De acuerdo&#8230;<\/p>\n","protected":false},"author":2,"featured_media":1257176,"comment_status":"closed","ping_status":"closed","sticky":false,"template":"","format":"standard","meta":{"footnotes":""},"categories":[1972,1997],"tags":[5317,13535],"class_list":["post-1257173","post","type-post","status-publish","format-standard","has-post-thumbnail","hentry","category-special","category-noticias-destacadas","tag-carteles-de-la-droga","tag-narcotrafico"],"_links":{"self":[{"href":"https:\/\/www.acapulcopress.com\/index.php\/wp-json\/wp\/v2\/posts\/1257173","targetHints":{"allow":["GET"]}}],"collection":[{"href":"https:\/\/www.acapulcopress.com\/index.php\/wp-json\/wp\/v2\/posts"}],"about":[{"href":"https:\/\/www.acapulcopress.com\/index.php\/wp-json\/wp\/v2\/types\/post"}],"author":[{"embeddable":true,"href":"https:\/\/www.acapulcopress.com\/index.php\/wp-json\/wp\/v2\/users\/2"}],"replies":[{"embeddable":true,"href":"https:\/\/www.acapulcopress.com\/index.php\/wp-json\/wp\/v2\/comments?post=1257173"}],"version-history":[{"count":0,"href":"https:\/\/www.acapulcopress.com\/index.php\/wp-json\/wp\/v2\/posts\/1257173\/revisions"}],"wp:featuredmedia":[{"embeddable":true,"href":"https:\/\/www.acapulcopress.com\/index.php\/wp-json\/"}],"wp:attachment":[{"href":"https:\/\/www.acapulcopress.com\/index.php\/wp-json\/wp\/v2\/media?parent=1257173"}],"wp:term":[{"taxonomy":"category","embeddable":true,"href":"https:\/\/www.acapulcopress.com\/index.php\/wp-json\/wp\/v2\/categories?post=1257173"},{"taxonomy":"post_tag","embeddable":true,"href":"https:\/\/www.acapulcopress.com\/index.php\/wp-json\/wp\/v2\/tags?post=1257173"}],"curies":[{"name":"wp","href":"https:\/\/api.w.org\/{rel}","templated":true}]}}