{"id":1257183,"date":"2023-09-26T17:55:58","date_gmt":"2023-09-26T23:55:58","guid":{"rendered":"https:\/\/www.acapulcopress.com\/?p=1257183"},"modified":"2023-09-26T17:55:58","modified_gmt":"2023-09-26T23:55:58","slug":"evelyn-salgado-encabezo-la-feria-de-servicios-integrales-en-el-paraiso","status":"publish","type":"post","link":"https:\/\/www.acapulcopress.com\/index.php\/2023\/09\/26\/evelyn-salgado-encabezo-la-feria-de-servicios-integrales-en-el-paraiso\/","title":{"rendered":"Evelyn Salgado encabez\u00f3 la \u00abFeria de Servicios Integrales\u00bb en El Para\u00edso"},"content":{"rendered":"<p style=\"text-align: justify\">ATOYAC DE \u00c1LVAREZ * Septiembre 26, 2023.<br \/>\n<em>) Gobierno de Guerrero<\/em><br \/>\n\u201cVamos a continuar trabajando de la mano, vamos a redoblar esfuerzos para que esta bella <img loading=\"lazy\" decoding=\"async\" class=\"alignleft size-medium wp-image-1257198\" src=\"https:\/\/www.acapulcopress.com\/wp-content\/uploads\/2023\/09\/esp.feria15-375x250.jpg\" alt=\"\" width=\"375\" height=\"250\" \/>regi\u00f3n y sus familias salgan adelante, que tengan paz, desarrollo, bienestar social que merece este pueblo maravilloso y por ustedes, vamos a seguir trabajando\u201d, se\u00f1al\u00f3 la gobernadora <a href=\"https:\/\/www.facebook.com\/EvelynSalgadoP\" target=\"_blank\" rel=\"noopener\">Evelyn Salgado Pineda<\/a> durante su visita a la comunidad de El Para\u00edso, en donde se llev\u00f3 a cabo una Feria de Servicios Integrales y se entregaron apoyos diversos a la poblaci\u00f3n.<\/p>\n<p style=\"text-align: justify\">Con la presencia de las y los representantes de las distintas dependencias de gobierno, la mandataria estatal enfatiz\u00f3 su respeto hacia los habitantes de esta comunidad, que se ha caracterizado por su enorme cari\u00f1o por la tierra y su vocaci\u00f3n por la justicia.<\/p>\n<p style=\"text-align: justify\">\u201cEsta gira es muy especial, porque es muestra ver\u00eddica, palpable del compromiso que tiene la gobernadora, que tiene tambi\u00e9n el gobierno municipal, que tiene el gobierno federal, <img loading=\"lazy\" decoding=\"async\" class=\"alignleft size-medium wp-image-1257197\" src=\"https:\/\/www.acapulcopress.com\/wp-content\/uploads\/2023\/09\/esp.feria14-375x281.jpg\" alt=\"\" width=\"375\" height=\"281\" \/>encabezado por un gran hombre que ha apoyado much\u00edsimo a Guerrero, me refiero a nuestro presidente Andr\u00e9s Manuel L\u00f3pez Obrador\u201d, dijo.<\/p>\n<p style=\"text-align: justify\">Durante su mensaje, la mandataria inform\u00f3 que para esta regi\u00f3n se han puesto en marcha diversas obras de gran impacto, como lo son el Programa de Mejoramiento de Vivienda, mediante el cual se ejecutaron 108 acciones, con una inversi\u00f3n de 5.8 millones de pesos, para entregar un hogar digno a las familias de El Para\u00edso y Atoyac; en materia de agua potable, drenaje y saneamiento, se ha apoyado a la Costa Grande, con una inversi\u00f3n superior a los 163 millones de pesos, para realizar 35 obras de alto impacto, beneficiando a m\u00e1s de 144 mil habitantes.<\/p>\n<p style=\"text-align: justify\">Al respecto, se refiri\u00f3 a la coordinaci\u00f3n de esfuerzos con el municipio, mediante el cual se <img loading=\"lazy\" decoding=\"async\" class=\"alignleft size-medium wp-image-1257196\" src=\"https:\/\/www.acapulcopress.com\/wp-content\/uploads\/2023\/09\/esp.feria13-375x250.jpg\" alt=\"\" width=\"375\" height=\"250\" \/>logr\u00f3 una inversi\u00f3n tripartita de m\u00e1s de 20 millones de pesos, para la construcci\u00f3n de una planta tratadora, as\u00ed como obras complementarias, que permitir\u00e1n impactar de manera positiva en el saneamiento integral del r\u00edo Atoyac.<\/p>\n<p style=\"text-align: justify\">En lo que respecta a infraestructura educativa, en el ejercicio 2023 hay una inversi\u00f3n superior a los 20 millones de pesos, en beneficio de 12 escuelas de Atoyac, San Miguel Totolapan, la Sierra de Chilpancingo, Tecpan, Leonardo Bravo, Ajuchitl\u00e1n y Coyuca de Catal\u00e1n. Mientras que, en el rubro de Salud, est\u00e1 por culminarse la obra del Centro de Salud de El Para\u00edso, en el que se invierten 13 millones de pesos, de los cuales, 12 son para infraestructura y uno para el equipamiento.<\/p>\n<p style=\"text-align: justify\"><img loading=\"lazy\" decoding=\"async\" class=\"alignleft size-medium wp-image-1257194\" src=\"https:\/\/www.acapulcopress.com\/wp-content\/uploads\/2023\/09\/esp.feria11-375x250.jpg\" alt=\"\" width=\"375\" height=\"250\" \/>En este acto, la mandataria hizo entrega de apoyos directos como paquetes escolares, material de oficina, limpieza, deportivo, c\u00edvico y sanitizaci\u00f3n a la primaria Jos\u00e9 Mar\u00eda Morelos y Pav\u00f3n y al Jard\u00edn de Ni\u00f1os Justo Sierra; tambi\u00e9n entreg\u00f3 llaves del programa Mejoramiento de Vivienda, correcci\u00f3n de actas de nacimiento, rectificaci\u00f3n administrativa de actas, as\u00ed como nulidad de dobles registros. De igual manera, otorg\u00f3 equipamiento agropecuario e insumos diversos.<\/p>\n<p style=\"text-align: justify\">A nombre de los beneficiarios, el presidente del Sistema Producto Caf\u00e9, Marino Bernardino Adame, agradeci\u00f3 a la mandataria por todo su apoyo, quien a trav\u00e9s de diversas acciones ha impulsado el trabajo coordinado en el esquema caf\u00e9, mediante proyectos estrat\u00e9gicos.<\/p>\n<p style=\"text-align: justify\">A esta Feria de Servicios asistieron las y los titulares de las secretar\u00edas de Salud; Agricultura, Ganader\u00eda, Pesca y Desarrollo Rural; Bienestar; Desarrollo Urbano, Obras P\u00fablicas y Ordenamiento Territorial; Educaci\u00f3n; Registro Civil, entre otras dependencias.<\/p>\n<p><img loading=\"lazy\" decoding=\"async\" class=\"alignnone wp-image-1257195 size-large\" src=\"https:\/\/www.acapulcopress.com\/wp-content\/uploads\/2023\/09\/esp.feria12-840x476.jpg\" alt=\"\" width=\"696\" height=\"394\" \/><\/p>\n<p style=\"text-align: justify\"><em>] S\u00edguenos en Facebook.com\/<a href=\"https:\/\/www.facebook.com\/acapulcopress\" target=\"_blank\" rel=\"noopener\">acapulcopress<\/a><\/em><br \/>\n<em>] S\u00edguenos en Facebook.com\/<a href=\"https:\/\/www.facebook.com\/angelblanco.press\" target=\"_blank\" rel=\"noopener\">angelblanco.press<\/a><\/em><\/p>\n","protected":false},"excerpt":{"rendered":"<p>ATOYAC DE \u00c1LVAREZ * Septiembre 26, 2023. ) Gobierno de Guerrero \u201cVamos a continuar trabajando de la mano, vamos a redoblar esfuerzos para que esta bella regi\u00f3n y sus familias salgan adelante, que tengan paz, desarrollo, bienestar social que merece este pueblo maravilloso y por ustedes, vamos a seguir trabajando\u201d, se\u00f1al\u00f3 la gobernadora Evelyn Salgado&#8230;<\/p>\n","protected":false},"author":2,"featured_media":1257186,"comment_status":"closed","ping_status":"closed","sticky":false,"template":"","format":"standard","meta":{"footnotes":""},"categories":[1972,1983,18561],"tags":[8251],"class_list":["post-1257183","post","type-post","status-publish","format-standard","has-post-thumbnail","hentry","category-special","category-guerrerogob","category-society-politics","tag-evelyn-salgado-pineda"],"_links":{"self":[{"href":"https:\/\/www.acapulcopress.com\/index.php\/wp-json\/wp\/v2\/posts\/1257183","targetHints":{"allow":["GET"]}}],"collection":[{"href":"https:\/\/www.acapulcopress.com\/index.php\/wp-json\/wp\/v2\/posts"}],"about":[{"href":"https:\/\/www.acapulcopress.com\/index.php\/wp-json\/wp\/v2\/types\/post"}],"author":[{"embeddable":true,"href":"https:\/\/www.acapulcopress.com\/index.php\/wp-json\/wp\/v2\/users\/2"}],"replies":[{"embeddable":true,"href":"https:\/\/www.acapulcopress.com\/index.php\/wp-json\/wp\/v2\/comments?post=1257183"}],"version-history":[{"count":0,"href":"https:\/\/www.acapulcopress.com\/index.php\/wp-json\/wp\/v2\/posts\/1257183\/revisions"}],"wp:featuredmedia":[{"embeddable":true,"href":"https:\/\/www.acapulcopress.com\/index.php\/wp-json\/"}],"wp:attachment":[{"href":"https:\/\/www.acapulcopress.com\/index.php\/wp-json\/wp\/v2\/media?parent=1257183"}],"wp:term":[{"taxonomy":"category","embeddable":true,"href":"https:\/\/www.acapulcopress.com\/index.php\/wp-json\/wp\/v2\/categories?post=1257183"},{"taxonomy":"post_tag","embeddable":true,"href":"https:\/\/www.acapulcopress.com\/index.php\/wp-json\/wp\/v2\/tags?post=1257183"}],"curies":[{"name":"wp","href":"https:\/\/api.w.org\/{rel}","templated":true}]}}