{"id":1257202,"date":"2023-09-26T18:22:15","date_gmt":"2023-09-27T00:22:15","guid":{"rendered":"https:\/\/www.acapulcopress.com\/?p=1257202"},"modified":"2023-09-26T18:22:15","modified_gmt":"2023-09-27T00:22:15","slug":"con-nosotros-no-habria-caso-ayotzinapa-amlo","status":"publish","type":"post","link":"https:\/\/www.acapulcopress.com\/index.php\/2023\/09\/26\/con-nosotros-no-habria-caso-ayotzinapa-amlo\/","title":{"rendered":"Con nosotros no habr\u00eda &#8216;Caso Ayotzinapa&#8217; | AMLO"},"content":{"rendered":"<p style=\"text-align: justify\">CIUDAD DE M\u00c9XICO * Septiembre 26, 2023.<br \/>\n<em>)<a href=\"https:\/\/www.proceso.com.mx\/nacional\/2023\/9\/26\/amlo-si-nosotros-hubiesemos-estado-desde-2006-el-caso-ayotzinapa-no-habria-sucedido-315611.html\" target=\"_blank\" rel=\"noopener\"> Apro<\/a><\/em><\/p>\n<p style=\"text-align: justify\">La desaparici\u00f3n de los normalistas de Ayotzinapa sucedi\u00f3 por el autoritarismo del Estado, afirm\u00f3 el presidente<a href=\"https:\/\/www.facebook.com\/lopezobrador.org.mx\" target=\"_blank\" rel=\"noopener\"> Andr\u00e9s Manuel L\u00f3pez Obrador<\/a>, por lo que afirm\u00f3 que si su movimiento hubiera llegado antes ese hecho no se habr\u00eda presentado.<\/p>\n<p style=\"text-align: justify\">\u201cPero antes de Ayotzinapa ya hab\u00edamos pasado por dos elecciones y las organizaciones no gubernamentales y de derechos humanos llamaban a no votar por nosotros. Si nosotros hubi\u00e9semos estado desde el 88, desde el 2006, nada de eso hubiese sucedido, porque ahora que estamos nosotros no hay masacres, no hay tortura, no hay persecuci\u00f3n a nadie\u201d, afirm\u00f3.<\/p>\n<p style=\"text-align: justify\">Dijo que est\u00e1 consciente de que sus adversarios quisieran que su gobierno fracasara, para tener motivos y cuestionarlo.<\/p>\n<p style=\"text-align: justify\">\u201cTodos los medios de informaci\u00f3n, con honrosas excepciones, y Claudio X. Gonz\u00e1lez y todos ahora se volvieron ya defensores de derechos humanos; las llamadas organizaciones no gubernamentales, los que llamaban a no votar por nosotros, los de la ONU, los de la OEA, etc\u00e9tera, etc\u00e9tera, etc\u00e9tera. Pero nosotros vamos a seguir actuando con rectitud y con humanismo\u201d, afirm\u00f3.<\/p>\n<p style=\"text-align: justify\">Con esta nueva investigaci\u00f3n dijo que no aceptar\u00e1n o se quedar\u00e1n callados ante quienes quieran manipular con estos hechos.<\/p>\n<p style=\"text-align: justify\">\u201cY aunque sea el abogado y sea el GIEI o el Prodh, cualquier organismo, porque por encima de todo debe de estar la verdad, la verdad es la que nos va a hacer libres. Entonces, no porque son expertos en derechos humanos de la OEA o de la ONU\u2026 Ya fue hasta de la OEA, de Derechos Humanos, este farsante que es ahora senador, \u00c1lvarez Icaza, imag\u00ednense. Con todo respeto, al se\u00f1or Kissinger lo nombraron Premio Nobel de la paz\u201d, se\u00f1al\u00f3.<\/p>\n<p style=\"text-align: justify\">El presidente L\u00f3pez Obrador pidi\u00f3 actuar con rectitud y con la verdad, sobre todo, porque no se puede tapar el sol con un dedo.<\/p>\n<p style=\"text-align: justify\"><em>] S\u00edguenos en Facebook.com\/<a href=\"https:\/\/www.facebook.com\/acapulcopress\" target=\"_blank\" rel=\"noopener\">acapulcopress<\/a><\/em><br \/>\n<em>] S\u00edguenos en Facebook.com\/<a href=\"https:\/\/www.facebook.com\/angelblanco.press\" target=\"_blank\" rel=\"noopener\">angelblanco.press<\/a><\/em><\/p>\n","protected":false},"excerpt":{"rendered":"<p>CIUDAD DE M\u00c9XICO * Septiembre 26, 2023. ) Apro La desaparici\u00f3n de los normalistas de Ayotzinapa sucedi\u00f3 por el autoritarismo del Estado, afirm\u00f3 el presidente Andr\u00e9s Manuel L\u00f3pez Obrador, por lo que afirm\u00f3 que si su movimiento hubiera llegado antes ese hecho no se habr\u00eda presentado. \u201cPero antes de Ayotzinapa ya hab\u00edamos pasado por dos&#8230;<\/p>\n","protected":false},"author":2,"featured_media":1257204,"comment_status":"closed","ping_status":"closed","sticky":false,"template":"","format":"standard","meta":{"footnotes":""},"categories":[1997],"tags":[],"class_list":["post-1257202","post","type-post","status-publish","format-standard","has-post-thumbnail","hentry","category-noticias-destacadas"],"_links":{"self":[{"href":"https:\/\/www.acapulcopress.com\/index.php\/wp-json\/wp\/v2\/posts\/1257202","targetHints":{"allow":["GET"]}}],"collection":[{"href":"https:\/\/www.acapulcopress.com\/index.php\/wp-json\/wp\/v2\/posts"}],"about":[{"href":"https:\/\/www.acapulcopress.com\/index.php\/wp-json\/wp\/v2\/types\/post"}],"author":[{"embeddable":true,"href":"https:\/\/www.acapulcopress.com\/index.php\/wp-json\/wp\/v2\/users\/2"}],"replies":[{"embeddable":true,"href":"https:\/\/www.acapulcopress.com\/index.php\/wp-json\/wp\/v2\/comments?post=1257202"}],"version-history":[{"count":0,"href":"https:\/\/www.acapulcopress.com\/index.php\/wp-json\/wp\/v2\/posts\/1257202\/revisions"}],"wp:featuredmedia":[{"embeddable":true,"href":"https:\/\/www.acapulcopress.com\/index.php\/wp-json\/"}],"wp:attachment":[{"href":"https:\/\/www.acapulcopress.com\/index.php\/wp-json\/wp\/v2\/media?parent=1257202"}],"wp:term":[{"taxonomy":"category","embeddable":true,"href":"https:\/\/www.acapulcopress.com\/index.php\/wp-json\/wp\/v2\/categories?post=1257202"},{"taxonomy":"post_tag","embeddable":true,"href":"https:\/\/www.acapulcopress.com\/index.php\/wp-json\/wp\/v2\/tags?post=1257202"}],"curies":[{"name":"wp","href":"https:\/\/api.w.org\/{rel}","templated":true}]}}