{"id":1257203,"date":"2023-09-26T18:19:18","date_gmt":"2023-09-27T00:19:18","guid":{"rendered":"https:\/\/www.acapulcopress.com\/?p=1257203"},"modified":"2023-09-26T18:19:18","modified_gmt":"2023-09-27T00:19:18","slug":"exhortan-desde-congreso-a-seg-a-rescatar-bibliotecas-de-guerrero","status":"publish","type":"post","link":"https:\/\/www.acapulcopress.com\/index.php\/2023\/09\/26\/exhortan-desde-congreso-a-seg-a-rescatar-bibliotecas-de-guerrero\/","title":{"rendered":"Exhortan desde Congreso a SEG a rescatar bibliotecas de Guerrero"},"content":{"rendered":"<p style=\"text-align: justify\">CHILPANCINGO * Septiembre 26, 2023.<br \/>\n<em>) Congreso de Guerrero<\/em><br \/>\nLa diputada Patricia Doroteo Calder\u00f3n plante\u00f3 un exhorto a la Secretar\u00eda de Educaci\u00f3n en Guerrero para que destine recursos p\u00fablicos a la promoci\u00f3n, mantenimiento y actualizaci\u00f3n de las bibliotecas p\u00fablicas de la entidad.<\/p>\n<p style=\"text-align: justify\">En el punto de acuerdo propuesto por el Comit\u00e9 de Biblioteca del Congreso del Estado, integrado por las diputadas y diputados Adolfo Torales Catal\u00e1n, presidente; Marben de la Cruz Santiago, secretaria, y Patricia Doroteo Calder\u00f3n, Fortunato Hern\u00e1ndez Carbajal y Gloria Citlali Calixto Jim\u00e9nez, vocales, se menciona que las bibliotecas son una parte esencial en la formaci\u00f3n de la poblaci\u00f3n estudiantil y el desarrollo de trabajos cient\u00edficos propios de cada universidad, y espacios en constante cambio que deben estar acompa\u00f1ados por todos sus componentes.<\/p>\n<p style=\"text-align: justify\">Desde tribuna, la diputada Doroteo Calder\u00f3n expuso que el objetivo com\u00fan de las autoridades y la ciudadan\u00eda es lograr que cada biblioteca p\u00fablica mejore significativamente su infraestructura, tanto material como t\u00e9cnica, atendiendo las necesidades especiales de sus usuarios, y eliminando toda barrera f\u00edsica o de cualquier tipo que dificulte el acceso democr\u00e1tico a los documentos.<\/p>\n<p style=\"text-align: justify\">Refiri\u00f3 tambi\u00e9n que la sociedad civil est\u00e1 cada vez m\u00e1s consciente de la importancia de dedicar tiempo, energ\u00eda y recursos a la optimizaci\u00f3n de las instalaciones y servicios de las bibliotecas p\u00fablicas, d\u00e1ndose a la tarea de preservarlas y apoyarlas.<\/p>\n<p style=\"text-align: justify\">\u201cCon estas medidas se busca modernizar los servicios bibliotecarios en todas sus facetas, incluyendo el uso de las nuevas tecnolog\u00edas de la informaci\u00f3n, y se establecen fuentes de financiamiento para proyectos de restauraci\u00f3n y mejora de las instalaciones de las bibliotecas p\u00fablicas\u201d, precis\u00f3.<\/p>\n<p style=\"text-align: justify\">Precis\u00f3 que es importante realizar un diagn\u00f3stico integral sobre la operaci\u00f3n y mantenimiento de las bibliotecas de Guerrero, que permita establecer estrategias para la atenci\u00f3n de sus rezagos, deficiencias y carencias, y para lograr la plena inclusi\u00f3n, debe considerarse la accesibilidad de las personas con discapacidad, adem\u00e1s de brindar atenci\u00f3n a las minor\u00edas ling\u00fc\u00edsticas, contemplando un espacio con contenidos bibliogr\u00e1ficos de la poblaci\u00f3n ind\u00edgena y afromexicana, escritos en sus lenguas, y que difundan sus aportes culturales y sociales.<\/p>\n<p style=\"text-align: justify\">Por todo lo anterior, se plantea exhortar al titular de la SEG para que, en el \u00e1mbito de su competencia, contemple y destine recursos p\u00fablicos para el mantenimiento y actualizaci\u00f3n de las bibliotecas p\u00fablicas, que garantice su funcionamiento adecuado, conforme a los est\u00e1ndares nacionales e internacionales.<\/p>\n<p style=\"text-align: justify\">Asimismo, que se invierta en las bibliotecas p\u00fablicas para fomentar y garantizar la conservaci\u00f3n del patrimonio documental, bibliogr\u00e1fico, hemerogr\u00e1fico, auditivo, visual, audiovisual, digital y otros medios que contengan informaci\u00f3n similar, estableciendo instrumentos para la difusi\u00f3n cultural, la consolidaci\u00f3n de proyectos educativos y la promoci\u00f3n de la cultura.<\/p>\n<p style=\"text-align: justify\">La propuesta fue turnada a la Comisi\u00f3n de Educaci\u00f3n, Ciencia y Tecnolog\u00eda, para su correspondiente an\u00e1lisis y dictaminaci\u00f3n.<\/p>\n<p style=\"text-align: justify\"><em>] S\u00edguenos en Facebook.com\/<a href=\"https:\/\/www.facebook.com\/acapulcopress\" target=\"_blank\" rel=\"noopener\">acapulcopress<\/a><\/em><br \/>\n<em>] S\u00edguenos en Facebook.com\/<a href=\"https:\/\/www.facebook.com\/angelblanco.press\" target=\"_blank\" rel=\"noopener\">angelblanco.press<\/a><\/em><\/p>\n","protected":false},"excerpt":{"rendered":"<p>CHILPANCINGO * Septiembre 26, 2023. ) Congreso de Guerrero La diputada Patricia Doroteo Calder\u00f3n plante\u00f3 un exhorto a la Secretar\u00eda de Educaci\u00f3n en Guerrero para que destine recursos p\u00fablicos a la promoci\u00f3n, mantenimiento y actualizaci\u00f3n de las bibliotecas p\u00fablicas de la entidad. En el punto de acuerdo propuesto por el Comit\u00e9 de Biblioteca del Congreso&#8230;<\/p>\n","protected":false},"author":2,"featured_media":1257205,"comment_status":"closed","ping_status":"closed","sticky":false,"template":"","format":"standard","meta":{"footnotes":""},"categories":[61,18561],"tags":[6370,16362],"class_list":["post-1257203","post","type-post","status-publish","format-standard","has-post-thumbnail","hentry","category-legislacion","category-society-politics","tag-congreso-de-guerrero","tag-seg"],"_links":{"self":[{"href":"https:\/\/www.acapulcopress.com\/index.php\/wp-json\/wp\/v2\/posts\/1257203","targetHints":{"allow":["GET"]}}],"collection":[{"href":"https:\/\/www.acapulcopress.com\/index.php\/wp-json\/wp\/v2\/posts"}],"about":[{"href":"https:\/\/www.acapulcopress.com\/index.php\/wp-json\/wp\/v2\/types\/post"}],"author":[{"embeddable":true,"href":"https:\/\/www.acapulcopress.com\/index.php\/wp-json\/wp\/v2\/users\/2"}],"replies":[{"embeddable":true,"href":"https:\/\/www.acapulcopress.com\/index.php\/wp-json\/wp\/v2\/comments?post=1257203"}],"version-history":[{"count":0,"href":"https:\/\/www.acapulcopress.com\/index.php\/wp-json\/wp\/v2\/posts\/1257203\/revisions"}],"wp:featuredmedia":[{"embeddable":true,"href":"https:\/\/www.acapulcopress.com\/index.php\/wp-json\/"}],"wp:attachment":[{"href":"https:\/\/www.acapulcopress.com\/index.php\/wp-json\/wp\/v2\/media?parent=1257203"}],"wp:term":[{"taxonomy":"category","embeddable":true,"href":"https:\/\/www.acapulcopress.com\/index.php\/wp-json\/wp\/v2\/categories?post=1257203"},{"taxonomy":"post_tag","embeddable":true,"href":"https:\/\/www.acapulcopress.com\/index.php\/wp-json\/wp\/v2\/tags?post=1257203"}],"curies":[{"name":"wp","href":"https:\/\/api.w.org\/{rel}","templated":true}]}}