{"id":1257211,"date":"2023-09-26T19:57:59","date_gmt":"2023-09-27T01:57:59","guid":{"rendered":"https:\/\/www.acapulcopress.com\/?p=1257211"},"modified":"2023-09-26T19:57:59","modified_gmt":"2023-09-27T01:57:59","slug":"ayotzinapa-agonia-de-nueve-interminables-anos","status":"publish","type":"post","link":"https:\/\/www.acapulcopress.com\/index.php\/2023\/09\/26\/ayotzinapa-agonia-de-nueve-interminables-anos\/","title":{"rendered":"Ayotzinapa | Agon\u00eda de nueve interminables a\u00f1os\u00a0\u00a0\u00a0"},"content":{"rendered":"<p style=\"text-align: justify\">Marem\u00e1gnum<br \/>\n\u00bb <strong>RICARDO<\/strong> | <strong>CASTILLO BARRIENTOS<br \/>\n<\/strong><em>] Facebook ) <a href=\"https:\/\/www.facebook.com\/ricardocastill01\" target=\"_blank\" rel=\"noopener\">Ricardo Castillo Barrientos<\/a><\/em><\/p>\n<p style=\"text-align: justify\">La fat\u00eddica noche del 26 y 27 de septiembre de 2014, es una llaga viva que permanece abierta, latiendo, sin signos conducentes al esclarecimiento total de lo sucedido esa noche, <img loading=\"lazy\" decoding=\"async\" class=\"alignleft size-medium wp-image-1257213\" src=\"https:\/\/www.acapulcopress.com\/wp-content\/uploads\/2023\/09\/AYOTZINAPOS-375x208.webp\" alt=\"\" width=\"375\" height=\"208\" \/>con la desaparici\u00f3n de 43 j\u00f3venes normalistas, hasta ahora se desconoce su paradero.<\/p>\n<p style=\"text-align: justify\">Vol\u00famenes de documentos se han acumulado en cientos de expedientes saturados de declaraciones, an\u00e1lisis diversos, correos electr\u00f3nicos, chats, medios impresos y audiovisuales, entre otros, sin conocerse la verdad a fondo, que deje satisfechos a los infatigables padres, anhelantes del retorno de sus v\u00e1stagos, o el destino final de sus cuerpos.<\/p>\n<p style=\"text-align: justify\">El curso inicial de la investigaci\u00f3n tiene como base, las primeras detenciones de polic\u00edas municipales ejecutadas al amanecer del d\u00eda 27, a cargo del ex procurador I\u00f1aki Blanco Carrera. A pocos d\u00edas fue marginado de las investigaciones. Por su complejidad y obligatoriedad atrajo la entonces Procuradur\u00eda General de la Rep\u00fablica (PGR), sin solicitar al gobierno estatal su coadyuvancia.<\/p>\n<p style=\"text-align: justify\">A partir de ese momento, los incansables padres de familia y los combativos estudiantes de la Escuela Normal Rural \u201cRa\u00fal Isidro Burgos\u201d, conocida como \u201cNormal de Ayotzinapa\u201d; militantes de la Federaci\u00f3n de Estudiantes Campesinos Socialistas de M\u00e9xico \/FECSM), fundada en 1935, \u00e9poca de la educaci\u00f3n socialista del Gral. L\u00e1zaro C\u00e1rdenas. Las normales rurales se aglutinaron en esa aguerrida organizaci\u00f3n estudiantil.<\/p>\n<p style=\"text-align: justify\">El grupo criminal \u201cGuerreros Unidos\u201d y su brazo armado \u201cLos B\u00e9licos\u201d, hab\u00edan convertido a la ciudad de Iguala y regi\u00f3n Norte, en centro de operaciones de sus actividades il\u00edcitas, como lo se\u00f1alaron anticipadamente, el ex gobernador \u00c1ngel Aguirre Rivero e I\u00f1aky Blanco, ante representantes de las fuerzas armadas del gobierno federal, qu\u00e9 integraban el \u201cGrupo de Coordinaci\u00f3n Guerrero\u201d (Sedena, Semar, PGR, PF, Cisen, PJE, SSP).<\/p>\n<p style=\"text-align: justify\">Durante el transcurso de las investigaciones ha quedado plenamente demostrado la colusi\u00f3n de intereses de \u201cGuerreros Unidos\u201d con las fuerzas armadas federales y de las polic\u00edas municipales de Iguala, Cocula y Huitzuco.<\/p>\n<p style=\"text-align: justify\">Despu\u00e9s de la funesta \u201cVerdad Hist\u00f3rica\u201d, el actual gobierno federal la considera \u201cCrimen de Estado\u201d, debido a la persistencia del GIEI y la incesante lucha de los padres y estudiantes normalistas y otras organizaciones solidarias y han procedido a nuevas detenciones de elementos del Ej\u00e9rcito Mexicano, de alto y bajo rango.<\/p>\n<p style=\"text-align: justify\">Este conmovedor suceso ya qued\u00f3 registrado en los anales de la historia de M\u00e9xico, incluyendo los nuevos libros de texto, porque nunca se hab\u00eda registrado una desaparici\u00f3n masiva de estas proporciones, aun cuando existen decenas de miles de desaparecidos por todos los confines del territorio nacional, particularmente, en la geograf\u00eda guerrerense, a partir de la \u201cguerra sucia\u201d.<\/p>\n<p style=\"text-align: justify\">Las movilizaciones de protesta no se han hecho esperar durante la v\u00edspera de los tr\u00e1gicos acontecimientos, que en vez de disminuir se acrecientan cada a\u00f1o; subyaciendo el motivo real de los hechos.<\/p>\n<p style=\"text-align: justify\">Marea Baja.- D\u00edgase lo que se diga, la permanencia de 52 m\u00e9dicos especialistas de Cuba que se encuentran laborando en la entidad, es altamente ben\u00e9fica para los habitantes de las comunidades de La Monta\u00f1a y La Sierra, guerrerense.<\/p>\n<p style=\"text-align: justify\">Por \u00f3rdenes del presidente L\u00f3pez Obrador, se instituy\u00f3 el Programa IMSS-Bienestar, como d\u00e9cadas atr\u00e1s lo fue IMSS-COPLAMAR, con el ambicioso objetivo de incorporar a los servicios de salud p\u00fablica, a las familias que no cuentan con esta b\u00e1sica prestaci\u00f3n social.<\/p>\n<p style=\"text-align: justify\">Los hospitales comunitarios no contaban con m\u00e9dicos especialistas, lo cual fue subsanado con el profesionalismo de los m\u00e9dicos cubanos; porque nuestros m\u00e9dicos mexicanos, consideran muy poca la paga, adem\u00e1s de las distancias y los riesgos que implican.<\/p>\n<p style=\"text-align: justify\">Marea Alta.- Afortunadamente la temporada de lluvias y huracanes que inici\u00f3 desde el mes de mayo, hasta ahora no ha cobrado v\u00edctimas que lamentar, como siempre ha sucedido en otras temporadas. Habr\u00eda dos motivos: el primero, las lluvias y huracanes han sido de baja intensidad; o avanzamos en la cultura de protecci\u00f3n civil, asumiendo la responsabilidad que nos corresponde como sociedad.<\/p>\n<p style=\"text-align: justify\">No hay que bajar la guardia y confiarnos que seguir\u00e1 el mismo curso. Los fen\u00f3menos meteorol\u00f3gicos son impredecibles y pueden resultar devastadores como ya ha sucedido.<\/p>\n<p style=\"text-align: justify\">Maremoto.- A partir de ayer, comenz\u00f3 el registro de suspirantes a las gubernaturas de nueve entidades federativas, destacando la Ciudad de M\u00e9xico, considerada la joya de la corona.<\/p>\n<p style=\"text-align: justify\">En la elecci\u00f3n del 2021, pr\u00e1cticamente se dio un empate t\u00e9cnico entre las alianzas oficialista y opositora en lo relativo a n\u00famero de electores.<\/p>\n<p style=\"text-align: justify\">Son nueve las alcald\u00edas gobernadas por la alianza PAN, PRI y PRD; mientras la alianza MORENA, PT y PVEM, gobierna en siete alcald\u00edas.<\/p>\n<p style=\"text-align: justify\">Este escenario pre-electoral configura una correlaci\u00f3n de fuerzas equitativas que podr\u00eda dar el triunfo a cualquier alianza.<\/p>\n<p style=\"text-align: justify\">Sin embargo, los aspirantes de MORENA, dan la impresi\u00f3n de tener mayor peso pol\u00edtico, por las posiciones de poder que vienen detentando Omar Garc\u00eda Harfuch, Clara Brugada, Mario Delgado y Hugo L\u00f3pez-Gatell.<\/p>\n<p style=\"text-align: justify\">En la alianza opositora figuran: Santiago Taboada, L\u00eda Lim\u00f3n, Adri\u00e1n Ruvalcaba y Sandra Cuevas.<\/p>\n<p style=\"text-align: justify\">La elecci\u00f3n de la CDMX, ser\u00e1 la \u201cmadre de todas las batallas\u201d, debido al desgaste de poder que ha venido sufriendo la izquierda capitalina; infestada de <em>aspiracionistas<\/em> que no quieren que contin\u00fae el partido oficial.<\/p>\n<p><em>] S\u00edguenos en Facebook.com\/<a href=\"https:\/\/www.facebook.com\/acapulcopress\" target=\"_blank\" rel=\"noopener\">acapulcopress<\/a><\/em><br \/>\n<em>] S\u00edguenos en Facebook.com\/<a href=\"https:\/\/www.facebook.com\/angelblanco.press\" target=\"_blank\" rel=\"noopener\">angelblanco.press<\/a><\/em><\/p>\n","protected":false},"excerpt":{"rendered":"<p>Marem\u00e1gnum \u00bb RICARDO | CASTILLO BARRIENTOS ] Facebook ) Ricardo Castillo Barrientos La fat\u00eddica noche del 26 y 27 de septiembre de 2014, es una llaga viva que permanece abierta, latiendo, sin signos conducentes al esclarecimiento total de lo sucedido esa noche, con la desaparici\u00f3n de 43 j\u00f3venes normalistas, hasta ahora se desconoce su paradero&#8230;.<\/p>\n","protected":false},"author":2,"featured_media":1257212,"comment_status":"closed","ping_status":"closed","sticky":false,"template":"","format":"standard","meta":{"footnotes":""},"categories":[1972,2071,1991],"tags":[12503,15575],"class_list":["post-1257211","post","type-post","status-publish","format-standard","has-post-thumbnail","hentry","category-special","category-opinion-analisis-columnas","category-libertad-de-expresion","tag-maremagnum","tag-ricardo-castillo-barrientos"],"_links":{"self":[{"href":"https:\/\/www.acapulcopress.com\/index.php\/wp-json\/wp\/v2\/posts\/1257211","targetHints":{"allow":["GET"]}}],"collection":[{"href":"https:\/\/www.acapulcopress.com\/index.php\/wp-json\/wp\/v2\/posts"}],"about":[{"href":"https:\/\/www.acapulcopress.com\/index.php\/wp-json\/wp\/v2\/types\/post"}],"author":[{"embeddable":true,"href":"https:\/\/www.acapulcopress.com\/index.php\/wp-json\/wp\/v2\/users\/2"}],"replies":[{"embeddable":true,"href":"https:\/\/www.acapulcopress.com\/index.php\/wp-json\/wp\/v2\/comments?post=1257211"}],"version-history":[{"count":0,"href":"https:\/\/www.acapulcopress.com\/index.php\/wp-json\/wp\/v2\/posts\/1257211\/revisions"}],"wp:featuredmedia":[{"embeddable":true,"href":"https:\/\/www.acapulcopress.com\/index.php\/wp-json\/"}],"wp:attachment":[{"href":"https:\/\/www.acapulcopress.com\/index.php\/wp-json\/wp\/v2\/media?parent=1257211"}],"wp:term":[{"taxonomy":"category","embeddable":true,"href":"https:\/\/www.acapulcopress.com\/index.php\/wp-json\/wp\/v2\/categories?post=1257211"},{"taxonomy":"post_tag","embeddable":true,"href":"https:\/\/www.acapulcopress.com\/index.php\/wp-json\/wp\/v2\/tags?post=1257211"}],"curies":[{"name":"wp","href":"https:\/\/api.w.org\/{rel}","templated":true}]}}