{"id":1257218,"date":"2023-09-27T18:38:46","date_gmt":"2023-09-28T00:38:46","guid":{"rendered":"https:\/\/www.acapulcopress.com\/?p=1257218"},"modified":"2023-09-27T18:38:46","modified_gmt":"2023-09-28T00:38:46","slug":"carabina-24-30-la-sucesion-del-poder-11-claudia-en-guerrero","status":"publish","type":"post","link":"https:\/\/www.acapulcopress.com\/index.php\/2023\/09\/27\/carabina-24-30-la-sucesion-del-poder-11-claudia-en-guerrero\/","title":{"rendered":"Carabina 24-30 \/ La Sucesi\u00f3n del Poder 11 | Claudia en Guerrero"},"content":{"rendered":"<p style=\"text-align: justify\">Carabina 24-30<br \/>\n\u00bb <strong>RICARDO<\/strong> | <strong>CASTILLO BARRIENTOS<\/strong><br \/>\n<em>] Facebook ) <a href=\"https:\/\/www.facebook.com\/ricardocastill01\" target=\"_blank\" rel=\"noopener\">Ricardo Castillo Barrientos<\/a><\/em><\/p>\n<p style=\"text-align: justify\"><strong>CLAUDIA EN GUERRERO.-<\/strong> El domingo 1\u00ba. de octubre, la doctora Claudia Sheinbaum Pardo, viene a Guerrero en calidad de Coordinadora Nacional de los Comit\u00e9s de Defensa de la Cuarta Transformaci\u00f3n, previa a su designaci\u00f3n como candidata oficial de la alianza MORENA-PT-PVEM.<\/p>\n<p style=\"text-align: justify\">En reuni\u00f3n que celebrar\u00e1 en Chilpancingo, la aspirante presidencial ser\u00e1 informada del estado que guarda su instituto pol\u00edtico, relacionado con posiciones de poder que actualmente desempe\u00f1an: diputaciones, senadur\u00edas, alcald\u00edas, sindicaturas y regidur\u00edas.<\/p>\n<p style=\"text-align: justify\">Respecto a la estructura partidista, Sheinbaum podr\u00e1 constatar la inexistencia de comit\u00e9s municipales, inoperancia de comit\u00e9s seccionales e incipiente actividad del Comit\u00e9 Ejecutivo Estatal. Se est\u00e1 desarrollando una reestructuraci\u00f3n emergente, a efecto la Coordinadora Sheinbaum tome la protesta y convoque a intensificar tareas con miras a las elecciones del 2024, donde la alianza \u201cJuntos Hacemos Historia\u201d, la postular\u00e1 como candidata presidencial.<\/p>\n<p style=\"text-align: justify\">Con base a estos diagn\u00f3sticos y tareas proselitistas, la doctora Sheinbaum Pardo, establecer\u00e1 l\u00edneas de trabajo tendientes a transformar y reimpulsar toda la estructura partidista -relativamente adormilada- con el \u00e1nimo de afinar la maquinaria electoral guinda.<\/p>\n<p>Los preparativos y diagn\u00f3sticos est\u00e1n a cargo del experimentado y cercano colaborador de la ex Jefa de Gobierno, H\u00e9ctor Ulises Garc\u00eda Nieto, delegado de la Coordinadora Nacional de la Defensa de la 4T. En la fase de selecci\u00f3n interna coordin\u00f3 las tareas que dieron el triunfo a Claudia en la entidad, aunque los marcelistas afirman haber ganado.<\/p>\n<p style=\"text-align: justify\">En la inminente etapa de trabajo territorial, se reforzar\u00e1n comit\u00e9s seccionales en las colonias, barrios y comunidades donde no existan o no funcionen, para dar paso a visitas informativas casa por casa, sobre la personalidad, proyecto y visi\u00f3n de M\u00e9xico de Sheinbaum.<\/p>\n<p style=\"text-align: justify\">La aspirante a la Presidencia de M\u00e9xico, bajo el lema \u201cLa Esperanza nos Une\u201d, viene encontrar un partido unido, excepto algunos ebrardoristas, que no se han sumado a su candidatura. Ya lo hicieron simpatizantes de Ad\u00e1n Augusto, Monreal, Noro\u00f1a y Velasco.<\/p>\n<p>La gobernadora Evelyn Salgado Pineda y el senador F\u00e9lix Salgado Macedonio, deben sentirse satisfechos del triunfo arrollador de su candidata en el proceso interno de encuestas de Morena.<\/p>\n<p style=\"text-align: justify\">\u201cHaberle atinado o dar al clavo\u201d, como se dice coloquialmente, tiene gran valor pol\u00edtico, de otra manera, con resultados adversos, se corr\u00eda el riesgo de una probable defenestraci\u00f3n, quedando a salvo.<\/p>\n<p style=\"text-align: justify\"><strong>GUBERNATURAS QUE VIENEN.-<\/strong> El Comit\u00e9 Ejecutivo Nacional de MORENA, dio inicio con los registro de aspirantes a candidatos a gobernadores a la CDMX, Puebla, Morelos, Guanajuato, Jalisco, Veracruz, Tabasco, Chiapas y Yucat\u00e1n.<\/p>\n<p style=\"text-align: justify\">El m\u00e9todo de elecci\u00f3n ser\u00e1 por encuestas, como la presidencial, excepto que ahora no realizar\u00e1n compa\u00f1as pol\u00edticas de ning\u00fan tipo, tampoco necesitan pedir licencia, quienes busquen convertirse en coordinadores estatales de la 4T.<\/p>\n<p style=\"text-align: justify\">Se anticipa una batalla sin cuartel entre las huestes morenistas, como sucedi\u00f3 en el proceso que dej\u00f3 tirado a Marcelo Ebrard, quien no se resigna ni asimila la derrota, y sigue rumiando como fiera herida.<\/p>\n<p style=\"text-align: justify\"><strong>ENCUESTITIS.-<\/strong> Encuesta de la empresa Poligrama, levantada del 9 al 11 de septiembre: Claudia, 44.2%; X\u00f3chitl, 30.7%; Samuel Garc\u00eda de MC, 12.5%. El 12.6, no sabe o no respondi\u00f3.<\/p>\n<p style=\"text-align: justify\">Encuesta El Financiero levantada 25 y 26 de agosto: Claudia, 42%; X\u00f3chitl, 36%; Otro, 13%; No sabe o no responde 13%.<\/p>\n<p style=\"text-align: justify\">Con corte al 20 de septiembre la \u201cEncuesta de Encuestas\u201d de Polls.mx. Resultados por alianza: MORENA, PT, PVEM, 59%. PAN, PRI, PRD, 32%. Mc, 7%. Ventaja de 27 puntos de la alianza \u201cJuntos Hacemos Historia\u201d, sobre la alianza del \u201cFrente Amplio por M\u00e9xico\u201d.<\/p>\n<p style=\"text-align: justify\"><strong>\u00daLTIMA HORA.-<\/strong> Mitofsky desmiente encuesta \u201csuya\u201d, que da empate t\u00e9cnico del 48.7% de Claudia y el 47.9 de X\u00f3chitl. Result\u00f3 Fake.<\/p>\n<p style=\"text-align: justify\"><em>] S\u00edguenos en Facebook.com\/<a href=\"https:\/\/www.facebook.com\/acapulcopress\" target=\"_blank\" rel=\"noopener\">acapulcopress<\/a><\/em><br \/>\n<em>] S\u00edguenos en Facebook.com\/<a href=\"https:\/\/www.facebook.com\/angelblanco.press\" target=\"_blank\" rel=\"noopener\">angelblanco.press<\/a><\/em><\/p>\n","protected":false},"excerpt":{"rendered":"<p>Carabina 24-30 \u00bb RICARDO | CASTILLO BARRIENTOS ] Facebook ) Ricardo Castillo Barrientos CLAUDIA EN GUERRERO.- El domingo 1\u00ba. de octubre, la doctora Claudia Sheinbaum Pardo, viene a Guerrero en calidad de Coordinadora Nacional de los Comit\u00e9s de Defensa de la Cuarta Transformaci\u00f3n, previa a su designaci\u00f3n como candidata oficial de la alianza MORENA-PT-PVEM. En&#8230;<\/p>\n","protected":false},"author":2,"featured_media":1257219,"comment_status":"closed","ping_status":"closed","sticky":false,"template":"","format":"standard","meta":{"footnotes":""},"categories":[2071,1991],"tags":[5129,5853,12503,15575],"class_list":["post-1257218","post","type-post","status-publish","format-standard","has-post-thumbnail","hentry","category-opinion-analisis-columnas","category-libertad-de-expresion","tag-carabina-24-30","tag-claudia-sheinbaum-pardo","tag-maremagnum","tag-ricardo-castillo-barrientos"],"_links":{"self":[{"href":"https:\/\/www.acapulcopress.com\/index.php\/wp-json\/wp\/v2\/posts\/1257218","targetHints":{"allow":["GET"]}}],"collection":[{"href":"https:\/\/www.acapulcopress.com\/index.php\/wp-json\/wp\/v2\/posts"}],"about":[{"href":"https:\/\/www.acapulcopress.com\/index.php\/wp-json\/wp\/v2\/types\/post"}],"author":[{"embeddable":true,"href":"https:\/\/www.acapulcopress.com\/index.php\/wp-json\/wp\/v2\/users\/2"}],"replies":[{"embeddable":true,"href":"https:\/\/www.acapulcopress.com\/index.php\/wp-json\/wp\/v2\/comments?post=1257218"}],"version-history":[{"count":0,"href":"https:\/\/www.acapulcopress.com\/index.php\/wp-json\/wp\/v2\/posts\/1257218\/revisions"}],"wp:featuredmedia":[{"embeddable":true,"href":"https:\/\/www.acapulcopress.com\/index.php\/wp-json\/"}],"wp:attachment":[{"href":"https:\/\/www.acapulcopress.com\/index.php\/wp-json\/wp\/v2\/media?parent=1257218"}],"wp:term":[{"taxonomy":"category","embeddable":true,"href":"https:\/\/www.acapulcopress.com\/index.php\/wp-json\/wp\/v2\/categories?post=1257218"},{"taxonomy":"post_tag","embeddable":true,"href":"https:\/\/www.acapulcopress.com\/index.php\/wp-json\/wp\/v2\/tags?post=1257218"}],"curies":[{"name":"wp","href":"https:\/\/api.w.org\/{rel}","templated":true}]}}