{"id":1257223,"date":"2023-09-27T19:58:47","date_gmt":"2023-09-28T01:58:47","guid":{"rendered":"https:\/\/www.acapulcopress.com\/?p=1257223"},"modified":"2023-09-27T19:58:47","modified_gmt":"2023-09-28T01:58:47","slug":"anuncia-estado-historico-apoyo-a-transportistas","status":"publish","type":"post","link":"https:\/\/www.acapulcopress.com\/index.php\/2023\/09\/27\/anuncia-estado-historico-apoyo-a-transportistas\/","title":{"rendered":"Anuncia Estado hist\u00f3rico apoyo a transportistas"},"content":{"rendered":"<p style=\"text-align: justify\"><strong><em>* Gobierno de Evelyn Salgado dignificar\u00e1 el transporte en Acapulco, Taxco, Iguala, Chilpancingo y Zihuatanejo, mediante apoyos econ\u00f3micos a concesionarios para la renovaci\u00f3n de sus unidades de servicio p\u00fablico<\/em><\/strong><\/p>\n<p style=\"text-align: justify\">CHILPANCINGO * Septiembre 26, 2023.<br \/>\n<em>) Gobierno de Guerrero<\/em><br \/>\nEl Gobierno del Estado de Guerrero, a trav\u00e9s de la Secretar\u00eda General de Gobierno y la Secretar\u00eda de Fomento y Desarrollo Econ\u00f3mico, apertur\u00f3 el Programa de Apoyo para la <img loading=\"lazy\" decoding=\"async\" class=\"alignleft size-medium wp-image-1257227\" src=\"https:\/\/www.acapulcopress.com\/wp-content\/uploads\/2023\/09\/taxi2-375x667.jpg\" alt=\"\" width=\"375\" height=\"667\" \/>Sustituci\u00f3n de Veh\u00edculos del Servicio P\u00fablico de Transporte (Taxis) dirigido a concesionarios de los municipios de Taxco de Alarc\u00f3n, Iguala de la Independencia, Chilpancingo de los Bravo, Zihuatanejo de Azueta y Acapulco de Ju\u00e1rez.<\/p>\n<p style=\"text-align: justify\">Como una de las pol\u00edticas p\u00fablicas de la gobernadora <a href=\"https:\/\/www.facebook.com\/EvelynSalgadoP\" target=\"_blank\" rel=\"noopener\">Evelyn Salgado Pineda<\/a> para mejorar y dignificar el servicio de transporte p\u00fablico en Guerrero, se apoya a los concesionarios en la renovaci\u00f3n de las unidades que no cumplen con las condiciones para prestar el servicio a efecto de brindar a los ciudadanos un transporte p\u00fablico seguro, c\u00f3modo, accesible, eficiente y sostenible.<\/p>\n<p style=\"text-align: justify\">El Programa otorgar\u00e1, por \u00fanica vez, un apoyo econ\u00f3mico de $90,000.00 (Noventa mil pesos 00\/100 M. N.), para el enganche y\/o el pago inicial en la compra del veh\u00edculo, as\u00ed como un cr\u00e9dito en condiciones competitivas, para cubrir el saldo restante del veh\u00edculo, con la participaci\u00f3n de Nacional Financiera (NAFIN) e intermediarios financieros.<\/p>\n<p style=\"text-align: justify\">Esta la primera etapa del Programa se tienen programados 150 apoyos econ\u00f3micos, aplicando el criterio: Primero en tiempo, primero en derecho. Los interesados en sustituir sus unidades podr\u00e1n adquirir veh\u00edculos conforme a los lineamientos del Programa.<\/p>\n<p style=\"text-align: justify\">La solicitud de apoyo y los documentos se\u00f1alados como requisitos, deber\u00e1n enviarse al correo electr\u00f3nico <a href=\"mailto:mipymes.sefodeco@guerrero.gob.mx\" target=\"_blank\" rel=\"noopener\"><em>mipymes.sefodeco@guerrero.gob.mx<\/em><\/a> en archivo PDF por cada uno de los documentos enviados conforme a los requisitos de la convocatoria dada a conocer por las v\u00edas de comunicaci\u00f3n oficiales.<\/p>\n<p style=\"text-align: justify\">Cabe mencionar que el beneficiario del Programa quedar\u00e1 obligado a destinar el veh\u00edculo adquirido a la prestaci\u00f3n del servicio de transporte \u201cTaxi\u201d por un periodo no menor a cinco a\u00f1os. Asimismo, el veh\u00edculo sustituido no podr\u00e1 reincorporarse al servicio p\u00fablico de transporte en ninguna de sus\u00a0modalidades.<\/p>\n<p style=\"text-align: justify\"><img loading=\"lazy\" decoding=\"async\" class=\"alignnone wp-image-1257226 size-large\" src=\"https:\/\/www.acapulcopress.com\/wp-content\/uploads\/2023\/09\/taxi-840x473.jpg\" alt=\"\" width=\"696\" height=\"392\" \/><\/p>\n<p style=\"text-align: justify\"><em>] S\u00edguenos en Facebook.com\/<a href=\"https:\/\/www.facebook.com\/acapulcopress\" target=\"_blank\" rel=\"noopener\">acapulcopress<\/a><\/em><br \/>\n<em>] S\u00edguenos en Facebook.com\/<a href=\"https:\/\/www.facebook.com\/angelblanco.press\" target=\"_blank\" rel=\"noopener\">angelblanco.press<\/a><\/em><\/p>\n","protected":false},"excerpt":{"rendered":"<p>* Gobierno de Evelyn Salgado dignificar\u00e1 el transporte en Acapulco, Taxco, Iguala, Chilpancingo y Zihuatanejo, mediante apoyos econ\u00f3micos a concesionarios para la renovaci\u00f3n de sus unidades de servicio p\u00fablico CHILPANCINGO * Septiembre 26, 2023. ) Gobierno de Guerrero El Gobierno del Estado de Guerrero, a trav\u00e9s de la Secretar\u00eda General de Gobierno y la Secretar\u00eda&#8230;<\/p>\n","protected":false},"author":2,"featured_media":1257229,"comment_status":"closed","ping_status":"closed","sticky":false,"template":"","format":"standard","meta":{"footnotes":""},"categories":[1997],"tags":[8251],"class_list":["post-1257223","post","type-post","status-publish","format-standard","has-post-thumbnail","hentry","category-noticias-destacadas","tag-evelyn-salgado-pineda"],"_links":{"self":[{"href":"https:\/\/www.acapulcopress.com\/index.php\/wp-json\/wp\/v2\/posts\/1257223","targetHints":{"allow":["GET"]}}],"collection":[{"href":"https:\/\/www.acapulcopress.com\/index.php\/wp-json\/wp\/v2\/posts"}],"about":[{"href":"https:\/\/www.acapulcopress.com\/index.php\/wp-json\/wp\/v2\/types\/post"}],"author":[{"embeddable":true,"href":"https:\/\/www.acapulcopress.com\/index.php\/wp-json\/wp\/v2\/users\/2"}],"replies":[{"embeddable":true,"href":"https:\/\/www.acapulcopress.com\/index.php\/wp-json\/wp\/v2\/comments?post=1257223"}],"version-history":[{"count":0,"href":"https:\/\/www.acapulcopress.com\/index.php\/wp-json\/wp\/v2\/posts\/1257223\/revisions"}],"wp:featuredmedia":[{"embeddable":true,"href":"https:\/\/www.acapulcopress.com\/index.php\/wp-json\/"}],"wp:attachment":[{"href":"https:\/\/www.acapulcopress.com\/index.php\/wp-json\/wp\/v2\/media?parent=1257223"}],"wp:term":[{"taxonomy":"category","embeddable":true,"href":"https:\/\/www.acapulcopress.com\/index.php\/wp-json\/wp\/v2\/categories?post=1257223"},{"taxonomy":"post_tag","embeddable":true,"href":"https:\/\/www.acapulcopress.com\/index.php\/wp-json\/wp\/v2\/tags?post=1257223"}],"curies":[{"name":"wp","href":"https:\/\/api.w.org\/{rel}","templated":true}]}}