{"id":1257232,"date":"2023-09-27T21:30:27","date_gmt":"2023-09-28T03:30:27","guid":{"rendered":"https:\/\/www.acapulcopress.com\/?p=1257232"},"modified":"2023-09-27T21:30:27","modified_gmt":"2023-09-28T03:30:27","slug":"inauguro-gobernadora-segunda-edicion-del-festival-del-mezcal-guerrerense","status":"publish","type":"post","link":"https:\/\/www.acapulcopress.com\/index.php\/2023\/09\/27\/inauguro-gobernadora-segunda-edicion-del-festival-del-mezcal-guerrerense\/","title":{"rendered":"Inaugur\u00f3 Gobernadora Segunda Edici\u00f3n del Festival del Mezcal Guerrerense"},"content":{"rendered":"<p style=\"text-align: justify\">ACAPULCO * Septiembre 26, 2023.<br \/>\n<em>) Gobierno de Guerrero<\/em><br \/>\nLa gobernadora <a href=\"https:\/\/www.facebook.com\/EvelynSalgadoP\" target=\"_blank\" rel=\"noopener\">Evelyn Salgado Pineda<\/a> inaugur\u00f3 la segunda edici\u00f3n del Festival del Mezcal Guerrerense, en donde a trav\u00e9s de una serie de acciones se apoyan a las y los productores <img loading=\"lazy\" decoding=\"async\" class=\"alignleft size-medium wp-image-1257233\" src=\"https:\/\/www.acapulcopress.com\/wp-content\/uploads\/2023\/09\/IMG-20230927-WA0016-375x250.jpg\" alt=\"\" width=\"375\" height=\"250\" \/>de mezcal en la entidad, dando un nuevo impulso a esta actividad que representa parte de la tradici\u00f3n y cultura de Guerrero.<\/p>\n<p style=\"text-align: justify\">\u201cSe trata de una iniciativa estrat\u00e9gica que nace desde el coraz\u00f3n de este gobierno, que busca dar reconocimiento, pero adem\u00e1s apoyo a las valiosas mujeres y hombres que son productoras y productores de mezcal. Cada uno de ustedes, con sus manos laboriosas y con ese esp\u00edritu incansable, construyen el legado cultural de Guerrero\u201d, explic\u00f3 la mandataria.<\/p>\n<p style=\"text-align: justify\">Acompa\u00f1ada por la titular de la Secretar\u00eda de Fomento y Desarrollo Econ\u00f3mico (Sefodeco) del estado, Teodora Ram\u00edrez Vega, la jefa del Ejecutivo estatal enfatiz\u00f3 que la producci\u00f3n de mezcal, es una tradici\u00f3n e historia con gran arraigo. Y agreg\u00f3: \u201cHoy en todo M\u00e9xico va a <img loading=\"lazy\" decoding=\"async\" class=\"alignleft size-medium wp-image-1257235\" src=\"https:\/\/www.acapulcopress.com\/wp-content\/uploads\/2023\/09\/IMG-20230927-WA0019-375x250.jpg\" alt=\"\" width=\"375\" height=\"250\" \/>ser reconocido el mezcal guerrerense, que representa una parte fundamental de nuestra identidad. Es el recuerdo de generaciones pasadas, el testimonio vivo y la riqueza de nuestra tierra, es el motivo de orgullo de decir que Guerrero es uno de los principales bastiones de la producci\u00f3n de esta bebida tan tradicional de nuestro pa\u00eds\u201d.<\/p>\n<p style=\"text-align: justify\">Explic\u00f3 que en el festival participan 27 marcas de mezcal, pertenecientes a las diferentes regiones de la entidad, promoviendo la trascendencia cultural de esta actividad, entrelazando m\u00e1gicamente con las costumbres, con las fiestas y tradiciones. Al mismo tiempo, refrend\u00f3 su compromiso con la industria mezcalera para seguirla impulsando.<\/p>\n<p style=\"text-align: justify\">En tanto que la titular de Sefodeco destac\u00f3 que en Guerrero se producen al a\u00f1o m\u00e1s de un <img loading=\"lazy\" decoding=\"async\" class=\"alignleft size-medium wp-image-1257234\" src=\"https:\/\/www.acapulcopress.com\/wp-content\/uploads\/2023\/09\/IMG-20230927-WA0017-375x250.jpg\" alt=\"\" width=\"375\" height=\"250\" \/>mill\u00f3n 300 mil litros de mezcal, que representa una importante actividad econ\u00f3mica en decenas de comunidades en la entidad, generando empleo e ingresos para cientos de guerrerenses. Por ello, desde el gobierno que encabeza Evelyn Salgado Pineda, se orienta una pol\u00edtica p\u00fablica enfocada a incrementar el volumen de nivel de mezcal certificado, para mejorar las condiciones competitivas en cuanto a calidad y precio.<\/p>\n<p style=\"text-align: justify\">Para ello, desde el inicio de la actual administraci\u00f3n, se han certificado a 21 productores de las distintas regiones y para este a\u00f1o, se encuentran 21 m\u00e1s en proceso de recibirla.<\/p>\n<p style=\"text-align: justify\">\u201cEste festival forma parte de la estrategia que usted nos ha indicado y que representa la oportunidad para que los beneficiarios de este programa, promuevan la comercializaci\u00f3n de sus mezcales, garantizando al consumidor, autenticidad, calidad, tradici\u00f3n y cultura. En esta segunda edici\u00f3n, los visitantes podr\u00e1n adquirir las diferentes clases de mezcal, artesan\u00edas, productos agroindustriales y gastronom\u00eda de las ocho regiones\u201d, explic\u00f3.<\/p>\n<p style=\"text-align: justify\">Por otra parte, la presidenta del Consejo de Administraci\u00f3n de la Sociedad de Producci\u00f3n Rural El Mezontle, Rosa Elba Jim\u00e9nez Jim\u00e9nez dijo que en tan s\u00f3lo dos a\u00f1os de la administraci\u00f3n de la gobernadora Evelyn Salgado Pineda, se logr\u00f3 un gran avance en materia de certificaci\u00f3n, generando beneficios a las diversas comunidades mezcaleras, que por d\u00e9cadas hab\u00edan estado abandonadas.<\/p>\n<p style=\"text-align: justify\">\u201cCon este tipo de programas, para el 2025, se lograr\u00e1 superar lo que en 28 a\u00f1os se hizo para las familias mezcaleras; gracias infinitas, gracias por estas pol\u00edticas p\u00fablicas a favor de su gente\u201d, a\u00f1adi\u00f3.<\/p>\n<p style=\"text-align: justify\"><em>] S\u00edguenos en Facebook.com\/<a href=\"https:\/\/www.facebook.com\/acapulcopress\" target=\"_blank\" rel=\"noopener\">acapulcopress<\/a><\/em><br \/>\n<em>] S\u00edguenos en Facebook.com\/<a href=\"https:\/\/www.facebook.com\/angelblanco.press\" target=\"_blank\" rel=\"noopener\">angelblanco.press<\/a><\/em><\/p>\n","protected":false},"excerpt":{"rendered":"<p>ACAPULCO * Septiembre 26, 2023. ) Gobierno de Guerrero La gobernadora Evelyn Salgado Pineda inaugur\u00f3 la segunda edici\u00f3n del Festival del Mezcal Guerrerense, en donde a trav\u00e9s de una serie de acciones se apoyan a las y los productores de mezcal en la entidad, dando un nuevo impulso a esta actividad que representa parte de&#8230;<\/p>\n","protected":false},"author":2,"featured_media":1257236,"comment_status":"closed","ping_status":"closed","sticky":false,"template":"","format":"standard","meta":{"footnotes":""},"categories":[1972,2058,1988],"tags":[8251,8576],"class_list":["post-1257232","post","type-post","status-publish","format-standard","has-post-thumbnail","hentry","category-special","category-festivales-y-tradiciones","category-lifestyles","tag-evelyn-salgado-pineda","tag-festival-del-mezcal-guerrerense"],"_links":{"self":[{"href":"https:\/\/www.acapulcopress.com\/index.php\/wp-json\/wp\/v2\/posts\/1257232","targetHints":{"allow":["GET"]}}],"collection":[{"href":"https:\/\/www.acapulcopress.com\/index.php\/wp-json\/wp\/v2\/posts"}],"about":[{"href":"https:\/\/www.acapulcopress.com\/index.php\/wp-json\/wp\/v2\/types\/post"}],"author":[{"embeddable":true,"href":"https:\/\/www.acapulcopress.com\/index.php\/wp-json\/wp\/v2\/users\/2"}],"replies":[{"embeddable":true,"href":"https:\/\/www.acapulcopress.com\/index.php\/wp-json\/wp\/v2\/comments?post=1257232"}],"version-history":[{"count":0,"href":"https:\/\/www.acapulcopress.com\/index.php\/wp-json\/wp\/v2\/posts\/1257232\/revisions"}],"wp:featuredmedia":[{"embeddable":true,"href":"https:\/\/www.acapulcopress.com\/index.php\/wp-json\/"}],"wp:attachment":[{"href":"https:\/\/www.acapulcopress.com\/index.php\/wp-json\/wp\/v2\/media?parent=1257232"}],"wp:term":[{"taxonomy":"category","embeddable":true,"href":"https:\/\/www.acapulcopress.com\/index.php\/wp-json\/wp\/v2\/categories?post=1257232"},{"taxonomy":"post_tag","embeddable":true,"href":"https:\/\/www.acapulcopress.com\/index.php\/wp-json\/wp\/v2\/tags?post=1257232"}],"curies":[{"name":"wp","href":"https:\/\/api.w.org\/{rel}","templated":true}]}}