{"id":1257239,"date":"2023-09-27T21:59:41","date_gmt":"2023-09-28T03:59:41","guid":{"rendered":"https:\/\/www.acapulcopress.com\/?p=1257239"},"modified":"2023-09-27T21:59:41","modified_gmt":"2023-09-28T03:59:41","slug":"plantea-dip-mojica-reforma-educativa-para-establecer-beca-universal-en-nivel-basico","status":"publish","type":"post","link":"https:\/\/www.acapulcopress.com\/index.php\/2023\/09\/27\/plantea-dip-mojica-reforma-educativa-para-establecer-beca-universal-en-nivel-basico\/","title":{"rendered":"Plantea Dip. Mojica reforma educativa para establecer beca universal en nivel b\u00e1sico"},"content":{"rendered":"<p style=\"text-align: justify\">CHILPANCINGO * Septiembre 26, 2023.<br \/>\n<em>) Congreso de Guerrero\u00a0<\/em><br \/>\nLa diputada <a href=\"https:\/\/www.facebook.com\/BeatrizMojicaM\" target=\"_blank\" rel=\"noopener\">Beatriz Mojica Morga<\/a> propuso reformar la Ley de Educaci\u00f3n del Estado para establecer el derecho a una beca universal en favor de las ni\u00f1as y ni\u00f1os de los niveles prescolar, primaria y secundaria, que les permita la permanencia, el desarrollo y la terminaci\u00f3n de la educaci\u00f3n b\u00e1sica.<\/p>\n<p style=\"text-align: justify\">En su propuesta, la legisladora destaca que uno de los principales factores de deserci\u00f3n escolar en Guerrero fue la pandemia de Covid-19, que dej\u00f3 vulnerables a muchas familias, quienes dejaron de llevar a sus hijos a la escuela por falta de recurso econ\u00f3micos.<\/p>\n<p style=\"text-align: justify\">\u201cComo sociedad y como representantes populares debemos ver que la situaci\u00f3n de rezago educativo afecta principalmente a la infancia, perturba su vida, limita su desarrollo y elimina su crecimiento, por lo que la propuesta de crear y entregar una beca universal desde el nivel prescolar y hasta la secundaria, disminuir\u00e1 las condiciones cr\u00edticas de situaci\u00f3n personal y familiar, para la continuaci\u00f3n de sus estudios\u201d, resalt\u00f3.<\/p>\n<p style=\"text-align: justify\">En relaci\u00f3n con lo anterior, expuso que hay ejemplos exitosos en el pa\u00eds, como \u201cMi beca para empezar\u201d de la Ciudad de M\u00e9xico, programa que inici\u00f3 en 2019 y ya fue reconocido por la UNICEF, mismo que se puede replicar en Guerrero para ayudar a disminuir las brechas de desigualdad infantil, fortalecer el ingreso de las familias y erradicar la deserci\u00f3n escolar.<\/p>\n<p style=\"text-align: justify\">A\u00f1adi\u00f3 que la educaci\u00f3n es un derecho humano fundamental y puede ser garantizado a trav\u00e9s de un sistema de becas, lo cual no implica un gasto, sino una gran inversi\u00f3n para el futuro del estado.<\/p>\n<p style=\"text-align: justify\">\u201cSi queremos que nuestra sociedad progrese, es necesario invertir en la educaci\u00f3n de las ni\u00f1as y ni\u00f1os de Guerrero\u201d, enfatiz\u00f3.<\/p>\n<p style=\"text-align: justify\">De aprobarse esta propuesta, indic\u00f3 Mojica Morga, se estar\u00eda beneficiando a 790 mil 529 alumnos que cursan desde el nivel prescolar hasta la secundaria en el sistema p\u00fablico, coadyuvando a reducir la delincuencia y la violencia, mejorar las aptitudes de las ni\u00f1as y los ni\u00f1os, y conducirlos a mejores niveles en su vida profesional futura.<\/p>\n<p style=\"text-align: justify\"><em>] S\u00edguenos en Facebook.com\/<a href=\"https:\/\/www.facebook.com\/acapulcopress\" target=\"_blank\" rel=\"noopener\">acapulcopress<\/a><\/em><br \/>\n<em>] S\u00edguenos en Facebook.com\/<a href=\"https:\/\/www.facebook.com\/angelblanco.press\" target=\"_blank\" rel=\"noopener\">angelblanco.press<\/a><\/em><br \/>\n<em>] S\u00edguenos en ) acapulcopress.com<\/em><\/p>\n","protected":false},"excerpt":{"rendered":"<p>CHILPANCINGO * Septiembre 26, 2023. ) Congreso de Guerrero\u00a0 La diputada Beatriz Mojica Morga propuso reformar la Ley de Educaci\u00f3n del Estado para establecer el derecho a una beca universal en favor de las ni\u00f1as y ni\u00f1os de los niveles prescolar, primaria y secundaria, que les permita la permanencia, el desarrollo y la terminaci\u00f3n de&#8230;<\/p>\n","protected":false},"author":2,"featured_media":1257241,"comment_status":"closed","ping_status":"closed","sticky":false,"template":"","format":"standard","meta":{"footnotes":""},"categories":[61,18561],"tags":[],"class_list":["post-1257239","post","type-post","status-publish","format-standard","has-post-thumbnail","hentry","category-legislacion","category-society-politics"],"_links":{"self":[{"href":"https:\/\/www.acapulcopress.com\/index.php\/wp-json\/wp\/v2\/posts\/1257239","targetHints":{"allow":["GET"]}}],"collection":[{"href":"https:\/\/www.acapulcopress.com\/index.php\/wp-json\/wp\/v2\/posts"}],"about":[{"href":"https:\/\/www.acapulcopress.com\/index.php\/wp-json\/wp\/v2\/types\/post"}],"author":[{"embeddable":true,"href":"https:\/\/www.acapulcopress.com\/index.php\/wp-json\/wp\/v2\/users\/2"}],"replies":[{"embeddable":true,"href":"https:\/\/www.acapulcopress.com\/index.php\/wp-json\/wp\/v2\/comments?post=1257239"}],"version-history":[{"count":0,"href":"https:\/\/www.acapulcopress.com\/index.php\/wp-json\/wp\/v2\/posts\/1257239\/revisions"}],"wp:featuredmedia":[{"embeddable":true,"href":"https:\/\/www.acapulcopress.com\/index.php\/wp-json\/"}],"wp:attachment":[{"href":"https:\/\/www.acapulcopress.com\/index.php\/wp-json\/wp\/v2\/media?parent=1257239"}],"wp:term":[{"taxonomy":"category","embeddable":true,"href":"https:\/\/www.acapulcopress.com\/index.php\/wp-json\/wp\/v2\/categories?post=1257239"},{"taxonomy":"post_tag","embeddable":true,"href":"https:\/\/www.acapulcopress.com\/index.php\/wp-json\/wp\/v2\/tags?post=1257239"}],"curies":[{"name":"wp","href":"https:\/\/api.w.org\/{rel}","templated":true}]}}