{"id":1257245,"date":"2023-09-27T22:44:51","date_gmt":"2023-09-28T04:44:51","guid":{"rendered":"https:\/\/www.acapulcopress.com\/?p=1257245"},"modified":"2023-09-27T22:44:51","modified_gmt":"2023-09-28T04:44:51","slug":"trabajo-institucionalidad-y-desarrollo-academico-ofrece-saldana-en-nueva-etapa-como-rector-de-uagro","status":"publish","type":"post","link":"https:\/\/www.acapulcopress.com\/index.php\/2023\/09\/27\/trabajo-institucionalidad-y-desarrollo-academico-ofrece-saldana-en-nueva-etapa-como-rector-de-uagro\/","title":{"rendered":"Trabajo, institucionalidad y desarrollo acad\u00e9mico ofrece Salda\u00f1a en nueva etapa como Rector de UAGro"},"content":{"rendered":"<p style=\"text-align: justify\">ACAPULCO * Septiembre 26, 2023.<br \/>\n<em>) Acapulco Press<\/em><\/p>\n<p style=\"text-align: justify\">Al rendir protesta por tercera ocasi\u00f3n como Rector de la Universidad Aut\u00f3noma de Guerrero <img loading=\"lazy\" decoding=\"async\" class=\"alignleft size-medium wp-image-1257248\" src=\"https:\/\/www.acapulcopress.com\/wp-content\/uploads\/2023\/09\/EVELYN.SALDANA3-375x250.jpg\" alt=\"\" width=\"375\" height=\"250\" \/>(UAGro) para el periodo 2023-2027, en solemne del Consejo Universitario y ante la Gobernadora <a href=\"https:\/\/www.facebook.com\/EvelynSalgadoP\" target=\"_blank\" rel=\"noopener\">Evelyn Salgado Pineda<\/a> como invitada de honor, <a href=\"https:\/\/www.facebook.com\/JavSaldana\" target=\"_blank\" rel=\"noopener\">Javier Salda\u00f1a Almaz\u00e1n<\/a> se comprometi\u00f3 ante la comunidad universitario a trabajar sin restricciones y sin reservas \u00abpara mantener la estabilidad institucional, impulsar el desarrollo acad\u00e9mico y abonar a la paz y la inclusi\u00f3n social en el estado de Guerrero\u00bb.<\/p>\n<p style=\"text-align: justify\">En su intervenci\u00f3n, la mandataria estatal expres\u00f3 su respeto a la &#8216;M\u00e1xima Casa de Estudios de Guerrero&#8217;, a quien reconoci\u00f3 como una instituci\u00f3n \u00abfuerte, noble, solidaria y gran aliada\u00bb. Por tal motivo, ofreci\u00f3 todo su apoyo al rector Salda\u00f1a, promoviendo siempre la conjunci\u00f3n de esfuerzos a favor de los guerrerenses.<\/p>\n<p style=\"text-align: justify\">\u00abCuenta con todo el apoyo del Gobierno del Estado para lograrlo; seremos sus aliados para <img loading=\"lazy\" decoding=\"async\" class=\"alignleft size-medium wp-image-1257255\" src=\"https:\/\/www.acapulcopress.com\/wp-content\/uploads\/2023\/09\/saldana-375x250.jpg\" alt=\"\" width=\"375\" height=\"250\" \/>consolidar la transformaci\u00f3n de la Universidad y mantendremos, como siempre, una relaci\u00f3n respetuosa, fraterna y sobre todo, una relaci\u00f3n de perfecta coordinaci\u00f3n y de trabajo porque (usted) es tambi\u00e9n un hombre de territorio\u00bb, complement\u00f3 la gobernadora.<\/p>\n<p style=\"text-align: justify\">Ante consejeros, autoridades educativas, docentes, personal administrativo, alumnos e invitados especiales, Evelyn Salgado confi\u00f3 en que la UAGro seguir\u00e1 consolid\u00e1ndose como una de las mejores instituciones de nivel superior del pa\u00eds.<\/p>\n<p style=\"text-align: justify\">En respuesta, Salda\u00f1a Almaz\u00e1n reconoci\u00f3 la labor de la gobernadora Evelyn Salgado a favor de Guerrero y le ofreci\u00f3 su \u00abrespaldo, compromiso y trabajo\u00bb conjunto.<\/p>\n<p style=\"text-align: justify\"><img loading=\"lazy\" decoding=\"async\" class=\"alignnone wp-image-1257248 size-large\" src=\"https:\/\/www.acapulcopress.com\/wp-content\/uploads\/2023\/09\/EVELYN.SALDANA3-840x560.jpg\" alt=\"\" width=\"696\" height=\"464\" \/><\/p>\n<p style=\"text-align: justify\"><em>] S\u00edguenos en Facebook.com\/<a href=\"https:\/\/www.facebook.com\/acapulcopress\" target=\"_blank\" rel=\"noopener\">acapulcopress<\/a><\/em><br \/>\n<em>] S\u00edguenos en Facebook.com\/<a href=\"https:\/\/www.facebook.com\/angelblanco.press\" target=\"_blank\" rel=\"noopener\">angelblanco.press<\/a><\/em><\/p>\n","protected":false},"excerpt":{"rendered":"<p>ACAPULCO * Septiembre 26, 2023. ) Acapulco Press Al rendir protesta por tercera ocasi\u00f3n como Rector de la Universidad Aut\u00f3noma de Guerrero (UAGro) para el periodo 2023-2027, en solemne del Consejo Universitario y ante la Gobernadora Evelyn Salgado Pineda como invitada de honor, Javier Salda\u00f1a Almaz\u00e1n se comprometi\u00f3 ante la comunidad universitario a trabajar sin&#8230;<\/p>\n","protected":false},"author":2,"featured_media":1257253,"comment_status":"closed","ping_status":"closed","sticky":false,"template":"","format":"standard","meta":{"footnotes":""},"categories":[1972,18561,2016],"tags":[8251,10644,17610],"class_list":["post-1257245","post","type-post","status-publish","format-standard","has-post-thumbnail","hentry","category-special","category-society-politics","category-uagro-society-politics","tag-evelyn-salgado-pineda","tag-javier-saldana-almazan","tag-universidad-autonoma-de-guerrero-uagro"],"_links":{"self":[{"href":"https:\/\/www.acapulcopress.com\/index.php\/wp-json\/wp\/v2\/posts\/1257245","targetHints":{"allow":["GET"]}}],"collection":[{"href":"https:\/\/www.acapulcopress.com\/index.php\/wp-json\/wp\/v2\/posts"}],"about":[{"href":"https:\/\/www.acapulcopress.com\/index.php\/wp-json\/wp\/v2\/types\/post"}],"author":[{"embeddable":true,"href":"https:\/\/www.acapulcopress.com\/index.php\/wp-json\/wp\/v2\/users\/2"}],"replies":[{"embeddable":true,"href":"https:\/\/www.acapulcopress.com\/index.php\/wp-json\/wp\/v2\/comments?post=1257245"}],"version-history":[{"count":0,"href":"https:\/\/www.acapulcopress.com\/index.php\/wp-json\/wp\/v2\/posts\/1257245\/revisions"}],"wp:featuredmedia":[{"embeddable":true,"href":"https:\/\/www.acapulcopress.com\/index.php\/wp-json\/"}],"wp:attachment":[{"href":"https:\/\/www.acapulcopress.com\/index.php\/wp-json\/wp\/v2\/media?parent=1257245"}],"wp:term":[{"taxonomy":"category","embeddable":true,"href":"https:\/\/www.acapulcopress.com\/index.php\/wp-json\/wp\/v2\/categories?post=1257245"},{"taxonomy":"post_tag","embeddable":true,"href":"https:\/\/www.acapulcopress.com\/index.php\/wp-json\/wp\/v2\/tags?post=1257245"}],"curies":[{"name":"wp","href":"https:\/\/api.w.org\/{rel}","templated":true}]}}