{"id":1257282,"date":"2023-09-28T19:35:32","date_gmt":"2023-09-29T01:35:32","guid":{"rendered":"https:\/\/www.acapulcopress.com\/?p=1257282"},"modified":"2023-09-28T19:35:32","modified_gmt":"2023-09-29T01:35:32","slug":"aifa-ahora-tambien-es-pasarela-de-moda","status":"publish","type":"post","link":"https:\/\/www.acapulcopress.com\/index.php\/2023\/09\/28\/aifa-ahora-tambien-es-pasarela-de-moda\/","title":{"rendered":"El AIFA ahora tambi\u00e9n es &#8216;pasarela de moda&#8217;"},"content":{"rendered":"<p style=\"text-align: justify\">CIUDAD DE M\u00c9XICO * Septiembre 28, 2023.<br \/>\n<em>) <a href=\"https:\/\/www.infobae.com\/mexico\/2023\/09\/28\/el-aifa-se-convierte-en-pasarela-de-moda-disenador-victor-barragan-presenta-coleccion-al-interior-del-aeropuerto\/\" target=\"_blank\" rel=\"noopener\">Infobae<\/a><\/em><br \/>\nEl<a href=\"https:\/\/www.facebook.com\/AeropuertoAIFA\" target=\"_blank\" rel=\"noopener\"> Aeropuerto Internacional Felipe \u00c1ngeles<\/a> (AIFA) se convirti\u00f3 en una pasarela de modas. Durante la tarde y noche del mi\u00e9rcoles, la marca Barrag\u00e1n utiliz\u00f3 como escenario el megaproyecto del presidente <a href=\"https:\/\/www.facebook.com\/lopezobrador.org.mx\" target=\"_blank\" rel=\"noopener\">Andr\u00e9s Manuel L\u00f3pez Obrador<\/a> para presentar su m\u00e1s reciente colecci\u00f3n de ropa: SS24.<\/p>\n<p style=\"text-align: justify\">Un video publicado en Instagram a trav\u00e9s de la cuenta oficial de Barrag\u00e1n evidenci\u00f3 que la pasarela dur\u00f3 alrededor de 30 minutos, sin embargo, se desconoce la hora exacta en la que fue realizada.<\/p>\n<p style=\"text-align: justify\">Aunque el aeropuerto cuenta con distintas zonas, el dise\u00f1ador V\u00edctor Barrag\u00e1n, due\u00f1o de la marca, decidi\u00f3 utilizar una de las bandas el\u00e9ctricas para que sus 50 modelos desfilaran frente a los invitados y las c\u00e1maras.<\/p>\n<p style=\"text-align: justify\">En la grabaci\u00f3n se observa a personal de seguridad del aeropuerto, quienes se comunican a trav\u00e9s de las cl\u00e1sicas radios de seguridad. \u201cYa estamos de este lado\u201d, se escucha decir a una mujer previo a que la pasarela arranque.<\/p>\n<p style=\"text-align: justify\">Seg\u00fan refiri\u00f3 el portal Latinus, durante el evento estuvo presente uno de los amigos de Andr\u00e9s L\u00f3pez Beltr\u00e1n, hijo del mandatario federal, quien presuntamente comparti\u00f3 fotograf\u00edas de algunos modelos en sus redes sociales.<\/p>\n<p style=\"text-align: justify\"><strong>\u00bfQui\u00e9n es V\u00edctor Barrag\u00e1n?<\/strong><\/p>\n<p style=\"text-align: justify\">De acuerdo con la revista Vogue, V\u00edctor Barrag\u00e1n es un dise\u00f1ador de modas originario de la Ciudad de M\u00e9xico.<\/p>\n<p style=\"text-align: justify\">El joven mexicano estudi\u00f3 Dise\u00f1o Industrial en la Universidad Nacional Aut\u00f3noma de M\u00e9xico (UNAM) y posteriormente fundo la firma Barrag\u00e1n en 2024, la cual tiene sede en Nueva York, Estados Unidos.<\/p>\n<p style=\"text-align: justify\">Algunos de sus dise\u00f1os b\u00e1sicos van desde los 25 d\u00f3lares y alcanzan hasta los 775 d\u00f3lares -13 mil 653 pesos mexicanos-, como es el caso de un pantal\u00f3n tipo cargo que se puede consultar en su p\u00e1gina web.<\/p>\n<p style=\"text-align: justify\">Vogue tambi\u00e9n refiri\u00f3 que el objetivo Barrag\u00e1n es retratar la cultura mexicana a trav\u00e9s de sus dise\u00f1os, por lo que toma como inspiraci\u00f3n a las tribus urbanas.<\/p>\n<p style=\"text-align: justify\">Aunque su estilo ha sido cuestionado, algunos de sus modelos han llamado la atenci\u00f3n de celebridades y artistas internacionales, como Kim Kardashian, quien hace dos a\u00f1os luci\u00f3 un vestido en color blanco de la pasarela de oto\u00f1o de 2020 durante una visita al Vaticano.<\/p>\n<p style=\"text-align: justify\"><strong>Usuarios criticaron al AIFA por permitir pasarela<br \/>\n<\/strong><br \/>\nTras darse a conocer la situaci\u00f3n, decenas de usuarios se lanzaron contra la direcci\u00f3n del AIFA por prestar las instalaciones aeroportuarias, mientras que otros tantos lo tomaron con gracia.<\/p>\n<p style=\"text-align: justify\">\u201cEs un honor estar con Obrador, AMLO viste Barrag\u00e1n\u201d, se lee en un comentario al que la marca le dio \u2018me gusta\u2019.<\/p>\n<p style=\"text-align: justify\">\u201cNada m\u00e1s para eso sirve el AIFA\u201d, \u201cQu\u00e9 rid\u00edculo\u201d, \u201cQu\u00e9 bueno que se use el aeropuerto\u201d y \u201cMe encanta la propuesta\u201d son otras de las opiniones que circulan en redes sociales como Instagram y X.<\/p>\n<div style=\"width: 720px;\" class=\"wp-video\"><video class=\"wp-video-shortcode\" id=\"video-1257282-1\" width=\"720\" height=\"1276\" preload=\"metadata\" controls=\"controls\"><source type=\"video\/mp4\" src=\"https:\/\/www.acapulcopress.com\/wp-content\/uploads\/2023\/09\/BARRAGAN-AIFA.mp4?_=1\" \/><a href=\"https:\/\/www.acapulcopress.com\/wp-content\/uploads\/2023\/09\/BARRAGAN-AIFA.mp4\">https:\/\/www.acapulcopress.com\/wp-content\/uploads\/2023\/09\/BARRAGAN-AIFA.mp4<\/a><\/video><\/div>\n<p style=\"text-align: justify\"><em>] S\u00edguenos en Facebook.com\/<a href=\"https:\/\/www.facebook.com\/acapulcopress\" target=\"_blank\" rel=\"noopener\">acapulcopress<\/a><\/em><br \/>\n<em>] S\u00edguenos en Facebook.com\/<a href=\"https:\/\/www.facebook.com\/angelblanco.press\" target=\"_blank\" rel=\"noopener\">angelblanco.press<\/a><\/em><\/p>\n","protected":false},"excerpt":{"rendered":"<p>CIUDAD DE M\u00c9XICO * Septiembre 28, 2023. ) Infobae El Aeropuerto Internacional Felipe \u00c1ngeles (AIFA) se convirti\u00f3 en una pasarela de modas. Durante la tarde y noche del mi\u00e9rcoles, la marca Barrag\u00e1n utiliz\u00f3 como escenario el megaproyecto del presidente Andr\u00e9s Manuel L\u00f3pez Obrador para presentar su m\u00e1s reciente colecci\u00f3n de ropa: SS24. Un video publicado&#8230;<\/p>\n","protected":false},"author":2,"featured_media":1257284,"comment_status":"closed","ping_status":"closed","sticky":false,"template":"","format":"standard","meta":{"footnotes":""},"categories":[1972,1988,1992],"tags":[3326,3896,4592],"class_list":["post-1257282","post","type-post","status-publish","format-standard","has-post-thumbnail","hentry","category-special","category-lifestyles","category-pasarelas","tag-aeropuerto-internacional-felipe-angeles-aifa","tag-andres-manuel-lopez-obrador","tag-barragan-ss24"],"_links":{"self":[{"href":"https:\/\/www.acapulcopress.com\/index.php\/wp-json\/wp\/v2\/posts\/1257282","targetHints":{"allow":["GET"]}}],"collection":[{"href":"https:\/\/www.acapulcopress.com\/index.php\/wp-json\/wp\/v2\/posts"}],"about":[{"href":"https:\/\/www.acapulcopress.com\/index.php\/wp-json\/wp\/v2\/types\/post"}],"author":[{"embeddable":true,"href":"https:\/\/www.acapulcopress.com\/index.php\/wp-json\/wp\/v2\/users\/2"}],"replies":[{"embeddable":true,"href":"https:\/\/www.acapulcopress.com\/index.php\/wp-json\/wp\/v2\/comments?post=1257282"}],"version-history":[{"count":0,"href":"https:\/\/www.acapulcopress.com\/index.php\/wp-json\/wp\/v2\/posts\/1257282\/revisions"}],"wp:featuredmedia":[{"embeddable":true,"href":"https:\/\/www.acapulcopress.com\/index.php\/wp-json\/"}],"wp:attachment":[{"href":"https:\/\/www.acapulcopress.com\/index.php\/wp-json\/wp\/v2\/media?parent=1257282"}],"wp:term":[{"taxonomy":"category","embeddable":true,"href":"https:\/\/www.acapulcopress.com\/index.php\/wp-json\/wp\/v2\/categories?post=1257282"},{"taxonomy":"post_tag","embeddable":true,"href":"https:\/\/www.acapulcopress.com\/index.php\/wp-json\/wp\/v2\/tags?post=1257282"}],"curies":[{"name":"wp","href":"https:\/\/api.w.org\/{rel}","templated":true}]}}