{"id":1257289,"date":"2023-09-28T20:08:01","date_gmt":"2023-09-29T02:08:01","guid":{"rendered":"https:\/\/www.acapulcopress.com\/?p=1257289"},"modified":"2023-09-28T20:08:01","modified_gmt":"2023-09-29T02:08:01","slug":"guerrero-santuario-de-las-libertades-y-la-justicia-evelyn-salgado","status":"publish","type":"post","link":"https:\/\/www.acapulcopress.com\/index.php\/2023\/09\/28\/guerrero-santuario-de-las-libertades-y-la-justicia-evelyn-salgado\/","title":{"rendered":"Guerrero, santuario de las libertades y la justicia | Evelyn Salgado"},"content":{"rendered":"<p style=\"text-align: justify\">ACAPULCO * Septiembre 28, 2023.<br \/>\n<em>) Gobierno de Guerrero<\/em><br \/>\nAl inaugurar el Congreso Internacional 75 aniversario de la Declaraci\u00f3n Universal de los <img loading=\"lazy\" decoding=\"async\" class=\"alignleft size-medium wp-image-1257296\" src=\"https:\/\/www.acapulcopress.com\/wp-content\/uploads\/2023\/09\/ESAP.CEDHGRO7-375x221.jpg\" alt=\"\" width=\"375\" height=\"221\" \/>Derechos Humanos: Dignidad, Libertad y Justicia para todas las personas, la gobernadora <a href=\"https:\/\/www.facebook.com\/EvelynSalgadoP\" target=\"_blank\" rel=\"noopener\">Evelyn Salgado Pineda r<\/a>efrend\u00f3 el compromiso con la protecci\u00f3n y la promoci\u00f3n de los derechos humanos, con la absoluta convicci\u00f3n de consolidar a Guerrero como un santuario de las libertades y de la justicia.<\/p>\n<p style=\"text-align: justify\">\u201cLo hacemos con la seguridad de que, de la mano de nuestro pueblo, de las instituciones p\u00fablicas, con los poderes Legislativo y Judicial, habremos de derrumbar ese muro de la injusticia, de caminar tambi\u00e9n por la senda del desarrollo y de garantizar la paz para Guerrero\u201d, apunt\u00f3 la mandataria estatal.<\/p>\n<p style=\"text-align: justify\">Con la presencia del representante adjunto de la Oficina del Alto Comisionado de las <img loading=\"lazy\" decoding=\"async\" class=\"alignleft size-medium wp-image-1257293\" src=\"https:\/\/www.acapulcopress.com\/wp-content\/uploads\/2023\/09\/ESAP.CEDHGRO4-375x162.jpg\" alt=\"\" width=\"375\" height=\"162\" \/>Naciones Unidas, Jes\u00fas Pe\u00f1a Palacios, la presidenta de la Comisi\u00f3n de los Derechos Humanos en el estado de Guerrero, <a href=\"https:\/\/www.facebook.com\/CeciliaNarcisoG\" target=\"_blank\" rel=\"noopener\">Cecilia Narciso Gayt\u00e1n<\/a>, y representantes de M\u00e9xico, Espa\u00f1a y Colombia, la titular del Ejecutivo estatal se\u00f1al\u00f3 que este ejercicio, es resultado, de un trabajo diario y constante, con la participaci\u00f3n de todas las instituciones, para lograr construir un M\u00e9xico m\u00e1s justo e igualitario.<\/p>\n<p style=\"text-align: justify\">La gobernadora destac\u00f3 que adicional al reconocimiento jur\u00eddico, se trabaja en el ejercicio efectivo de todos los derechos, generando acciones espec\u00edficas a favor de los guerrerenses. Para ello dijo, se mantiene una coordinaci\u00f3n con la Comisi\u00f3n Estatal de los Derechos <img loading=\"lazy\" decoding=\"async\" class=\"alignleft size-medium wp-image-1257291\" src=\"https:\/\/www.acapulcopress.com\/wp-content\/uploads\/2023\/09\/ESAP.CEDHGRO2-375x250.jpg\" alt=\"\" width=\"375\" height=\"250\" \/>Humanos y las distintas instituciones, con miras a consolidar una transformaci\u00f3n profunda en beneficio de todos.<\/p>\n<p style=\"text-align: justify\">En su intervenci\u00f3n, la titular de la Comisi\u00f3n de los Derechos Humanos del Estado de Guerrero, coincidi\u00f3 en se\u00f1alar que se requiere un trabajo coordinado y estrecho para lograr el fortalecimiento de las libertades y el respeto a la dignidad humana. Al respecto, destac\u00f3 que desde el organismo que preside, se ha logrado un trabajo en coordinaci\u00f3n con la sociedad civil y los tres \u00f3rdenes de gobierno, hacia los grupos prioritarios, como son ni\u00f1as, ni\u00f1os, adolescentes, personas ind\u00edgenas, personas afrodescendientes, adultos mayores, periodistas y personas con discapacidad, entre otros.<\/p>\n<p style=\"text-align: justify\">Por ello reconoci\u00f3 el compromiso de la gobernadora Evelyn Salgado como una gran aliada, <img loading=\"lazy\" decoding=\"async\" class=\"alignleft size-medium wp-image-1257290\" src=\"https:\/\/www.acapulcopress.com\/wp-content\/uploads\/2023\/09\/ESAP.CEDHGRO-375x250.jpg\" alt=\"\" width=\"375\" height=\"250\" \/>a una persona comprometida con los Derechos Humanos, quien por convicci\u00f3n trabaja en favor de las y los guerrerenses. \u201cSu presencia en este evento demuestra su compromiso constitucional de promover, respetar, proteger y garantizar los Derechos Humanos\u201d, expres\u00f3.<\/p>\n<p style=\"text-align: justify\">En tanto que el presidente de la Federaci\u00f3n de Organismos P\u00fablicos de los Derechos Humanos, Ra\u00fal Israel Hern\u00e1ndez Cruz, expres\u00f3 su reconocimiento a la gobernadora Evelyn Salgado Pineda por la labor que ha realizado desde el principio de su administraci\u00f3n con la salvaguarda de los derechos de la poblaci\u00f3n. En el evento se transmiti\u00f3 el mensaje virtual del Alto Comisionado de la ONU, Volker T\u00fcrk.<br \/>\n<em>] S\u00edguenos en Facebook.com\/<a href=\"https:\/\/www.facebook.com\/acapulcopress\" target=\"_blank\" rel=\"noopener\">acapulcopress<\/a><\/em><br \/>\n<em>] S\u00edguenos en Facebook.com\/<a href=\"https:\/\/www.facebook.com\/angelblanco.press\" target=\"_blank\" rel=\"noopener\">angelblanco.press<\/a><\/em><\/p>\n","protected":false},"excerpt":{"rendered":"<p>ACAPULCO * Septiembre 28, 2023. ) Gobierno de Guerrero Al inaugurar el Congreso Internacional 75 aniversario de la Declaraci\u00f3n Universal de los Derechos Humanos: Dignidad, Libertad y Justicia para todas las personas, la gobernadora Evelyn Salgado Pineda refrend\u00f3 el compromiso con la protecci\u00f3n y la promoci\u00f3n de los derechos humanos, con la absoluta convicci\u00f3n de&#8230;<\/p>\n","protected":false},"author":2,"featured_media":1257297,"comment_status":"closed","ping_status":"closed","sticky":false,"template":"","format":"standard","meta":{"footnotes":""},"categories":[1972,1983,18561],"tags":[5424,6116,7026,8254,10744,17987],"class_list":["post-1257289","post","type-post","status-publish","format-standard","has-post-thumbnail","hentry","category-special","category-guerrerogob","category-society-politics","tag-cecilia-narciso-gaytan","tag-comision-de-los-derechos-humanos-del-estado-de-guerrero","tag-declaracion-universal-de-los-derechos-humanos","tag-evelyn-salgado-pineda-r","tag-jesus-pena-palacios","tag-volker-turk"],"_links":{"self":[{"href":"https:\/\/www.acapulcopress.com\/index.php\/wp-json\/wp\/v2\/posts\/1257289","targetHints":{"allow":["GET"]}}],"collection":[{"href":"https:\/\/www.acapulcopress.com\/index.php\/wp-json\/wp\/v2\/posts"}],"about":[{"href":"https:\/\/www.acapulcopress.com\/index.php\/wp-json\/wp\/v2\/types\/post"}],"author":[{"embeddable":true,"href":"https:\/\/www.acapulcopress.com\/index.php\/wp-json\/wp\/v2\/users\/2"}],"replies":[{"embeddable":true,"href":"https:\/\/www.acapulcopress.com\/index.php\/wp-json\/wp\/v2\/comments?post=1257289"}],"version-history":[{"count":0,"href":"https:\/\/www.acapulcopress.com\/index.php\/wp-json\/wp\/v2\/posts\/1257289\/revisions"}],"wp:featuredmedia":[{"embeddable":true,"href":"https:\/\/www.acapulcopress.com\/index.php\/wp-json\/"}],"wp:attachment":[{"href":"https:\/\/www.acapulcopress.com\/index.php\/wp-json\/wp\/v2\/media?parent=1257289"}],"wp:term":[{"taxonomy":"category","embeddable":true,"href":"https:\/\/www.acapulcopress.com\/index.php\/wp-json\/wp\/v2\/categories?post=1257289"},{"taxonomy":"post_tag","embeddable":true,"href":"https:\/\/www.acapulcopress.com\/index.php\/wp-json\/wp\/v2\/tags?post=1257289"}],"curies":[{"name":"wp","href":"https:\/\/api.w.org\/{rel}","templated":true}]}}