{"id":1257300,"date":"2023-09-28T20:36:54","date_gmt":"2023-09-29T02:36:54","guid":{"rendered":"https:\/\/www.acapulcopress.com\/?p=1257300"},"modified":"2023-09-28T20:36:54","modified_gmt":"2023-09-29T02:36:54","slug":"senador-icaza-acusa-a-amlo-de-encubrir-a-responsables-de-desaparicion-de-normalistas","status":"publish","type":"post","link":"https:\/\/www.acapulcopress.com\/index.php\/2023\/09\/28\/senador-icaza-acusa-a-amlo-de-encubrir-a-responsables-de-desaparicion-de-normalistas\/","title":{"rendered":"Senador Icaza acusa a AMLO de encubrir a responsables de desaparici\u00f3n de normalistas"},"content":{"rendered":"<p style=\"text-align: justify\">CHILPANCINGO * Septiembre 28, 2023.<br \/>\n<em>) <a href=\"https:\/\/www.proceso.com.mx\/nacional\/2023\/9\/28\/alvarez-icaza-amlo-usted-opto-por-la-impunidad-en-ayotzinapa-315775.html\" target=\"_blank\" rel=\"noopener\">Apro<\/a><\/em><br \/>\n<a href=\"https:\/\/www.facebook.com\/emilioalvarezicaza\" target=\"_blank\" rel=\"noopener\">Emilio \u00c1lvarez Icaza<\/a>, senador del Grupo Plural, acus\u00f3 al presidente <a href=\"https:\/\/www.facebook.com\/lopezobrador.org.mx\" target=\"_blank\" rel=\"noopener\">Andr\u00e9s Manuel L\u00f3pez Obrador<\/a> de encubrir a responsables de la desaparici\u00f3n de los j\u00f3venes de Ayotzinapa y avalar el ocultamiento de informaci\u00f3n por parte de los militares.<\/p>\n<p style=\"text-align: justify\">Asimismo reclam\u00f3 que a seis meses de la tragedia en la estaci\u00f3n migratoria de Ciudad Ju\u00e1rez no se haya hecho reparaci\u00f3n del da\u00f1o a los familiares de las v\u00edctimas y se siga permitiendo que <a href=\"https:\/\/www.facebook.com\/fgymexico\" target=\"_blank\" rel=\"noopener\">Francisco Gardu\u00f1o<\/a> siga al frente del Instituto Nacional de Migraci\u00f3n.<\/p>\n<p style=\"text-align: justify\">\u00c1lvarez Icaza respondi\u00f3 a L\u00f3pez Obrador, quien lo mencion\u00f3 en el contexto de la cr\u00edtica que el presidente hizo al exfiscal especial para el caso de la desaparici\u00f3n de los 43 normalistas de Ayotzinapa, Omar G\u00f3mez Trejo.<\/p>\n<p style=\"text-align: justify\">\u201cY antier el que estaba de fiscal\u2026 Que ahora estoy investigando de d\u00f3nde sali\u00f3, y todo parece que lo propusieron de la OEA, de Comisi\u00f3n Interamericana, donde estaba Emilio \u00c1lvarez Icaza, el ahora senador del PAN, que siempre estuvo en contra de nosotros\u2026\u201d mencion\u00f3 L\u00f3pez Obrador.<\/p>\n<p style=\"text-align: justify\">\u2013<strong>Es plural, ya no est\u00e1 en el PAN\u2013,<\/strong> se le record\u00f3.<\/p>\n<p style=\"text-align: justify\">\u201cBueno, s\u00ed, independiente, entre comillas. Independiente del pueblo, no de la oligarqu\u00eda\u201d, respondi\u00f3 el mandatario y agreg\u00f3:<\/p>\n<p style=\"text-align: justify\">\u201cEntonces, vamos a continuar con la investigaci\u00f3n, tengo el compromiso que se aclaren las cosas, de saber a ciencia cierta qu\u00e9 sucedi\u00f3 la noche del 26 de septiembre del 2014, los d\u00edas posteriores, qui\u00e9nes fueron los responsables y luego por qu\u00e9 fabricaron delitos, qui\u00e9n orden\u00f3 lo de la tortura, por qu\u00e9 el llamado pacto del silencio, por qu\u00e9 cuando se tienen elementos hay esta rebeli\u00f3n en la fiscal\u00eda, de d\u00f3nde surgi\u00f3 este fiscal, qui\u00e9n lo nombr\u00f3, cu\u00e1les son sus v\u00ednculos con el senador \u00c1lvarez Icaza\u201d.<\/p>\n<p style=\"text-align: justify\">El legislador y activista respondi\u00f3 con un video publicado en X (Twitter), en el que neg\u00f3 que haya tenido que ver con la designaci\u00f3n del fiscal especial.<\/p>\n<p style=\"text-align: justify\">\u201cLo que uste dice en su ma\u00f1anera le da la raz\u00f3n a Omar G\u00f3mez de que hubo un acuerdo de Estado para mantener impune el caso Ayotzinapa\u201d, asever\u00f3.<\/p>\n<p style=\"text-align: justify\">El contenido del video lo rese\u00f1\u00f3 el propio \u00c1lvarez Icaza en el tuit que acompa\u00f1a en video:<\/p>\n<p style=\"text-align: justify\">\u201cPresidente, no se puede cumplir su promesa de justicia en el caso Ayotzinapa y mantener un Pacto de Impunidad. Los padres y madres de los 43 y todo M\u00e9xico ya vimos que usted opt\u00f3 por la impunidad.<\/p>\n<p style=\"text-align: justify\">\u201cUsted encubre a responsables de la desaparici\u00f3n de los j\u00f3venes y avala el ocultamiento de informaci\u00f3n por los militares.<\/p>\n<p style=\"text-align: justify\">\u201cYa debe asumir que el problema no soy yo, sino sus traiciones a las v\u00edctimas. Lo que hoy dice, en realidad le da la raz\u00f3n a Omar G\u00f3mez , ex Fiscal del caso Ayotzinapa. Nada tuve que ver con su designaci\u00f3n como Fiscal, sin embargo reconozco su valor, integridad y congruencia.<\/p>\n<p style=\"text-align: justify\">\u201cEl problema es que usted cree que se puede enga\u00f1ar a todos, todo el tiempo. Sin embargo, habemos gente dispuesta a decir y luchar por la verdad y la justicia.<\/p>\n<p style=\"text-align: justify\">\u201cQu\u00e9 final tan vergonzoso para su @GobiernoMX 5 a\u00f1os traicionando a quienes depositaron su confianza en usted\u201d, dijo \u00c1lvarez Icaza, quien record\u00f3 adem\u00e1s el incendio en la estaci\u00f3n migratoria de Ciudad Ju\u00e1rez que cost\u00f3 la vida a 40 migrantes.<\/p>\n<p style=\"text-align: justify\">\u201cPor cierto presidente, se cumplieron seis meses del crimen de Estado en la Estaci\u00f3n Migratoria de Ju\u00e1rez y las v\u00edctimas siguen sin reparaci\u00f3n ni justicia, los responsables sin castigo; y M\u00e9xico hundido en una crisis humanitaria en materia migratoria.<\/p>\n<p style=\"text-align: justify\">\u201cY sigue permitiendo que Francisco Gardu\u00f1o siga al frente del Instituto Nacional de Migraci\u00f3n. \u00bfAs\u00ed o m\u00e1s cinismo? \u00bfAs\u00ed o mas simulaci\u00f3n?\u201d, concluy\u00f3 \u00c1lvarez Icaza.<\/p>\n<div style=\"width: 720px;\" class=\"wp-video\"><video class=\"wp-video-shortcode\" id=\"video-1257300-1\" width=\"720\" height=\"1280\" preload=\"metadata\" controls=\"controls\"><source type=\"video\/mp4\" src=\"https:\/\/www.acapulcopress.com\/wp-content\/uploads\/2023\/09\/ICAZA.mp4?_=1\" \/><a href=\"https:\/\/www.acapulcopress.com\/wp-content\/uploads\/2023\/09\/ICAZA.mp4\">https:\/\/www.acapulcopress.com\/wp-content\/uploads\/2023\/09\/ICAZA.mp4<\/a><\/video><\/div>\n<p style=\"text-align: justify\"><em>] S\u00edguenos en Facebook.com\/<a href=\"https:\/\/www.facebook.com\/acapulcopress\" target=\"_blank\" rel=\"noopener\">acapulcopress<\/a><\/em><br \/>\n<em>] S\u00edguenos en Facebook.com\/<a href=\"https:\/\/www.facebook.com\/angelblanco.press\" target=\"_blank\" rel=\"noopener\">angelblanco.press<\/a><\/em><\/p>\n","protected":false},"excerpt":{"rendered":"<p>CHILPANCINGO * Septiembre 28, 2023. ) Apro Emilio \u00c1lvarez Icaza, senador del Grupo Plural, acus\u00f3 al presidente Andr\u00e9s Manuel L\u00f3pez Obrador de encubrir a responsables de la desaparici\u00f3n de los j\u00f3venes de Ayotzinapa y avalar el ocultamiento de informaci\u00f3n por parte de los militares. Asimismo reclam\u00f3 que a seis meses de la tragedia en la&#8230;<\/p>\n","protected":false},"author":2,"featured_media":1257301,"comment_status":"closed","ping_status":"closed","sticky":false,"template":"","format":"standard","meta":{"footnotes":""},"categories":[1969,1998],"tags":[3896,4480,7896,8868],"class_list":["post-1257300","post","type-post","status-publish","format-standard","has-post-thumbnail","hentry","category-trending","category-proteccion-ciudadana","tag-andres-manuel-lopez-obrador","tag-ayotzinapa","tag-emilio-alvarez-icaza","tag-francisco-garduno-yanez"],"_links":{"self":[{"href":"https:\/\/www.acapulcopress.com\/index.php\/wp-json\/wp\/v2\/posts\/1257300","targetHints":{"allow":["GET"]}}],"collection":[{"href":"https:\/\/www.acapulcopress.com\/index.php\/wp-json\/wp\/v2\/posts"}],"about":[{"href":"https:\/\/www.acapulcopress.com\/index.php\/wp-json\/wp\/v2\/types\/post"}],"author":[{"embeddable":true,"href":"https:\/\/www.acapulcopress.com\/index.php\/wp-json\/wp\/v2\/users\/2"}],"replies":[{"embeddable":true,"href":"https:\/\/www.acapulcopress.com\/index.php\/wp-json\/wp\/v2\/comments?post=1257300"}],"version-history":[{"count":0,"href":"https:\/\/www.acapulcopress.com\/index.php\/wp-json\/wp\/v2\/posts\/1257300\/revisions"}],"wp:featuredmedia":[{"embeddable":true,"href":"https:\/\/www.acapulcopress.com\/index.php\/wp-json\/"}],"wp:attachment":[{"href":"https:\/\/www.acapulcopress.com\/index.php\/wp-json\/wp\/v2\/media?parent=1257300"}],"wp:term":[{"taxonomy":"category","embeddable":true,"href":"https:\/\/www.acapulcopress.com\/index.php\/wp-json\/wp\/v2\/categories?post=1257300"},{"taxonomy":"post_tag","embeddable":true,"href":"https:\/\/www.acapulcopress.com\/index.php\/wp-json\/wp\/v2\/tags?post=1257300"}],"curies":[{"name":"wp","href":"https:\/\/api.w.org\/{rel}","templated":true}]}}