{"id":1257330,"date":"2023-09-28T22:25:30","date_gmt":"2023-09-29T04:25:30","guid":{"rendered":"https:\/\/www.acapulcopress.com\/?p=1257330"},"modified":"2023-09-28T22:25:30","modified_gmt":"2023-09-29T04:25:30","slug":"harfuch-un-narcotraficante-con-charola-cjng","status":"publish","type":"post","link":"https:\/\/www.acapulcopress.com\/index.php\/2023\/09\/28\/harfuch-un-narcotraficante-con-charola-cjng\/","title":{"rendered":"Harfuch, \u00abun narcotraficante con charola\u00bb | CJNG"},"content":{"rendered":"<p style=\"text-align: justify\">CIUDAD DE M\u00c9XICO * Septiembre 28, 2023.<br \/>\n<em>) <a href=\"https:\/\/www.proceso.com.mx\/nacional\/2023\/9\/28\/cjng-amedrenta-garcia-harfuch-eres-un-narcotraficante-con-charola-seguimos-buscandote-315778.html\" target=\"_blank\" rel=\"noopener\">Apro<\/a><\/em><br \/>\nEn un video, presuntos integrantes del C\u00e1rtel Jalisco Nueva Generaci\u00f3n (CJNG) acusaron a <a href=\"https:\/\/www.facebook.com\/OGHarfuch\" target=\"_blank\" rel=\"noopener\">Omar Garc\u00eda Harfuch<\/a> de tener nexos con el grupo delincuencial Los Coroneles, ligado al C\u00e1rtel de Sinaloa, y a la vez, lo amenazaron de muerte.<\/p>\n<p style=\"text-align: justify\">En el material multimedia que circula en redes, un hombre acompa\u00f1ado de seis sujetos que portan armas largas, lee un texto para recordarle a Garc\u00eda Harfuch que su medio hermano, Javier Garc\u00eda Morales (ambos hijos de Javier Garc\u00eda Paniagua, expresidente del PRI), fue asesinado en Guadalajara hace 12 a\u00f1os porque \u201cestaba igual que t\u00fa, vendido con el c\u00e1rtel de Los Coroneles\u201d.<\/p>\n<p style=\"text-align: justify\">El sujeto se\u00f1al\u00f3 que el c\u00e1rtel de Los Coroneles qued\u00f3 a cargo de Esteban Rodr\u00edguez Olivera, tambi\u00e9n se\u00f1alado de ser la cabeza del C\u00e1rtel de Los G\u00fceros y quien fue deportado de Estados Unidos a M\u00e9xico en agosto de 2020.<\/p>\n<p style=\"text-align: justify\">\u201cPara que sepas, Omar Hamid Garc\u00eda Harfuch, esto es personal contigo, no con el gobierno, y t\u00fa ya sabes con qui\u00e9n traes la bronca, para que sepas, aqu\u00ed seguimos busc\u00e1ndote y no quitaremos el dedo del rengl\u00f3n\u201d.<\/p>\n<p style=\"text-align: justify\">El sujeto se dirige al presidente Andr\u00e9s Manuel L\u00f3pez Obrador para decirle que el ahora exsecretario de seguridad \u201clejos de ser un servidor p\u00fablico, es una persona corrupta que con la ayuda de su puesto pol\u00edtico, se ayuda para llevar a cabo sus actividades il\u00edcitas porque como ya todos sabemos, el verdadero puesto de Omar Garc\u00eda Harfuch es el de un narcotraficante con charola\u201d.<\/p>\n<p style=\"text-align: justify\">El sujeto tambi\u00e9n increpa al ahora aspirante a la candidatura de Morena por la Ciudad de M\u00e9xico a dejar de negar que conoce al exsecretario de Seguridad federal, Genaro Garc\u00eda Luna, actualmente preso en Estados Unidos acusado de narcotr\u00e1fico.<\/p>\n<p style=\"text-align: justify\">\u201cTe ayud\u00f3 en todo para llegar adonde est\u00e1s, no muerdas la mano del que te ayud\u00f3 a ser lo que hoy eres, si no, preg\u00fantale a la reportera Anabel Hern\u00e1ndez, quien tiene cartas con tu pu\u00f1o y letra, mismas que le escrib\u00edas a Genaro Garc\u00eda Luna\u201d.<\/p>\n<p style=\"text-align: justify\">A la vez, lo acusan de haber recibido recursos del robo de combustible y de estar involucrado en el caso de la desaparici\u00f3n de los 43 estudiantes normalistas de Ayotzinapa, en 2014.<\/p>\n<p style=\"text-align: justify\">Omar Garc\u00eda Harfuch renunci\u00f3 a su cargo el pasado 9 de septiembre, debido a que pretende ser candidato a Jefe de Gobierno de la CDMX.<\/p>\n<p style=\"text-align: justify\">En junio de 2020, Omar Garc\u00eda fue v\u00edctima de un atentado en la Ciudad de M\u00e9xico. A trav\u00e9s de su cuenta de Twitter, el exfuncionario atribuy\u00f3 al CJNG el ataque.<\/p>\n<div style=\"width: 490px;\" class=\"wp-video\"><video class=\"wp-video-shortcode\" id=\"video-1257330-1\" width=\"490\" height=\"270\" preload=\"metadata\" controls=\"controls\"><source type=\"video\/mp4\" src=\"https:\/\/www.acapulcopress.com\/wp-content\/uploads\/2023\/09\/GARCIA-HARFUCH.mp4?_=1\" \/><a href=\"https:\/\/www.acapulcopress.com\/wp-content\/uploads\/2023\/09\/GARCIA-HARFUCH.mp4\">https:\/\/www.acapulcopress.com\/wp-content\/uploads\/2023\/09\/GARCIA-HARFUCH.mp4<\/a><\/video><\/div>\n<p style=\"text-align: justify\"><em>] S\u00edguenos en Facebook.com\/<a href=\"https:\/\/www.facebook.com\/acapulcopress\" target=\"_blank\" rel=\"noopener\">acapulcopress<\/a><\/em><br \/>\n<em>] S\u00edguenos en Facebook.com\/<a href=\"https:\/\/www.facebook.com\/angelblanco.press\" target=\"_blank\" rel=\"noopener\">angelblanco.press<\/a><\/em><\/p>\n","protected":false},"excerpt":{"rendered":"<p>CIUDAD DE M\u00c9XICO * Septiembre 28, 2023. ) Apro En un video, presuntos integrantes del C\u00e1rtel Jalisco Nueva Generaci\u00f3n (CJNG) acusaron a Omar Garc\u00eda Harfuch de tener nexos con el grupo delincuencial Los Coroneles, ligado al C\u00e1rtel de Sinaloa, y a la vez, lo amenazaron de muerte. En el material multimedia que circula en redes,&#8230;<\/p>\n","protected":false},"author":2,"featured_media":1257333,"comment_status":"closed","ping_status":"closed","sticky":false,"template":"","format":"standard","meta":{"footnotes":""},"categories":[1997],"tags":[5314,13940],"class_list":["post-1257330","post","type-post","status-publish","format-standard","has-post-thumbnail","hentry","category-noticias-destacadas","tag-cartel-jalisco-nueva-generacion-cjng","tag-omar-garcia-harfuch"],"_links":{"self":[{"href":"https:\/\/www.acapulcopress.com\/index.php\/wp-json\/wp\/v2\/posts\/1257330","targetHints":{"allow":["GET"]}}],"collection":[{"href":"https:\/\/www.acapulcopress.com\/index.php\/wp-json\/wp\/v2\/posts"}],"about":[{"href":"https:\/\/www.acapulcopress.com\/index.php\/wp-json\/wp\/v2\/types\/post"}],"author":[{"embeddable":true,"href":"https:\/\/www.acapulcopress.com\/index.php\/wp-json\/wp\/v2\/users\/2"}],"replies":[{"embeddable":true,"href":"https:\/\/www.acapulcopress.com\/index.php\/wp-json\/wp\/v2\/comments?post=1257330"}],"version-history":[{"count":0,"href":"https:\/\/www.acapulcopress.com\/index.php\/wp-json\/wp\/v2\/posts\/1257330\/revisions"}],"wp:featuredmedia":[{"embeddable":true,"href":"https:\/\/www.acapulcopress.com\/index.php\/wp-json\/"}],"wp:attachment":[{"href":"https:\/\/www.acapulcopress.com\/index.php\/wp-json\/wp\/v2\/media?parent=1257330"}],"wp:term":[{"taxonomy":"category","embeddable":true,"href":"https:\/\/www.acapulcopress.com\/index.php\/wp-json\/wp\/v2\/categories?post=1257330"},{"taxonomy":"post_tag","embeddable":true,"href":"https:\/\/www.acapulcopress.com\/index.php\/wp-json\/wp\/v2\/tags?post=1257330"}],"curies":[{"name":"wp","href":"https:\/\/api.w.org\/{rel}","templated":true}]}}