{"id":1257336,"date":"2023-09-28T22:59:44","date_gmt":"2023-09-29T04:59:44","guid":{"rendered":"https:\/\/www.acapulcopress.com\/?p=1257336"},"modified":"2023-09-28T22:59:44","modified_gmt":"2023-09-29T04:59:44","slug":"sin-meritos-academicos-o-cientificos-saldana-rector-por-tercera-ocasion","status":"publish","type":"post","link":"https:\/\/www.acapulcopress.com\/index.php\/2023\/09\/28\/sin-meritos-academicos-o-cientificos-saldana-rector-por-tercera-ocasion\/","title":{"rendered":"Sin m\u00e9ritos acad\u00e9micos o cient\u00edficos, Salda\u00f1a rector por tercera ocasi\u00f3n"},"content":{"rendered":"<p style=\"text-align: justify\">Marem\u00e1gnum<br \/>\n\u00bb <strong>RICARDO<\/strong> | <strong>CASTILLO BARRIENTOS<\/strong><br \/>\n<em>] Facebook ) <a href=\"https:\/\/www.facebook.com\/ricardocastill01\" target=\"_blank\" rel=\"noopener\">Ricardo Castillo Barrientos<\/a><\/em><\/p>\n<p style=\"text-align: justify\">Lamentable para la comunidad universitaria y la sociedad guerrerenses, la asunci\u00f3n a la Rector\u00eda por tercera ocasi\u00f3n consecutiva de Javier Salda\u00f1a Almaz\u00e1n, emulando al doctor Rosal\u00edo Wences Reza, quien tambi\u00e9n fungi\u00f3 como rector durante tres periodos alternados.<\/p>\n<p style=\"text-align: justify\">El doctor Wences Reza fue fundador del \u201cFrente Democr\u00e1tico por la Reforma de la Universidad Aut\u00f3noma de Guerrero\u201d (FREDEUAG) y del legendario proyecto \u201cUniversidad Pueblo\u201d. Con la reciente creaci\u00f3n del \u201cFrente Estatal Transformando a la UAGro\u201d (FETUAGro), el tri-rector Javier Salda\u00f1a pretende enterrar al FREDEUAG, despu\u00e9s que esa hist\u00f3rica organizaci\u00f3n lo impulsara a la rector\u00eda en tres ocasiones. As\u00ed le paga ahora, sin gratitud. El FREDEUAG se resiste a morir.<\/p>\n<p style=\"text-align: justify\">A pesar de su auto designaci\u00f3n como \u201cMaestro Em\u00e9rito\u201d, en confabulaci\u00f3n de un Consejo Universitario sometido a sus intereses y de los eternos grup\u00fasculos pol\u00edticos que vegetan al interior de la Alma Mater, est\u00e1n aglutinados en el \u201cGrupo Universidad por Guerrero\u201d y en los sindicatos universitarios.<\/p>\n<p style=\"text-align: justify\">La trayectoria acad\u00e9mica de Salda\u00f1a Almaz\u00e1n deja mucho que desear, pues consta de estudios que no se relacionan entre s\u00ed, como la Licenciatura en Derecho, la Maestr\u00eda en Administraci\u00f3n y un Doctorado en Comunicaci\u00f3n Social, que no tienen vinculaci\u00f3n alguna, con Diplomados en Inform\u00e1tica, e Investigaci\u00f3n en Epidemiolog\u00eda, acordes a su deformaci\u00f3n profesional.<br \/>\nComo docente fue profesor en la Maestr\u00eda en Administraci\u00f3n; en la Maestr\u00eda de Ciencias M\u00e9dicas y en la Escuela de Enfermer\u00eda de Ometepec, tampoco tienen relaci\u00f3n con las carreras cursadas, en su mayor\u00eda a distancia.<\/p>\n<p style=\"text-align: justify\">Normalmente en las instituciones de educaci\u00f3n superior del pa\u00eds y del extranjero, los rectores est\u00e1n respaldados por una amplia y brillante trayectoria acad\u00e9mica y cient\u00edfica; mientras en la UAGro., la m\u00e1xima autoridad carece de un perfil profesional relevante, como lo exige esa importante posici\u00f3n \u201cacad\u00e9mica y cient\u00edfica\u201d, catafixiada en posici\u00f3n pol\u00edtica.<br \/>\nA Salda\u00f1a Almaz\u00e1n se le debe reconocer su enorme habilidad pol\u00edtica para someter a los liderazgos universitarios con todo tipo de prebendas, con cargos en la administraci\u00f3n central, incremento de categor\u00edas, asignaci\u00f3n de horas-clase, becas, recursos econ\u00f3micos, etc.<\/p>\n<p style=\"text-align: justify\">Con el nuevo periodo rectoral que inicia a partir de hoy, se afianza un da\u00f1ino cacicazgo que pretende perpetuarse y asaltar el poder pol\u00edtico de la entidad con cargos de elecci\u00f3n popular, a trav\u00e9s de MORENA y como punta de lanza ha conformado el \u201cFrente Estatal Transformando a la UAGro\u201d, concepto coincidente con la Cuarta Transformaci\u00f3n.<\/p>\n<p style=\"text-align: justify\">El domingo que viene a Chilpancingo, Claudia Sheinbaum, Javier Salda\u00f1a y sus porristas se ubicar\u00e1n en primera fila, para dejar sentir el peso pol\u00edtico de centenas de humildes j\u00f3venes universitarios de casas y comedores estudiantiles, manipulados sin miramientos por la ambici\u00f3n de poder del cacique de la UAGro.<\/p>\n<p style=\"text-align: justify\">Marea Baja.- Este jueves 28 de septiembre, a las 18:00 horas, tendr\u00e1 verificativo en el auditorio del Tribunal Superior de Justicia, la presentaci\u00f3n del libro: \u201cEl Juez Penal y su Procedimiento Especial de Sentencias\u201d, de Editorial Porr\u00faa, primera edici\u00f3n.<\/p>\n<p style=\"text-align: justify\">Este es el libro n\u00famero 37 escrito por el ameritado doctor Jes\u00fas Mart\u00ednez Garnelo, es Magistrado de Justicia, catedr\u00e1tico e investigador y un prol\u00edfico escritor de temas jur\u00eddicos y relacionados con la prevenci\u00f3n del delito y la seguridad p\u00fablica.<br \/>\nEl libro aborda un tema de gran relevancia y poco explorado; qu\u00e9 como otros del mismo autor, es bibliograf\u00eda obligada en la formaci\u00f3n de docentes y estudiantes, en facultades y escuelas de Derecho de Universidades Mexicanas y de Latinoam\u00e9rica.<\/p>\n<p style=\"text-align: justify\">Los comentarios estar\u00e1n a cargo de las juezas Maritza Jim\u00e9nez Santiago, Isis Peralta Salmer\u00f3n y G\u00e9nesis Hern\u00e1ndez Rodr\u00edguez.<br \/>\nMarea Alta.- Por estas fechas se desarroll\u00f3 en los \u00c1ngeles, California, la Segunda Edici\u00f3n del Tianguis Internacional de Pueblos M\u00e1gicos, donde el estado de Guerrero mont\u00f3 un espectacular pabell\u00f3n con los principales productos y art\u00edculos que elaboran manos guerrerenses con destreza y calidad.<\/p>\n<p style=\"text-align: justify\">La presencia de los pueblos m\u00e1gicos de Guerrero y Taxco de Alarc\u00f3n como pionero, se vienen a sumar Ixcateopan de Cuauht\u00e9moc y Zihuatanejo de Azueta, que tuvieron en este evento gran realce por la positiva promoci\u00f3n y proyecci\u00f3n tur\u00edstica que impulsa el Gobierno del Estado.<\/p>\n<p style=\"text-align: justify\">La delegaci\u00f3n de Guerrero atendi\u00f3 a 960 compradores, agencias de viajes y p\u00fablico en general, en su mayor\u00eda mexicanos y mexicoamericanos, que pr\u00f3ximamente visitar\u00e1n a nuestra entidad.<\/p>\n<p style=\"text-align: justify\">Maremoto.- \u201cGuerrero es Primero\u201d es una Organizaci\u00f3n de la Sociedad y un espacio de dialogo y colaboraci\u00f3n en la entidad, de actores guerrerenses y del pa\u00eds, para apoyar procesos de desarrollo sustentable, derechos humanos, prevenci\u00f3n del delito, construcci\u00f3n de paz y participaci\u00f3n social. Inicio sus actividades desde el 2015<\/p>\n<p style=\"text-align: justify\">Confluyen diversas organizaciones sociales afines a esta relevante tem\u00e1tica de gran actualidad, y puede ser un importante motor social, si se le involucra directamente en la problem\u00e1tica de la espiral de violencia que aqueja a la sociedad guerrerense.<\/p>\n<p style=\"text-align: justify\">La organizaci\u00f3n \u201cGuerrero es Primero\u201d, realizar\u00e1 el XXIII Encuentro, en las instalaciones de la Universidad Loyola del Pac\u00edfico, donde se analizar\u00e1n las violencias en Guerrero; v\u00edctimas de la violencia; Foro Justicia y Seguridad en Guerrero: El papel de las instituciones del Estado y de la Sociedad.<\/p>\n<p style=\"text-align: justify\">Destacan tambi\u00e9n los Diplomados en \u201cMediaci\u00f3n y Transformaci\u00f3n Positiva de Conflictos\u201d, impartido en la UAGro; y \u201cReconstrucci\u00f3n del Tejido Social y Cultura de Paz\u201d, de SEGOB.<\/p>\n<p>La invitaci\u00f3n fue girada por el coordinador de la Secretar\u00eda T\u00e9cnica, Fernando Terrazas S\u00e1nchez Ba\u00f1os y Adalberto Savi\u00f1on, coordinador general y director del Centro Lindavista.<\/p>\n<p style=\"text-align: justify\">] S\u00edguenos en Facebook.com\/acapulcopress<br \/>\n] S\u00edguenos en Facebook.com\/angelblanco.press<br \/>\n] S\u00edguenos en ) acapulcopress.com<\/p>\n<p style=\"text-align: justify\">https:\/\/www.facebook.com\/acapulcopress<br \/>\nhttps:\/\/www.facebook.com\/angelblanco.press<\/p>\n","protected":false},"excerpt":{"rendered":"<p>Marem\u00e1gnum \u00bb RICARDO | CASTILLO BARRIENTOS ] Facebook ) Ricardo Castillo Barrientos Lamentable para la comunidad universitaria y la sociedad guerrerenses, la asunci\u00f3n a la Rector\u00eda por tercera ocasi\u00f3n consecutiva de Javier Salda\u00f1a Almaz\u00e1n, emulando al doctor Rosal\u00edo Wences Reza, quien tambi\u00e9n fungi\u00f3 como rector durante tres periodos alternados. El doctor Wences Reza fue fundador&#8230;<\/p>\n","protected":false},"author":2,"featured_media":1257250,"comment_status":"closed","ping_status":"closed","sticky":false,"template":"","format":"standard","meta":{"footnotes":""},"categories":[2071,1991],"tags":[10644,12503,15575],"class_list":["post-1257336","post","type-post","status-publish","format-standard","has-post-thumbnail","hentry","category-opinion-analisis-columnas","category-libertad-de-expresion","tag-javier-saldana-almazan","tag-maremagnum","tag-ricardo-castillo-barrientos"],"_links":{"self":[{"href":"https:\/\/www.acapulcopress.com\/index.php\/wp-json\/wp\/v2\/posts\/1257336","targetHints":{"allow":["GET"]}}],"collection":[{"href":"https:\/\/www.acapulcopress.com\/index.php\/wp-json\/wp\/v2\/posts"}],"about":[{"href":"https:\/\/www.acapulcopress.com\/index.php\/wp-json\/wp\/v2\/types\/post"}],"author":[{"embeddable":true,"href":"https:\/\/www.acapulcopress.com\/index.php\/wp-json\/wp\/v2\/users\/2"}],"replies":[{"embeddable":true,"href":"https:\/\/www.acapulcopress.com\/index.php\/wp-json\/wp\/v2\/comments?post=1257336"}],"version-history":[{"count":0,"href":"https:\/\/www.acapulcopress.com\/index.php\/wp-json\/wp\/v2\/posts\/1257336\/revisions"}],"wp:featuredmedia":[{"embeddable":true,"href":"https:\/\/www.acapulcopress.com\/index.php\/wp-json\/"}],"wp:attachment":[{"href":"https:\/\/www.acapulcopress.com\/index.php\/wp-json\/wp\/v2\/media?parent=1257336"}],"wp:term":[{"taxonomy":"category","embeddable":true,"href":"https:\/\/www.acapulcopress.com\/index.php\/wp-json\/wp\/v2\/categories?post=1257336"},{"taxonomy":"post_tag","embeddable":true,"href":"https:\/\/www.acapulcopress.com\/index.php\/wp-json\/wp\/v2\/tags?post=1257336"}],"curies":[{"name":"wp","href":"https:\/\/api.w.org\/{rel}","templated":true}]}}