{"id":1257338,"date":"2023-09-29T09:51:32","date_gmt":"2023-09-29T15:51:32","guid":{"rendered":"https:\/\/www.acapulcopress.com\/?p=1257338"},"modified":"2023-09-29T09:51:32","modified_gmt":"2023-09-29T15:51:32","slug":"inauguro-javier-saldana-nuevo-edificio-en-facultad-de-contaduria-y-administracion","status":"publish","type":"post","link":"https:\/\/www.acapulcopress.com\/index.php\/2023\/09\/29\/inauguro-javier-saldana-nuevo-edificio-en-facultad-de-contaduria-y-administracion\/","title":{"rendered":"Inaugur\u00f3 Javier Salda\u00f1a nuevo edificio en Facultad de Contadur\u00eda y Administraci\u00f3n"},"content":{"rendered":"<p style=\"text-align: justify\">ACAPULCO * Septiembre 28, 2023.<br \/>\n<em>) UAGro<\/em><br \/>\n<img loading=\"lazy\" decoding=\"async\" class=\"alignleft size-medium wp-image-1257342\" src=\"https:\/\/www.acapulcopress.com\/wp-content\/uploads\/2023\/09\/UAGRO4-375x250.jpg\" alt=\"\" width=\"375\" height=\"250\" \/>A menos de 24 horas de haber tomado protesta, el rector de la Universidad Aut\u00f3noma de Guerrero, <a href=\"https:\/\/www.facebook.com\/JavSaldana\" target=\"_blank\" rel=\"noopener\">Javier Salda\u00f1a Almaz\u00e1n<\/a> inaugur\u00f3 en la Facultad de Contadur\u00eda y Administraci\u00f3n (FCA), un nuevo edificio de tres niveles que contar\u00e1 con 6 aulas y 2 centros de c\u00f3mputo para mejorar las condiciones de estudio.<\/p>\n<p style=\"text-align: justify\">Recibido con algarab\u00eda por los estudiantes, el rector de la m\u00e1xima casa de estudios dijo que su administraci\u00f3n ha iniciado con el pie derecho, con la entrega de una obra necesaria por mucho tiempo en esta facultad, que es una de las que tienen la mayor matr\u00edcula.<\/p>\n<p style=\"text-align: justify\">Salda\u00f1a Almaz\u00e1n reiter\u00f3 que desde el 2013, \u201cnos hemos esforzado en aplicar de manera eficiente todos los recursos designados a la instituci\u00f3n y los resultados son tangibles\u201d, lo <img loading=\"lazy\" decoding=\"async\" class=\"alignleft size-medium wp-image-1257339\" src=\"https:\/\/www.acapulcopress.com\/wp-content\/uploads\/2023\/09\/UAGRO-2-375x250.jpg\" alt=\"\" width=\"375\" height=\"250\" \/>que ha permitido revolucionar la infraestructura en todos los planteles de la Aut\u00f3noma de Guerrero: \u201chemos transformado a la universidad y unidos vamos a continuar en ese camino\u201d.<\/p>\n<p style=\"text-align: justify\">Asegur\u00f3 que en su rectorado, la <a href=\"https:\/\/www.facebook.com\/UAGro.MX.Oficial\" target=\"_blank\" rel=\"noopener\">UAGro<\/a> ser\u00e1 una instituci\u00f3n que apunte a tener mayor tecnolog\u00eda, que sea funcional y facilite el acceso a los estudiantes en vulnerabilidad social y los servicios lleguen a todas las regiones: \u201cTengo un compromiso muy importante con los j\u00f3venes guerrerenses y no les voy a fallar\u201d, reiter\u00f3.<\/p>\n<p style=\"text-align: justify\">El nuevo edificio de tres niveles en la Facultad de Contadur\u00eda y Administraci\u00f3n tambi\u00e9n contar\u00e1 con una sala audiovisual, un \u00e1rea de juegos, y un departamento psicopedag\u00f3gico.<\/p>\n<p style=\"text-align: justify\">En este acto, acompa\u00f1aron al rector la diputada presidenta de la Junta de Coordinaci\u00f3n Pol\u00edtica del Congreso del Estado, Yoloczin Dom\u00ednguez Serna; la directora de la FCA, Citlali Arroyo Rosas y los l\u00edderes sindicales del STAUAG, Ofelio Mart\u00ednez Llanes y del Sttaisuagro, Brenda Alicia Alcaraz Gonz\u00e1lez.<\/p>\n<p><img loading=\"lazy\" decoding=\"async\" class=\"alignnone wp-image-1257341 size-large\" src=\"https:\/\/www.acapulcopress.com\/wp-content\/uploads\/2023\/09\/UAGRO3-840x559.jpg\" alt=\"\" width=\"696\" height=\"463\" \/><\/p>\n<p style=\"text-align: justify\"><em>] S\u00edguenos en Facebook.com\/<a href=\"https:\/\/www.facebook.com\/acapulcopress\" target=\"_blank\" rel=\"noopener\">acapulcopress<\/a><\/em><br \/>\n<em>] S\u00edguenos en Facebook.com\/<a href=\"https:\/\/www.facebook.com\/angelblanco.press\" target=\"_blank\" rel=\"noopener\">angelblanco.press<\/a><\/em><\/p>\n","protected":false},"excerpt":{"rendered":"<p>ACAPULCO * Septiembre 28, 2023. ) UAGro A menos de 24 horas de haber tomado protesta, el rector de la Universidad Aut\u00f3noma de Guerrero, Javier Salda\u00f1a Almaz\u00e1n inaugur\u00f3 en la Facultad de Contadur\u00eda y Administraci\u00f3n (FCA), un nuevo edificio de tres niveles que contar\u00e1 con 6 aulas y 2 centros de c\u00f3mputo para mejorar las&#8230;<\/p>\n","protected":false},"author":2,"featured_media":1257340,"comment_status":"closed","ping_status":"closed","sticky":false,"template":"","format":"standard","meta":{"footnotes":""},"categories":[18561,2016],"tags":[8330,10644],"class_list":["post-1257338","post","type-post","status-publish","format-standard","has-post-thumbnail","hentry","category-society-politics","category-uagro-society-politics","tag-facultad-de-contaduria-y-administracion-fca","tag-javier-saldana-almazan"],"_links":{"self":[{"href":"https:\/\/www.acapulcopress.com\/index.php\/wp-json\/wp\/v2\/posts\/1257338","targetHints":{"allow":["GET"]}}],"collection":[{"href":"https:\/\/www.acapulcopress.com\/index.php\/wp-json\/wp\/v2\/posts"}],"about":[{"href":"https:\/\/www.acapulcopress.com\/index.php\/wp-json\/wp\/v2\/types\/post"}],"author":[{"embeddable":true,"href":"https:\/\/www.acapulcopress.com\/index.php\/wp-json\/wp\/v2\/users\/2"}],"replies":[{"embeddable":true,"href":"https:\/\/www.acapulcopress.com\/index.php\/wp-json\/wp\/v2\/comments?post=1257338"}],"version-history":[{"count":0,"href":"https:\/\/www.acapulcopress.com\/index.php\/wp-json\/wp\/v2\/posts\/1257338\/revisions"}],"wp:featuredmedia":[{"embeddable":true,"href":"https:\/\/www.acapulcopress.com\/index.php\/wp-json\/"}],"wp:attachment":[{"href":"https:\/\/www.acapulcopress.com\/index.php\/wp-json\/wp\/v2\/media?parent=1257338"}],"wp:term":[{"taxonomy":"category","embeddable":true,"href":"https:\/\/www.acapulcopress.com\/index.php\/wp-json\/wp\/v2\/categories?post=1257338"},{"taxonomy":"post_tag","embeddable":true,"href":"https:\/\/www.acapulcopress.com\/index.php\/wp-json\/wp\/v2\/tags?post=1257338"}],"curies":[{"name":"wp","href":"https:\/\/api.w.org\/{rel}","templated":true}]}}