{"id":1257367,"date":"2023-09-29T12:58:15","date_gmt":"2023-09-29T18:58:15","guid":{"rendered":"https:\/\/www.acapulcopress.com\/?p=1257367"},"modified":"2023-09-29T12:58:15","modified_gmt":"2023-09-29T18:58:15","slug":"piden-investigar-a-pena-por-caso-ayotzinapa","status":"publish","type":"post","link":"https:\/\/www.acapulcopress.com\/index.php\/2023\/09\/29\/piden-investigar-a-pena-por-caso-ayotzinapa\/","title":{"rendered":"Piden investigar a Pe\u00f1a por Caso Ayotzinapa"},"content":{"rendered":"<p style=\"text-align: justify;\">CIUDAD DE M\u00c9XICO * Septiembre 29, 2023.<br \/>\n<em>) <a href=\"https:\/\/efe.com\/mundo\/2023-09-29\/padres-de-ayotzinapa-piden-investigar-penalmente-al-expresidente-mexicano-pena-nieto\/\" target=\"_blank\" rel=\"noopener\">Efe<\/a><\/em><br \/>\nPadres de los 43 estudiantes mexicanos desaparecidos de Ayotzinapa en 2014 exigieron este jueves investigar penalmente a todos los involucrados en los hechos, incluyendo al entonces presidente Enrique Pe\u00f1a Nieto.<\/p>\n<p style=\"text-align: justify;\">\u201cEn virtud que hubo una junta de autoridades en la cual particip\u00f3 el expresidente Enrique Pe\u00f1a Nieto y otras autoridades de m\u00e1s alto nivel, estamos pidiendo que se abra una investigaci\u00f3n penal exhaustiva, que se procese y se sancione a las personas que aparecen ah\u00ed, incluido el presidente\u201d, se\u00f1al\u00f3 el abogado de las familias, Vidulfo Rosales, en una rueda de prensa.<\/p>\n<p style=\"text-align: justify;\">El litigante acompa\u00f1\u00f3 a los familiares de los j\u00f3venes, que desaparecieron el 26 de septiembre de 2014 en el sure\u00f1o estado de Guerrero, en un plant\u00f3n fuera del Campo Militar 1, donde exigieron al Gobierno de Andr\u00e9s Manuel L\u00f3pez Obrador entregar la informaci\u00f3n que tiene el Ej\u00e9rcito para seguir con la investigaci\u00f3n.<\/p>\n<p style=\"text-align: justify;\">\u201cNo sabemos qu\u00e9 contienen esos folios de la informaci\u00f3n que est\u00e1 en los archivos militares, pero estamos seguros que est\u00e1 relacionada con el paradero (de los 43)\u201d, dijo Rosales.<\/p>\n<p style=\"text-align: justify;\"><strong>Pe\u00f1a Nieto, \u201csalpicado\u201d<br \/>\n<\/strong><br \/>\nLos familiares pidieron indagar a quienes aparecen en los archivos que se han presentado <img loading=\"lazy\" decoding=\"async\" class=\"alignleft size-medium wp-image-1257368\" src=\"https:\/\/www.acapulcopress.com\/wp-content\/uploads\/2023\/09\/aotzinapa-375x250.webp\" alt=\"\" width=\"375\" height=\"250\" \/>hasta ahora, incluido el actual aspirante a la jefatura de Gobierno de la Ciudad de M\u00e9xico, Omar Garc\u00eda Harfuch, quien era coordinador de la Polic\u00eda Federal en Guerrero en 2014, cuando ocurri\u00f3 el crimen en ese estado.<\/p>\n<p style=\"text-align: justify;\">Seg\u00fan ellos, Garc\u00eda Harfuch tambi\u00e9n particip\u00f3 en la creaci\u00f3n de la \u201cverdad hist\u00f3rica\u201d, la pol\u00e9mica versi\u00f3n con la que Pe\u00f1a Nieto busc\u00f3 dar por terminada la investigaci\u00f3n.<\/p>\n<p style=\"text-align: justify;\">Adem\u00e1s, denunciaron que el exprocurador general de M\u00e9xico, Jes\u00fas Murilllo Karam, ahora detenido, no pudo actuar sin una orden de Pe\u00f1a Nieto.<\/p>\n<p style=\"text-align: justify;\">\u201cEllos materializaron la verdad hist\u00f3rica, pero hubo otras autoridades alrededor que participaron en su construcci\u00f3n, debe investigarse a todas esas autoridades que participaron en la construcci\u00f3n\u201d, insisti\u00f3 el abogado.<\/p>\n<p style=\"text-align: justify;\">En busca de la verdad sobre Ayotzinapa<br \/>\nLos padres pidieron que L\u00f3pez Obrador cumpla con la promesa de entregar la verdad, pues dijeron que no les han dado ninguna raz\u00f3n sobre el paradero de los j\u00f3venes, como prometi\u00f3 el presidente desde su campa\u00f1a en 2018.<\/p>\n<p style=\"text-align: justify;\">Esto tras la pol\u00e9mica suscitada en d\u00edas recientes sobre los archivos que el Ej\u00e9rcito no entreg\u00f3 y que son imprescindibles para continuar con la investigaci\u00f3n, seg\u00fan los padres, sus representantes y el Grupo Interdisciplinario de Expertos Independientes (GIEI).<\/p>\n<p style=\"text-align: justify;\">Los padres anunciaron la suspensi\u00f3n del plant\u00f3n, pero recalcaron que van a regresar si no reciben la informaci\u00f3n que necesitan.<\/p>\n<p style=\"text-align: justify;\">La controversia aumenta en medio del noveno aniversario de la desaparici\u00f3n de los j\u00f3venes de Ayotzinapa porque se acaba el tiempo para que L\u00f3pez Obrador cumpla con su promesa de resolver el caso en su \u00faltimo a\u00f1o de mandato, que termina en octubre de 2024.<\/p>\n<p style=\"text-align: justify;\">Las familias, que en un inicio dieron su respaldo al presidente, ahora lo acusan de proteger al Ej\u00e9rcito, por lo que tambi\u00e9n anunciaron que van a evaluar en pr\u00f3ximos meses el encubrimiento del Gobierno.<\/p>\n<p style=\"text-align: justify;\"><em>] S\u00edguenos en Facebook.com\/<a href=\"https:\/\/www.facebook.com\/acapulcopress\" target=\"_blank\" rel=\"noopener\">acapulcopress<\/a><\/em><br \/>\n<em>] S\u00edguenos en Facebook.com\/<a href=\"https:\/\/www.facebook.com\/angelblanco.press\" target=\"_blank\" rel=\"noopener\">angelblanco.press<\/a><\/em><\/p>\n","protected":false},"excerpt":{"rendered":"<p>CIUDAD DE M\u00c9XICO * Septiembre 29, 2023. ) Efe Padres de los 43 estudiantes mexicanos desaparecidos de Ayotzinapa en 2014 exigieron este jueves investigar penalmente a todos los involucrados en los hechos, incluyendo al entonces presidente Enrique Pe\u00f1a Nieto. \u201cEn virtud que hubo una junta de autoridades en la cual particip\u00f3 el expresidente Enrique Pe\u00f1a&#8230;<\/p>\n","protected":false},"author":2,"featured_media":1257369,"comment_status":"closed","ping_status":"closed","sticky":false,"template":"","format":"standard","meta":{"footnotes":""},"categories":[1997],"tags":[2807,5368,7991],"class_list":["post-1257367","post","type-post","status-publish","format-standard","has-post-thumbnail","hentry","category-noticias-destacadas","tag-nosfaltan43","tag-caso-ayotzinapa","tag-enrique-pena-nieto"],"_links":{"self":[{"href":"https:\/\/www.acapulcopress.com\/index.php\/wp-json\/wp\/v2\/posts\/1257367","targetHints":{"allow":["GET"]}}],"collection":[{"href":"https:\/\/www.acapulcopress.com\/index.php\/wp-json\/wp\/v2\/posts"}],"about":[{"href":"https:\/\/www.acapulcopress.com\/index.php\/wp-json\/wp\/v2\/types\/post"}],"author":[{"embeddable":true,"href":"https:\/\/www.acapulcopress.com\/index.php\/wp-json\/wp\/v2\/users\/2"}],"replies":[{"embeddable":true,"href":"https:\/\/www.acapulcopress.com\/index.php\/wp-json\/wp\/v2\/comments?post=1257367"}],"version-history":[{"count":0,"href":"https:\/\/www.acapulcopress.com\/index.php\/wp-json\/wp\/v2\/posts\/1257367\/revisions"}],"wp:featuredmedia":[{"embeddable":true,"href":"https:\/\/www.acapulcopress.com\/index.php\/wp-json\/"}],"wp:attachment":[{"href":"https:\/\/www.acapulcopress.com\/index.php\/wp-json\/wp\/v2\/media?parent=1257367"}],"wp:term":[{"taxonomy":"category","embeddable":true,"href":"https:\/\/www.acapulcopress.com\/index.php\/wp-json\/wp\/v2\/categories?post=1257367"},{"taxonomy":"post_tag","embeddable":true,"href":"https:\/\/www.acapulcopress.com\/index.php\/wp-json\/wp\/v2\/tags?post=1257367"}],"curies":[{"name":"wp","href":"https:\/\/api.w.org\/{rel}","templated":true}]}}