{"id":1257371,"date":"2023-09-29T13:21:43","date_gmt":"2023-09-29T19:21:43","guid":{"rendered":"https:\/\/www.acapulcopress.com\/?p=1257371"},"modified":"2023-09-29T13:21:43","modified_gmt":"2023-09-29T19:21:43","slug":"niega-amlo-violacion-de-derechos-humanos-en-mexico","status":"publish","type":"post","link":"https:\/\/www.acapulcopress.com\/index.php\/2023\/09\/29\/niega-amlo-violacion-de-derechos-humanos-en-mexico\/","title":{"rendered":"Niega AMLO violaci\u00f3n de derechos humanos en M\u00e9xico"},"content":{"rendered":"<p style=\"text-align: justify;\">CIUDAD DE M\u00c9XICO * Septiembre 29, 2023.<br \/>\n<em>) <a href=\"https:\/\/latinus.us\/2023\/09\/29\/lopez-obrador-sostiene-su-gobierno-no-viola-derechos-humanos-ante-visita-onu\/\" target=\"_blank\" rel=\"noopener\">Efe<\/a><\/em><br \/>\nEl presidente <a href=\"https:\/\/www.facebook.com\/lopezobrador.org.mx\" target=\"_blank\" rel=\"noopener\">Andr\u00e9s Manuel L\u00f3pez Obrador<\/a> defendi\u00f3 que su gobierno no viola los derechos humanos ante la visita del Comit\u00e9 de Detenciones Arbitrarias de la ONU, que este viernes presenta su informe sobre el pa\u00eds, donde casi cuatro de cada 10 presos no tienen una sentencia.<\/p>\n<p style=\"text-align: justify;\">\u201cSiempre hemos estado comprometidos a que no se cometan injusticias, en nuestro gobierno no se permite tortura, no se permite la desaparici\u00f3n, no se permiten las masacres, no se permite la violaci\u00f3n de derechos humanos\u201c, afirm\u00f3 el mandatario en su rueda de prensa matutina.<\/p>\n<p style=\"text-align: justify;\">El Comit\u00e9 de la ONU presentar\u00e1 un reporte tras una estancia de m\u00e1s de 10 d\u00edas en la que se reunieron con representantes de instituciones gubernamentales, comisiones de derechos humanos, organizaciones de la sociedad civil y con otros actores interesados.<\/p>\n<p style=\"text-align: justify;\">La delegaci\u00f3n acudi\u00f3 a lugares de privaci\u00f3n de la libertad, incluidas c\u00e1rceles, comisar\u00edas de polic\u00eda e instituciones para menores de edad, migrantes y personas con discapacidad psicosocial.<\/p>\n<p style=\"text-align: justify;\">\u201cNo es un gobierno represor, como los de antes, por eso pueden los organismos internacionales de derechos humanos actuar con absoluta libertad. Y cuando se trata de torturas y hay recomendaciones de organismos internacionales, se act\u00faa de inmediato\u201d, coment\u00f3 al respecto L\u00f3pez Obrador.<\/p>\n<p style=\"text-align: justify;\">La visita ocurre mientras m\u00e1s de 88 mil personas en las c\u00e1rceles mexicanas, el 39% del total, carecen de una sentencia, seg\u00fan los Censos Nacionales de Sistemas Penitenciarios del Instituto Nacional de Estad\u00edstica y Geograf\u00eda (Inegi).<\/p>\n<p style=\"text-align: justify;\">El instituto report\u00f3 una sobresaturaci\u00f3n en los centros penitenciarios locales, con 186 mil 755 reos, y centros especializados, con 6 mil 858, que en conjunto tienen una ocupaci\u00f3n de 107% respecto a su capacidad oficial.<\/p>\n<p style=\"text-align: justify;\">Como caso emblem\u00e1tico, la ONU ha citado el caso de Hugo Mart\u00ednez Gorostieta, detenido arbitrariamente en 2008 en Ciudad de M\u00e9xico, donde la polic\u00eda lo tortur\u00f3 para que se declarara culpable de secuestro, lo que le vali\u00f3 una sentencia de 113 a\u00f1os de c\u00e1rcel pese a la falta de pruebas.<\/p>\n<p style=\"text-align: justify;\">L\u00f3pez Obrador prometi\u00f3 atender este caso, al igual que el resto de recomendaciones que haga el comit\u00e9.<\/p>\n<p style=\"text-align: justify;\">\u201cS\u00ed, claro que s\u00ed, habr\u00eda que ver por qu\u00e9 raz\u00f3n no se ha cumplido la recomendaci\u00f3n. Se me hace raro porque la instrucci\u00f3n es que todas estas recomendaciones se apliquen. A veces tiene que ver con el Poder Judicial, pero vamos a analizar el caso\u201d, asever\u00f3.<\/p>\n<p style=\"text-align: justify;\"><em>] S\u00edguenos en Facebook.com\/<a href=\"https:\/\/www.facebook.com\/acapulcopress\" target=\"_blank\" rel=\"noopener\">acapulcopress<\/a><\/em><br \/>\n<em>] S\u00edguenos en Facebook.com\/<a href=\"https:\/\/www.facebook.com\/angelblanco.press\" target=\"_blank\" rel=\"noopener\">angelblanco.press<\/a><\/em><\/p>\n","protected":false},"excerpt":{"rendered":"<p>CIUDAD DE M\u00c9XICO * Septiembre 29, 2023. ) Efe El presidente Andr\u00e9s Manuel L\u00f3pez Obrador defendi\u00f3 que su gobierno no viola los derechos humanos ante la visita del Comit\u00e9 de Detenciones Arbitrarias de la ONU, que este viernes presenta su informe sobre el pa\u00eds, donde casi cuatro de cada 10 presos no tienen una sentencia&#8230;.<\/p>\n","protected":false},"author":2,"featured_media":1257372,"comment_status":"closed","ping_status":"closed","sticky":false,"template":"","format":"standard","meta":{"footnotes":""},"categories":[2024,1972,18561],"tags":[3896,6217],"class_list":["post-1257371","post","type-post","status-publish","format-standard","has-post-thumbnail","hentry","category-politica-activism","category-special","category-society-politics","tag-andres-manuel-lopez-obrador","tag-comite-de-detenciones-arbitrarias-de-la-onu"],"_links":{"self":[{"href":"https:\/\/www.acapulcopress.com\/index.php\/wp-json\/wp\/v2\/posts\/1257371","targetHints":{"allow":["GET"]}}],"collection":[{"href":"https:\/\/www.acapulcopress.com\/index.php\/wp-json\/wp\/v2\/posts"}],"about":[{"href":"https:\/\/www.acapulcopress.com\/index.php\/wp-json\/wp\/v2\/types\/post"}],"author":[{"embeddable":true,"href":"https:\/\/www.acapulcopress.com\/index.php\/wp-json\/wp\/v2\/users\/2"}],"replies":[{"embeddable":true,"href":"https:\/\/www.acapulcopress.com\/index.php\/wp-json\/wp\/v2\/comments?post=1257371"}],"version-history":[{"count":0,"href":"https:\/\/www.acapulcopress.com\/index.php\/wp-json\/wp\/v2\/posts\/1257371\/revisions"}],"wp:featuredmedia":[{"embeddable":true,"href":"https:\/\/www.acapulcopress.com\/index.php\/wp-json\/"}],"wp:attachment":[{"href":"https:\/\/www.acapulcopress.com\/index.php\/wp-json\/wp\/v2\/media?parent=1257371"}],"wp:term":[{"taxonomy":"category","embeddable":true,"href":"https:\/\/www.acapulcopress.com\/index.php\/wp-json\/wp\/v2\/categories?post=1257371"},{"taxonomy":"post_tag","embeddable":true,"href":"https:\/\/www.acapulcopress.com\/index.php\/wp-json\/wp\/v2\/tags?post=1257371"}],"curies":[{"name":"wp","href":"https:\/\/api.w.org\/{rel}","templated":true}]}}