{"id":1257374,"date":"2023-09-29T14:26:08","date_gmt":"2023-09-29T20:26:08","guid":{"rendered":"https:\/\/www.acapulcopress.com\/?p=1257374"},"modified":"2023-09-29T14:26:08","modified_gmt":"2023-09-29T20:26:08","slug":"reconoce-gobierno-federal-trabajo-de-evelyn-salgado-en-materia-de-salud-y-apertura-de-hospitales","status":"publish","type":"post","link":"https:\/\/www.acapulcopress.com\/index.php\/2023\/09\/29\/reconoce-gobierno-federal-trabajo-de-evelyn-salgado-en-materia-de-salud-y-apertura-de-hospitales\/","title":{"rendered":"Reconoce Gobierno federal trabajo de Evelyn Salgado en materia de salud y apertura de hospitales"},"content":{"rendered":"<p style=\"text-align: justify;\">ACAPULCO * Septiembre 29, 2023.<br \/>\n<em>) Gobierno de Guerrero<\/em><br \/>\nEl subsecretario de Integraci\u00f3n y Desarrollo de la <a href=\"https:\/\/www.facebook.com\/SecretariadeSaludMX\" target=\"_blank\" rel=\"noopener\">Secretar\u00eda de Salud Federal<\/a>, Juan Antonio <img loading=\"lazy\" decoding=\"async\" class=\"alignleft size-medium wp-image-1257387\" src=\"https:\/\/www.acapulcopress.com\/wp-content\/uploads\/2023\/09\/EVELYN.SALUD12-375x250.jpg\" alt=\"\" width=\"375\" height=\"250\" \/>Ferrer Aguilar, reconoci\u00f3 la labor que realiza la gobernadora<a href=\"https:\/\/www.facebook.com\/EvelynSalgadoP\" target=\"_blank\" rel=\"noopener\"> Evelyn Salgado<\/a> en materia de salud, lo que se traduce en acciones de gran impacto a favor de la poblaci\u00f3n, acercando los servicios, promoviendo pol\u00edticas p\u00fablicas que buscan el beneficio comunitario y posicionando al estado como puntero en materia de apertura de hospitales.<\/p>\n<p style=\"text-align: justify;\">El funcionario federal destac\u00f3 que en tan s\u00f3lo sus primeros dos a\u00f1os de gesti\u00f3n, Salgado Pineda ha logrado poner en funcionamiento los hospitales de Tecpan, Petatl\u00e1n, Marquelia, Chilapa, entre otros; adem\u00e1s de que se encuentra en proceso la pr\u00f3xima apertura de las unidades de Ayutla, San Luis Acatl\u00e1n y Olinal\u00e1, s\u00f3lo por mencionar algunos, lo que coloca a la entidad como uno de los que m\u00e1s acciones en materia de salud ha emprendido.<\/p>\n<p style=\"text-align: justify;\"><img loading=\"lazy\" decoding=\"async\" class=\"alignleft size-medium wp-image-1257386\" src=\"https:\/\/www.acapulcopress.com\/wp-content\/uploads\/2023\/09\/EVELYN.SALUD11-375x250.jpg\" alt=\"\" width=\"375\" height=\"250\" \/>\u201cY hoy yo les puedo decir, el estado que m\u00e1s hospitales ha aperturado en dos a\u00f1os que va a cumplir un gobierno, es este de la maestra Evelyn Salgado\u201d, remarc\u00f3 Juan Antonio Ferrer.<\/p>\n<p style=\"text-align: justify;\">Asimismo se\u00f1al\u00f3 que esto ha sido posible gracias a la coordinaci\u00f3n de esfuerzos y al intenso trabajo emprendido por la gobernadora para rescatar proyectos que hab\u00edan quedado inconclusos o que no contaban con la totalidad de los servicios, adem\u00e1s de que ha estado muy pendiente de todo lo relacionado con infraestructura, equipamiento, medicamento y personal especializado.<\/p>\n<p style=\"text-align: justify;\">\u201cEs admirable el trabajo de su gobernadora, de nuestra gobernadora de Guerrero; el gobierno de la maestra Evelyn Salgado va a pasar a la historia por ser la primera gobernadora mujer, pero miren, alguien que est\u00e1 dedicado al tema salud, con todo respeto <img loading=\"lazy\" decoding=\"async\" class=\"alignleft size-medium wp-image-1257383\" src=\"https:\/\/www.acapulcopress.com\/wp-content\/uploads\/2023\/09\/EVELYN.SALUD8_-375x250.jpg\" alt=\"\" width=\"375\" height=\"250\" \/>de los dem\u00e1s gobernadores, no son todos y en Guerrero ante la carencia que ten\u00edamos de hospitales, la gobernadora Evelyn Salgado desde el d\u00eda que gan\u00f3 la elecci\u00f3n, empez\u00f3 a gestionar en favor de que apertur\u00e1ramos esos hospitales, que los construyeron en muchas partes de Guerrero, pero que los dejaron ah\u00ed abandonados sin terminar\u201d, enfatiz\u00f3 el funcionario.<\/p>\n<p style=\"text-align: justify;\">Para concluir se\u00f1al\u00f3: \u201cCon esa gestora vamos a seguir adelante y vamos a seguir haciendo proyectos\u00a0para\u00a0Guerrero\u201d.<\/p>\n<p><iframe loading=\"lazy\" style=\"border: none; overflow: hidden;\" src=\"https:\/\/www.facebook.com\/plugins\/video.php?height=314&amp;href=https%3A%2F%2Fwww.facebook.com%2Fangelblanco.press%2Fvideos%2F338234785271079%2F&amp;show_text=false&amp;width=560&amp;t=0\" width=\"560\" height=\"314\" frameborder=\"0\" scrolling=\"no\" allowfullscreen=\"allowfullscreen\"><\/iframe><\/p>\n<p style=\"text-align: justify;\"><em>] S\u00edguenos en Facebook.com\/<a href=\"https:\/\/www.facebook.com\/acapulcopress\" target=\"_blank\" rel=\"noopener\">acapulcopress<\/a><\/em><br \/>\n<em>] S\u00edguenos en Facebook.com\/<a href=\"https:\/\/www.facebook.com\/angelblanco.press\" target=\"_blank\" rel=\"noopener\">angelblanco.press<\/a><\/em><br \/>\n<em>] S\u00edguenos en ) acapulcopress.com<\/em><\/p>\n","protected":false},"excerpt":{"rendered":"<p>ACAPULCO * Septiembre 29, 2023. ) Gobierno de Guerrero El subsecretario de Integraci\u00f3n y Desarrollo de la Secretar\u00eda de Salud Federal, Juan Antonio Ferrer Aguilar, reconoci\u00f3 la labor que realiza la gobernadora Evelyn Salgado en materia de salud, lo que se traduce en acciones de gran impacto a favor de la poblaci\u00f3n, acercando los servicios,&#8230;<\/p>\n","protected":false},"author":2,"featured_media":1257385,"comment_status":"closed","ping_status":"closed","sticky":false,"template":"","format":"standard","meta":{"footnotes":""},"categories":[1972,1983,18561],"tags":[8251,11153],"class_list":["post-1257374","post","type-post","status-publish","format-standard","has-post-thumbnail","hentry","category-special","category-guerrerogob","category-society-politics","tag-evelyn-salgado-pineda","tag-juan-antonio-ferrer-aguilar"],"_links":{"self":[{"href":"https:\/\/www.acapulcopress.com\/index.php\/wp-json\/wp\/v2\/posts\/1257374","targetHints":{"allow":["GET"]}}],"collection":[{"href":"https:\/\/www.acapulcopress.com\/index.php\/wp-json\/wp\/v2\/posts"}],"about":[{"href":"https:\/\/www.acapulcopress.com\/index.php\/wp-json\/wp\/v2\/types\/post"}],"author":[{"embeddable":true,"href":"https:\/\/www.acapulcopress.com\/index.php\/wp-json\/wp\/v2\/users\/2"}],"replies":[{"embeddable":true,"href":"https:\/\/www.acapulcopress.com\/index.php\/wp-json\/wp\/v2\/comments?post=1257374"}],"version-history":[{"count":0,"href":"https:\/\/www.acapulcopress.com\/index.php\/wp-json\/wp\/v2\/posts\/1257374\/revisions"}],"wp:featuredmedia":[{"embeddable":true,"href":"https:\/\/www.acapulcopress.com\/index.php\/wp-json\/"}],"wp:attachment":[{"href":"https:\/\/www.acapulcopress.com\/index.php\/wp-json\/wp\/v2\/media?parent=1257374"}],"wp:term":[{"taxonomy":"category","embeddable":true,"href":"https:\/\/www.acapulcopress.com\/index.php\/wp-json\/wp\/v2\/categories?post=1257374"},{"taxonomy":"post_tag","embeddable":true,"href":"https:\/\/www.acapulcopress.com\/index.php\/wp-json\/wp\/v2\/tags?post=1257374"}],"curies":[{"name":"wp","href":"https:\/\/api.w.org\/{rel}","templated":true}]}}