{"id":1257400,"date":"2023-10-02T17:24:06","date_gmt":"2023-10-02T23:24:06","guid":{"rendered":"https:\/\/www.acapulcopress.com\/?p=1257400"},"modified":"2023-10-02T17:24:06","modified_gmt":"2023-10-02T23:24:06","slug":"inauguro-saldana-aulas-didacticas-en-enfermeria-de-san-luis-acatlan","status":"publish","type":"post","link":"https:\/\/www.acapulcopress.com\/index.php\/2023\/10\/02\/inauguro-saldana-aulas-didacticas-en-enfermeria-de-san-luis-acatlan\/","title":{"rendered":"Inaugur\u00f3 Salda\u00f1a aulas did\u00e1cticas en Enfermer\u00eda de San Luis Acatl\u00e1n"},"content":{"rendered":"<p style=\"text-align: justify;\">COSTA CHCA * Octubre 2, 2023.<br \/>\n<em>) UAGro<\/em><br \/>\nEn gira de trabajo por la regi\u00f3n de la Costa Chica, el rector de la <a href=\"https:\/\/www.facebook.com\/UAGro.MX.Oficial\" target=\"_blank\" rel=\"noopener\">Universidad Aut\u00f3noma de <img loading=\"lazy\" decoding=\"async\" class=\"alignleft size-medium wp-image-1257408\" src=\"https:\/\/www.acapulcopress.com\/wp-content\/uploads\/2023\/10\/UAGRO7-375x250.jpg\" alt=\"\" width=\"375\" height=\"250\" \/>Guerrero<\/a>, <a href=\"https:\/\/www.facebook.com\/JavSaldana\" target=\"_blank\" rel=\"noopener\">Javier Salda\u00f1a Almaz\u00e1n<\/a>, inaugur\u00f3 un nuevo m\u00f3dulo de aulas did\u00e1cticas en la Extensi\u00f3n de la Escuela Superior de Enfermer\u00eda No. 3, para mejorar las condiciones y la formaci\u00f3n de los estudiantes en esta regi\u00f3n.<\/p>\n<p style=\"text-align: justify;\">Con este hecho, el rector de la m\u00e1xima casa de estudios cumple un compromiso con los estudiantes, los profesores y los padres de familia que solicitaron mejor infraestructura educativa.<\/p>\n<p style=\"text-align: justify;\">En su mensaje, Salda\u00f1a Almaz\u00e1n dijo que su rectorado fortalecer\u00e1 el v\u00ednculo permanente de la UAGro con el pueblo de guerrerense; por ello anunci\u00f3 que est\u00e1 analizando crear una extensi\u00f3n de la carrera de Contadur\u00eda en la Costa Chica, para abrir m\u00e1s espacios: \u201ctodo lo hemos impulsado en este proyecto de Calidad con Inclusi\u00f3n Social, y los resultados son <img loading=\"lazy\" decoding=\"async\" class=\"alignleft size-medium wp-image-1257406\" src=\"https:\/\/www.acapulcopress.com\/wp-content\/uploads\/2023\/10\/UAGRO5-375x250.jpg\" alt=\"\" width=\"375\" height=\"250\" \/>positivos: brindar m\u00e1s oportunidades para los j\u00f3venes\u201d, dijo.<\/p>\n<p style=\"text-align: justify;\">Javier Salda\u00f1a Almaz\u00e1n ratific\u00f3 que todo lo que se invierta en educaci\u00f3n traer\u00e1 beneficios para el estado: \u201ces lo que se van a ahorrar en seguridad o c\u00e1rceles, no queremos que los j\u00f3venes se vayan a actividades no apropiadas a la juventud y ese es nuestro prop\u00f3sito. Estamos haciendo muchas cosas para su formaci\u00f3n acad\u00e9mica y para la transformaci\u00f3n de Guerrero, mi sue\u00f1o es que los j\u00f3venes tengan un futuro mejor\u201d.<\/p>\n<p style=\"text-align: justify;\">Finalmente, y en este mismo acto, el rector de la UAGro entreg\u00f3 200 t\u00edtulos a estudiantes que van a egresar de la extensi\u00f3n e inform\u00f3 que ahora, los t\u00edtulos ya no tienen foto, que se est\u00e1n aligerando los costos para los padres de familia \u201csomos la universidad pionera en el <img loading=\"lazy\" decoding=\"async\" class=\"alignleft size-medium wp-image-1257405\" src=\"https:\/\/www.acapulcopress.com\/wp-content\/uploads\/2023\/10\/UAGRO4-375x250.jpg\" alt=\"\" width=\"375\" height=\"250\" \/>pa\u00eds en esta modalidad, ahora traen c\u00f3digo QR porque estamos innovando y queremos ahorrarles ese dinero a sus padres que antes se gastaban mucho en el proceso de titulaci\u00f3n\u201d.<\/p>\n<p style=\"text-align: justify;\">En otro hecho, el rector de la m\u00e1xima casa de estudios tom\u00f3 protesta a Concepci\u00f3n Rojas Casarrubias como la nueva Coordinadora del Centro Regional de Educaci\u00f3n Superior Campus Costa Chica, donde tambi\u00e9n anunci\u00f3 la creaci\u00f3n de una casa de estudiantes. Salda\u00f1a Almaz\u00e1n finaliz\u00f3 su gira de trabajo en una reuni\u00f3n con trabajadores del STTAISUAGro de la regi\u00f3n de la Costa Chica, para celebrar el D\u00eda del Trabajador\u00a0Universitario.<\/p>\n<p><img loading=\"lazy\" decoding=\"async\" class=\"alignnone wp-image-1257404 size-large\" src=\"https:\/\/www.acapulcopress.com\/wp-content\/uploads\/2023\/10\/UAGRO3-840x559.jpg\" alt=\"\" width=\"696\" height=\"463\" \/><\/p>\n<p><img loading=\"lazy\" decoding=\"async\" class=\"alignnone wp-image-1257403 size-large\" src=\"https:\/\/www.acapulcopress.com\/wp-content\/uploads\/2023\/10\/UAGRO2-840x559.jpg\" alt=\"\" width=\"696\" height=\"463\" \/><\/p>\n<p style=\"text-align: justify;\"><em>] S\u00edguenos en Facebook.com\/<a href=\"https:\/\/www.facebook.com\/acapulcopress\" target=\"_blank\" rel=\"noopener\">acapulcopress<\/a><\/em><br \/>\n<em>] S\u00edguenos en Facebook.com\/<a href=\"https:\/\/www.facebook.com\/angelblanco.press\" target=\"_blank\" rel=\"noopener\">angelblanco.press<\/a><\/em><\/p>\n","protected":false},"excerpt":{"rendered":"<p>COSTA CHCA * Octubre 2, 2023. ) UAGro En gira de trabajo por la regi\u00f3n de la Costa Chica, el rector de la Universidad Aut\u00f3noma de Guerrero, Javier Salda\u00f1a Almaz\u00e1n, inaugur\u00f3 un nuevo m\u00f3dulo de aulas did\u00e1cticas en la Extensi\u00f3n de la Escuela Superior de Enfermer\u00eda No. 3, para mejorar las condiciones y la formaci\u00f3n&#8230;<\/p>\n","protected":false},"author":2,"featured_media":1257407,"comment_status":"closed","ping_status":"closed","sticky":false,"template":"","format":"standard","meta":{"footnotes":""},"categories":[1972,18561,2016],"tags":[10644,17609],"class_list":["post-1257400","post","type-post","status-publish","format-standard","has-post-thumbnail","hentry","category-special","category-society-politics","category-uagro-society-politics","tag-javier-saldana-almazan","tag-universidad-autonoma-de-guerrero"],"_links":{"self":[{"href":"https:\/\/www.acapulcopress.com\/index.php\/wp-json\/wp\/v2\/posts\/1257400","targetHints":{"allow":["GET"]}}],"collection":[{"href":"https:\/\/www.acapulcopress.com\/index.php\/wp-json\/wp\/v2\/posts"}],"about":[{"href":"https:\/\/www.acapulcopress.com\/index.php\/wp-json\/wp\/v2\/types\/post"}],"author":[{"embeddable":true,"href":"https:\/\/www.acapulcopress.com\/index.php\/wp-json\/wp\/v2\/users\/2"}],"replies":[{"embeddable":true,"href":"https:\/\/www.acapulcopress.com\/index.php\/wp-json\/wp\/v2\/comments?post=1257400"}],"version-history":[{"count":0,"href":"https:\/\/www.acapulcopress.com\/index.php\/wp-json\/wp\/v2\/posts\/1257400\/revisions"}],"wp:featuredmedia":[{"embeddable":true,"href":"https:\/\/www.acapulcopress.com\/index.php\/wp-json\/"}],"wp:attachment":[{"href":"https:\/\/www.acapulcopress.com\/index.php\/wp-json\/wp\/v2\/media?parent=1257400"}],"wp:term":[{"taxonomy":"category","embeddable":true,"href":"https:\/\/www.acapulcopress.com\/index.php\/wp-json\/wp\/v2\/categories?post=1257400"},{"taxonomy":"post_tag","embeddable":true,"href":"https:\/\/www.acapulcopress.com\/index.php\/wp-json\/wp\/v2\/tags?post=1257400"}],"curies":[{"name":"wp","href":"https:\/\/api.w.org\/{rel}","templated":true}]}}